{"id":32268,"date":"2024-10-05T23:18:00","date_gmt":"2024-10-05T21:18:00","guid":{"rendered":"https:\/\/kulturamoldava.sk\/?p=32268"},"modified":"2025-01-08T13:45:31","modified_gmt":"2025-01-08T12:45:31","slug":"tovarisi-v-zekeresi-tematicky-den-remesiel-5-10-2024","status":"publish","type":"post","link":"https:\/\/kulturamoldava.sk\/hu\/tovarisi-v-zekeresi-tematicky-den-remesiel-5-10-2024\/","title":{"rendered":"TOVARI\u0160I V ZEKERE\u0160I- tematick\u00fd de\u0148 remesiel 5.10.2024"},"content":{"rendered":"<p><strong>Boli ste u\u017e v Zekere\u0161i?<\/strong><br>Ak to e\u0161te neviete, <strong>Zekere\u0161 <\/strong>je historick\u00fd n\u00e1zov mesta Moldava nad Bodvou. Rozhodli sme sa, \u017ee v r\u00e1mci Gastrofestu v\u00e1m pribl\u00ed\u017eime remesl\u00e1, ktor\u00fdm sa venovali p\u00f4vodn\u00ed obyvatelia n\u00e1\u0161ho mesta a nau\u010d\u00edme sa \u010do-to o ich tvorivej pr\u00e1ci v\u010faka na\u0161im tovari\u0161om. V remeselnej z\u00f3ne v r\u00e1mci projektu s n\u00e1zvom <strong>Tovari\u0161i v Zekere\u0161i<\/strong>, <strong>ktor\u00fd bol realizovan\u00fd s finan\u010dnou podporou Fondu na podporu kult\u00fary n\u00e1rodnostn\u00fdch men\u0161\u00edn<\/strong> dostali priestor: modrotla\u010d, plstenie, medovnik\u00e1rstvo a v\u00fdroba keramiky. <\/p>\n\n\n\n<p>N\u00e1v\u0161tevn\u00edci sa u\u010dili vyr\u00e1ba\u0165<strong> indigom<\/strong> na modro farben\u00fa l\u00e1tku zdoben\u00fa potl\u00e1\u010dan\u00edm vzorov pomocou takzvanej rezervy \u2013 zmesi zamedzuj\u00facej zafarbenie l\u00e1tky v mieste vzoru. Ako sp\u00f4sob dekorovania l\u00e1tok zohrala v\u00fdznamn\u00fa \u00falohu v slovenskej, rovnako ako eur\u00f3pskej textilnej trad\u00edcii. Sme hrd\u00ed, \u017ee modrotla\u010d sa vyr\u00e1bala aj u n\u00e1s v Moldave, a tak je s\u00fa\u010das\u0165ou na\u0161ej kult\u00fary, ktor\u00fa sa sna\u017e\u00edme \u0161\u00edri\u0165 na podujatiach. Tie l\u00e1tky s\u00fa jednoducho n\u00e1dhern\u00e9, \u010do poviete? <\/p>\n\n\n\n<p><strong>Tradi\u010dn\u00e1 keramika<\/strong> m\u00e1 svoje \u010daro. Poctivo, ru\u010dne vyroben\u00e9 hrn\u010deky, misy \u010di taniere zdobili \u010fal\u0161\u00ed st\u00e1nok na\u0161ej remeselnej z\u00f3ny. Pani O\u013ega Schmiedtov\u00e1 u\u010dila n\u00e1v\u0161tevn\u00edkov ka\u017ed\u00fd pohyb, cel\u00fd postup v\u00fdroby krok po kroku, ako sa dopracova\u0165 k tak\u00fdmto origin\u00e1lnym k\u00faskom. Bolo rados\u0165 pozera\u0165 na ka\u017ed\u00fd jeden v\u00fdtvor. <\/p>\n\n\n\n<p><strong>Plstenie<\/strong> je parketa Jany Kov\u00e1csovej, ktor\u00e1 uk\u00e1zala, \u017ee origin\u00e1lne dar\u010deky sa vyr\u00e1baj\u00fa veru ru\u010dne. Plsti\u0165 znamen\u00e1 s obrovskou trpezlivos\u0165ou premeni\u0165 nespraden\u00e9 vlnen\u00e9 vl\u00e1kna na l\u00e1tku. Je to kr\u00e1sny relax a jeho v\u00fdsledkom s\u00fa napr\u00edklad tak\u00e9to kr\u00e1sne ply\u0161ov\u00e9 hra\u010dky. <\/p>\n\n\n\n<p>A to najslad\u0161ie nakoniec! Aj pani Erika Vranaiov\u00e1 je pevnou s\u00fa\u010das\u0165ou podujat\u00ed v \u0161\u00edrom okol\u00ed a u\u010d\u00ed v\u0161etk\u00fdch vyr\u00e1ba\u0165 a zdobi\u0165 tie najlep\u0161ie <strong>medovn\u00ed\u010dky<\/strong>. Tak ako, tr\u00fafate si na tieto Vianoce vyrobi\u0165 vlastn\u00e9? Tovari\u0161i v Zekere\u0161i s\u00fa v remesl\u00e1ch a my ich snahu \u0161\u00edri\u0165 na\u0161e trad\u00edcie ur\u010dite radi podpor\u00edme.<\/p>\n\n\n\n<p><strong>Volt\u00e1l m\u00e1r Szekeresfalv\u00e1n, vagy Zekeresben? <\/strong><\/p>\n\n\n\n<p>Ha esetleg m\u00e9g nem hallott\u00e1l err\u0151l, Szepsi v\u00e1ros\u00e1nak t\u00f6rt\u00e9nelmi megnevez\u00e9se ez. \u00dagy d\u00f6nt\u00f6tt\u00fcnk, hogy a Gasztrofesztiv\u00e1l keretein bel\u00fcl megismertetj\u00fck veletek azokat a mesters\u00e9geket, amelyeket v\u00e1rosunk egykori lak\u00f3i is v\u00e9geztek. Mestereink j\u00f3volt\u00e1b\u00f3l megismerked\u00fcnk a alkot\u00f3k\u00e9pess\u00e9g\u00fck n\u00e9h\u00e1ny r\u00e9szlet\u00e9vel. <\/p>\n\n\n\n<p>A <strong>&#8222;Tovari\u0161i v Zekere\u0161i&#8220;<\/strong> elnevez\u00e9s\u0171 projekt keretein bel\u00fcl a kialak\u00edtott k\u00e9zm\u0171ves z\u00f3n\u00e1ban helyet kapott a k\u00e9kfest\u00e9s, a nemezel\u00e9s, a m\u00e9zeskal\u00e1cs k\u00e9sz\u00edt\u00e9s \u00e9s a ker\u00e1miak\u00e9sz\u00edt\u00e9s. <strong>A Nemzetis\u00e9gi Kultur\u00e1lis Alap t\u00e1mogat\u00e1s\u00e1nak<\/strong> k\u00f6sz\u00f6nhet\u0151en a l\u00e1togat\u00f3k megismerhett\u00e9k, hogyan k\u00e9sz\u00edthetnek <strong>indig\u00f3val<\/strong> k\u00e9k sz\u00edn\u0171re festett anyagot, amelyet \u00fagynevezett &#8222;g\u00e1tl\u00f3r\u00e9szt&#8220;, az anyag mint\u00e1s r\u00e9szeinek elsz\u00ednez\u0151d\u00e9s\u00e9t megakad\u00e1lyoz\u00f3 kever\u00e9kkel nyomd\u00e1znak. Ez a dekor\u00e1ci\u00f3s m\u00f3dszer jelent\u0151s szerepet j\u00e1tszott a t\u00e9rs\u00e9g \u00e9s az eur\u00f3pai textil hagyom\u00e1nyokban. B\u00fcszk\u00e9k vagyunk arra, hogy Szepsiben is k\u00e9sz\u00edtettek k\u00e9kfest\u00e9st, \u00edgy ez a kult\u00farhagyom\u00e1nyaink r\u00e9sze, amelyet rendezv\u00e9nyeinken igyeksz\u00fcnk tov\u00e1bbadni. Ezek az anyagok egyszer\u0171en gy\u00f6ny\u00f6r\u0171ek. Ugye? <\/p>\n\n\n\n<p>A <strong>hagyom\u00e1nyos ker\u00e1mi\u00e1knak<\/strong> szint\u00e9n megvan a maga var\u00e1zsa. Gondosan, k\u00e9zzel k\u00e9sz\u00edtett b\u00f6gr\u00e9k, t\u00e1lak \u00e9s t\u00e1ny\u00e9rok d\u00edsz\u00edtett\u00e9k a k\u00e9zm\u0171ves z\u00f3n\u00e1nk tov\u00e1bbi standj\u00e1t. Schmiedtov\u00e1 Olga l\u00e9p\u00e9sr\u0151l l\u00e9p\u00e9sre tan\u00edtotta meg a l\u00e1togat\u00f3knak az egyes mozdulatokat, a teljes alkot\u00f3-folyamatot, hogyan lehet ilyen eredeti darabokat l\u00e9trehozni. \u00d6r\u00f6m volt l\u00e1tni minden egyes alkot\u00e1st. Kov\u00e1csov\u00e1 Jana seg\u00edts\u00e9g\u00e9vel a nemezel\u00e9s lett bemutatva, aki t\u00f6bbek k\u00f6z\u00f6tt megmutatta, hogy az egyedi aj\u00e1nd\u00e9kok val\u00f3ban k\u00e9zzel k\u00e9sz\u00fclnek. A <strong>nemezel\u00e9s<\/strong> nagy t\u00fcrelmet ig\u00e9nyel, mik\u00f6zben a fonatlan gyapj\u00fa sz\u00e1lakat anyagg\u00e1 alak\u00edtj\u00e1k. Ez egy gy\u00f6ny\u00f6r\u0171 kikapcsol\u00f3d\u00e1s, amelynek eredm\u00e9nye p\u00e9ld\u00e1ul sz\u00e9p pl\u00fcssj\u00e1t\u00e9kok is lehetnek. <\/p>\n\n\n\n<p>\u00c9s v\u00e9g\u00fcl a leg\u00e9desebb! Vranai Erika is szerves r\u00e9sze a k\u00f6rny\u00e9k rendezv\u00e9nyeinek, \u00e9s b\u00e1rkit megtan\u00edt a legjobb m\u00e9zeskal\u00e1csok elk\u00e9sz\u00edt\u00e9s\u00e9re \u00e9s d\u00edsz\u00edt\u00e9s\u00e9re. Nos, ha van kedved id\u00e9n kar\u00e1csonykor k\u00e9sz\u00edts saj\u00e1t <strong>m\u00e9zeskal\u00e1csokat<\/strong>. A projekten bel\u00fcl is de egy\u00e9nileg is, \u00f6r\u00f6mmel t\u00e1mogatjuk \u0151ket hagyom\u00e1nyaink \u00e1pol\u00e1s\u00e1ban \u00e9s annak tov\u00e1bbad\u00e1s\u00e1ban is.<\/p>\n\n\n\n<figure class=\"wp-block-gallery has-nested-images columns-default is-cropped wp-block-gallery-1 is-layout-flex wp-block-gallery-is-layout-flex\">\n<figure class=\"wp-block-image size-large\"><a href=\"https:\/\/kulturamoldava.sk\/wp-content\/uploads\/2025\/01\/24-10-05-Gastrofest-011.jpg\"><img loading=\"lazy\" decoding=\"async\" width=\"1024\" height=\"769\" data-id=\"32269\" src=\"https:\/\/kulturamoldava.sk\/wp-content\/uploads\/2025\/01\/24-10-05-Gastrofest-011-1024x769.jpg\" alt=\"\" class=\"wp-image-32269\" srcset=\"https:\/\/kulturamoldava.sk\/wp-content\/uploads\/2025\/01\/24-10-05-Gastrofest-011-1024x769.jpg 1024w, https:\/\/kulturamoldava.sk\/wp-content\/uploads\/2025\/01\/24-10-05-Gastrofest-011-300x225.jpg 300w, https:\/\/kulturamoldava.sk\/wp-content\/uploads\/2025\/01\/24-10-05-Gastrofest-011-768x577.jpg 768w, https:\/\/kulturamoldava.sk\/wp-content\/uploads\/2025\/01\/24-10-05-Gastrofest-011-1536x1154.jpg 1536w, https:\/\/kulturamoldava.sk\/wp-content\/uploads\/2025\/01\/24-10-05-Gastrofest-011-16x12.jpg 16w, https:\/\/kulturamoldava.sk\/wp-content\/uploads\/2025\/01\/24-10-05-Gastrofest-011-580x436.jpg 580w, https:\/\/kulturamoldava.sk\/wp-content\/uploads\/2025\/01\/24-10-05-Gastrofest-011-860x646.jpg 860w, https:\/\/kulturamoldava.sk\/wp-content\/uploads\/2025\/01\/24-10-05-Gastrofest-011-1160x871.jpg 1160w, https:\/\/kulturamoldava.sk\/wp-content\/uploads\/2025\/01\/24-10-05-Gastrofest-011-1320x991.jpg 1320w, https:\/\/kulturamoldava.sk\/wp-content\/uploads\/2025\/01\/24-10-05-Gastrofest-011-600x451.jpg 600w, https:\/\/kulturamoldava.sk\/wp-content\/uploads\/2025\/01\/24-10-05-Gastrofest-011.jpg 2048w\" sizes=\"auto, (max-width: 1024px) 100vw, 1024px\" \/><\/a><\/figure>\n\n\n\n<figure class=\"wp-block-image size-large\"><a href=\"https:\/\/kulturamoldava.sk\/wp-content\/uploads\/2025\/01\/24-10-05-Gastrofest-0121.jpg\"><img loading=\"lazy\" decoding=\"async\" width=\"1024\" height=\"769\" data-id=\"32282\" src=\"https:\/\/kulturamoldava.sk\/wp-content\/uploads\/2025\/01\/24-10-05-Gastrofest-0121-1024x769.jpg\" alt=\"\" class=\"wp-image-32282\" srcset=\"https:\/\/kulturamoldava.sk\/wp-content\/uploads\/2025\/01\/24-10-05-Gastrofest-0121-1024x769.jpg 1024w, https:\/\/kulturamoldava.sk\/wp-content\/uploads\/2025\/01\/24-10-05-Gastrofest-0121-300x225.jpg 300w, https:\/\/kulturamoldava.sk\/wp-content\/uploads\/2025\/01\/24-10-05-Gastrofest-0121-768x577.jpg 768w, https:\/\/kulturamoldava.sk\/wp-content\/uploads\/2025\/01\/24-10-05-Gastrofest-0121-1536x1154.jpg 1536w, https:\/\/kulturamoldava.sk\/wp-content\/uploads\/2025\/01\/24-10-05-Gastrofest-0121-16x12.jpg 16w, https:\/\/kulturamoldava.sk\/wp-content\/uploads\/2025\/01\/24-10-05-Gastrofest-0121-580x436.jpg 580w, https:\/\/kulturamoldava.sk\/wp-content\/uploads\/2025\/01\/24-10-05-Gastrofest-0121-860x646.jpg 860w, https:\/\/kulturamoldava.sk\/wp-content\/uploads\/2025\/01\/24-10-05-Gastrofest-0121-1160x871.jpg 1160w, https:\/\/kulturamoldava.sk\/wp-content\/uploads\/2025\/01\/24-10-05-Gastrofest-0121-1320x991.jpg 1320w, https:\/\/kulturamoldava.sk\/wp-content\/uploads\/2025\/01\/24-10-05-Gastrofest-0121-600x451.jpg 600w, https:\/\/kulturamoldava.sk\/wp-content\/uploads\/2025\/01\/24-10-05-Gastrofest-0121.jpg 2048w\" sizes=\"auto, (max-width: 1024px) 100vw, 1024px\" \/><\/a><\/figure>\n\n\n\n<figure class=\"wp-block-image size-large\"><a href=\"https:\/\/kulturamoldava.sk\/wp-content\/uploads\/2025\/01\/24-10-05-Gastrofest-022.jpg\"><img loading=\"lazy\" decoding=\"async\" width=\"1024\" height=\"769\" data-id=\"32290\" src=\"https:\/\/kulturamoldava.sk\/wp-content\/uploads\/2025\/01\/24-10-05-Gastrofest-022-1024x769.jpg\" alt=\"\" class=\"wp-image-32290\" srcset=\"https:\/\/kulturamoldava.sk\/wp-content\/uploads\/2025\/01\/24-10-05-Gastrofest-022-1024x769.jpg 1024w, https:\/\/kulturamoldava.sk\/wp-content\/uploads\/2025\/01\/24-10-05-Gastrofest-022-300x225.jpg 300w, https:\/\/kulturamoldava.sk\/wp-content\/uploads\/2025\/01\/24-10-05-Gastrofest-022-768x577.jpg 768w, https:\/\/kulturamoldava.sk\/wp-content\/uploads\/2025\/01\/24-10-05-Gastrofest-022-1536x1154.jpg 1536w, https:\/\/kulturamoldava.sk\/wp-content\/uploads\/2025\/01\/24-10-05-Gastrofest-022-16x12.jpg 16w, https:\/\/kulturamoldava.sk\/wp-content\/uploads\/2025\/01\/24-10-05-Gastrofest-022-580x436.jpg 580w, https:\/\/kulturamoldava.sk\/wp-content\/uploads\/2025\/01\/24-10-05-Gastrofest-022-860x646.jpg 860w, https:\/\/kulturamoldava.sk\/wp-content\/uploads\/2025\/01\/24-10-05-Gastrofest-022-1160x871.jpg 1160w, https:\/\/kulturamoldava.sk\/wp-content\/uploads\/2025\/01\/24-10-05-Gastrofest-022-1320x991.jpg 1320w, https:\/\/kulturamoldava.sk\/wp-content\/uploads\/2025\/01\/24-10-05-Gastrofest-022-600x451.jpg 600w, https:\/\/kulturamoldava.sk\/wp-content\/uploads\/2025\/01\/24-10-05-Gastrofest-022.jpg 2048w\" sizes=\"auto, (max-width: 1024px) 100vw, 1024px\" \/><\/a><\/figure>\n\n\n\n<figure class=\"wp-block-image size-large\"><a href=\"https:\/\/kulturamoldava.sk\/wp-content\/uploads\/2025\/01\/24-10-05-Gastrofest-025.jpg\"><img loading=\"lazy\" decoding=\"async\" width=\"1024\" height=\"769\" data-id=\"32285\" src=\"https:\/\/kulturamoldava.sk\/wp-content\/uploads\/2025\/01\/24-10-05-Gastrofest-025-1024x769.jpg\" alt=\"\" class=\"wp-image-32285\" srcset=\"https:\/\/kulturamoldava.sk\/wp-content\/uploads\/2025\/01\/24-10-05-Gastrofest-025-1024x769.jpg 1024w, https:\/\/kulturamoldava.sk\/wp-content\/uploads\/2025\/01\/24-10-05-Gastrofest-025-300x225.jpg 300w, https:\/\/kulturamoldava.sk\/wp-content\/uploads\/2025\/01\/24-10-05-Gastrofest-025-768x577.jpg 768w, https:\/\/kulturamoldava.sk\/wp-content\/uploads\/2025\/01\/24-10-05-Gastrofest-025-1536x1154.jpg 1536w, https:\/\/kulturamoldava.sk\/wp-content\/uploads\/2025\/01\/24-10-05-Gastrofest-025-16x12.jpg 16w, https:\/\/kulturamoldava.sk\/wp-content\/uploads\/2025\/01\/24-10-05-Gastrofest-025-580x436.jpg 580w, https:\/\/kulturamoldava.sk\/wp-content\/uploads\/2025\/01\/24-10-05-Gastrofest-025-860x646.jpg 860w, https:\/\/kulturamoldava.sk\/wp-content\/uploads\/2025\/01\/24-10-05-Gastrofest-025-1160x871.jpg 1160w, https:\/\/kulturamoldava.sk\/wp-content\/uploads\/2025\/01\/24-10-05-Gastrofest-025-1320x991.jpg 1320w, https:\/\/kulturamoldava.sk\/wp-content\/uploads\/2025\/01\/24-10-05-Gastrofest-025-600x451.jpg 600w, https:\/\/kulturamoldava.sk\/wp-content\/uploads\/2025\/01\/24-10-05-Gastrofest-025.jpg 2048w\" sizes=\"auto, (max-width: 1024px) 100vw, 1024px\" \/><\/a><\/figure>\n\n\n\n<figure class=\"wp-block-image size-large\"><a href=\"https:\/\/kulturamoldava.sk\/wp-content\/uploads\/2025\/01\/24-10-05-Gastrofest-026.jpg\"><img loading=\"lazy\" decoding=\"async\" width=\"1024\" height=\"769\" data-id=\"32283\" src=\"https:\/\/kulturamoldava.sk\/wp-content\/uploads\/2025\/01\/24-10-05-Gastrofest-026-1024x769.jpg\" alt=\"\" class=\"wp-image-32283\" srcset=\"https:\/\/kulturamoldava.sk\/wp-content\/uploads\/2025\/01\/24-10-05-Gastrofest-026-1024x769.jpg 1024w, https:\/\/kulturamoldava.sk\/wp-content\/uploads\/2025\/01\/24-10-05-Gastrofest-026-300x225.jpg 300w, https:\/\/kulturamoldava.sk\/wp-content\/uploads\/2025\/01\/24-10-05-Gastrofest-026-768x577.jpg 768w, https:\/\/kulturamoldava.sk\/wp-content\/uploads\/2025\/01\/24-10-05-Gastrofest-026-1536x1154.jpg 1536w, https:\/\/kulturamoldava.sk\/wp-content\/uploads\/2025\/01\/24-10-05-Gastrofest-026-16x12.jpg 16w, https:\/\/kulturamoldava.sk\/wp-content\/uploads\/2025\/01\/24-10-05-Gastrofest-026-580x436.jpg 580w, https:\/\/kulturamoldava.sk\/wp-content\/uploads\/2025\/01\/24-10-05-Gastrofest-026-860x646.jpg 860w, https:\/\/kulturamoldava.sk\/wp-content\/uploads\/2025\/01\/24-10-05-Gastrofest-026-1160x871.jpg 1160w, https:\/\/kulturamoldava.sk\/wp-content\/uploads\/2025\/01\/24-10-05-Gastrofest-026-1320x991.jpg 1320w, https:\/\/kulturamoldava.sk\/wp-content\/uploads\/2025\/01\/24-10-05-Gastrofest-026-600x451.jpg 600w, https:\/\/kulturamoldava.sk\/wp-content\/uploads\/2025\/01\/24-10-05-Gastrofest-026.jpg 2048w\" sizes=\"auto, (max-width: 1024px) 100vw, 1024px\" \/><\/a><\/figure>\n\n\n\n<figure class=\"wp-block-image size-large\"><a href=\"https:\/\/kulturamoldava.sk\/wp-content\/uploads\/2025\/01\/24-10-05-Gastrofest-027.jpg\"><img loading=\"lazy\" decoding=\"async\" width=\"1024\" height=\"769\" data-id=\"32289\" src=\"https:\/\/kulturamoldava.sk\/wp-content\/uploads\/2025\/01\/24-10-05-Gastrofest-027-1024x769.jpg\" alt=\"\" class=\"wp-image-32289\" srcset=\"https:\/\/kulturamoldava.sk\/wp-content\/uploads\/2025\/01\/24-10-05-Gastrofest-027-1024x769.jpg 1024w, https:\/\/kulturamoldava.sk\/wp-content\/uploads\/2025\/01\/24-10-05-Gastrofest-027-300x225.jpg 300w, https:\/\/kulturamoldava.sk\/wp-content\/uploads\/2025\/01\/24-10-05-Gastrofest-027-768x577.jpg 768w, https:\/\/kulturamoldava.sk\/wp-content\/uploads\/2025\/01\/24-10-05-Gastrofest-027-1536x1154.jpg 1536w, https:\/\/kulturamoldava.sk\/wp-content\/uploads\/2025\/01\/24-10-05-Gastrofest-027-16x12.jpg 16w, https:\/\/kulturamoldava.sk\/wp-content\/uploads\/2025\/01\/24-10-05-Gastrofest-027-580x436.jpg 580w, https:\/\/kulturamoldava.sk\/wp-content\/uploads\/2025\/01\/24-10-05-Gastrofest-027-860x646.jpg 860w, https:\/\/kulturamoldava.sk\/wp-content\/uploads\/2025\/01\/24-10-05-Gastrofest-027-1160x871.jpg 1160w, https:\/\/kulturamoldava.sk\/wp-content\/uploads\/2025\/01\/24-10-05-Gastrofest-027-1320x991.jpg 1320w, https:\/\/kulturamoldava.sk\/wp-content\/uploads\/2025\/01\/24-10-05-Gastrofest-027-600x451.jpg 600w, https:\/\/kulturamoldava.sk\/wp-content\/uploads\/2025\/01\/24-10-05-Gastrofest-027.jpg 2048w\" sizes=\"auto, (max-width: 1024px) 100vw, 1024px\" \/><\/a><\/figure>\n\n\n\n<figure class=\"wp-block-image size-large\"><a href=\"https:\/\/kulturamoldava.sk\/wp-content\/uploads\/2025\/01\/24-10-05-Gastrofest-031.jpg\"><img loading=\"lazy\" decoding=\"async\" width=\"1024\" height=\"769\" data-id=\"32273\" src=\"https:\/\/kulturamoldava.sk\/wp-content\/uploads\/2025\/01\/24-10-05-Gastrofest-031-1024x769.jpg\" alt=\"\" class=\"wp-image-32273\" srcset=\"https:\/\/kulturamoldava.sk\/wp-content\/uploads\/2025\/01\/24-10-05-Gastrofest-031-1024x769.jpg 1024w, https:\/\/kulturamoldava.sk\/wp-content\/uploads\/2025\/01\/24-10-05-Gastrofest-031-300x225.jpg 300w, https:\/\/kulturamoldava.sk\/wp-content\/uploads\/2025\/01\/24-10-05-Gastrofest-031-768x577.jpg 768w, https:\/\/kulturamoldava.sk\/wp-content\/uploads\/2025\/01\/24-10-05-Gastrofest-031-1536x1154.jpg 1536w, https:\/\/kulturamoldava.sk\/wp-content\/uploads\/2025\/01\/24-10-05-Gastrofest-031-16x12.jpg 16w, https:\/\/kulturamoldava.sk\/wp-content\/uploads\/2025\/01\/24-10-05-Gastrofest-031-580x436.jpg 580w, https:\/\/kulturamoldava.sk\/wp-content\/uploads\/2025\/01\/24-10-05-Gastrofest-031-860x646.jpg 860w, https:\/\/kulturamoldava.sk\/wp-content\/uploads\/2025\/01\/24-10-05-Gastrofest-031-1160x871.jpg 1160w, https:\/\/kulturamoldava.sk\/wp-content\/uploads\/2025\/01\/24-10-05-Gastrofest-031-1320x991.jpg 1320w, https:\/\/kulturamoldava.sk\/wp-content\/uploads\/2025\/01\/24-10-05-Gastrofest-031-600x451.jpg 600w, https:\/\/kulturamoldava.sk\/wp-content\/uploads\/2025\/01\/24-10-05-Gastrofest-031.jpg 2048w\" sizes=\"auto, (max-width: 1024px) 100vw, 1024px\" \/><\/a><\/figure>\n\n\n\n<figure class=\"wp-block-image size-large\"><a href=\"https:\/\/kulturamoldava.sk\/wp-content\/uploads\/2025\/01\/24-10-05-Gastrofest-032.jpg\"><img loading=\"lazy\" decoding=\"async\" width=\"1024\" height=\"769\" data-id=\"32316\" src=\"https:\/\/kulturamoldava.sk\/wp-content\/uploads\/2025\/01\/24-10-05-Gastrofest-032-1024x769.jpg\" alt=\"\" class=\"wp-image-32316\" srcset=\"https:\/\/kulturamoldava.sk\/wp-content\/uploads\/2025\/01\/24-10-05-Gastrofest-032-1024x769.jpg 1024w, https:\/\/kulturamoldava.sk\/wp-content\/uploads\/2025\/01\/24-10-05-Gastrofest-032-300x225.jpg 300w, https:\/\/kulturamoldava.sk\/wp-content\/uploads\/2025\/01\/24-10-05-Gastrofest-032-768x577.jpg 768w, https:\/\/kulturamoldava.sk\/wp-content\/uploads\/2025\/01\/24-10-05-Gastrofest-032-1536x1154.jpg 1536w, https:\/\/kulturamoldava.sk\/wp-content\/uploads\/2025\/01\/24-10-05-Gastrofest-032-16x12.jpg 16w, https:\/\/kulturamoldava.sk\/wp-content\/uploads\/2025\/01\/24-10-05-Gastrofest-032-580x436.jpg 580w, https:\/\/kulturamoldava.sk\/wp-content\/uploads\/2025\/01\/24-10-05-Gastrofest-032-860x646.jpg 860w, https:\/\/kulturamoldava.sk\/wp-content\/uploads\/2025\/01\/24-10-05-Gastrofest-032-1160x871.jpg 1160w, https:\/\/kulturamoldava.sk\/wp-content\/uploads\/2025\/01\/24-10-05-Gastrofest-032-1320x991.jpg 1320w, https:\/\/kulturamoldava.sk\/wp-content\/uploads\/2025\/01\/24-10-05-Gastrofest-032-600x451.jpg 600w, https:\/\/kulturamoldava.sk\/wp-content\/uploads\/2025\/01\/24-10-05-Gastrofest-032.jpg 2048w\" sizes=\"auto, (max-width: 1024px) 100vw, 1024px\" \/><\/a><\/figure>\n\n\n\n<figure class=\"wp-block-image size-large\"><a href=\"https:\/\/kulturamoldava.sk\/wp-content\/uploads\/2025\/01\/24-10-05-Gastrofest-033.jpg\"><img loading=\"lazy\" decoding=\"async\" width=\"1024\" height=\"769\" data-id=\"32276\" src=\"https:\/\/kulturamoldava.sk\/wp-content\/uploads\/2025\/01\/24-10-05-Gastrofest-033-1024x769.jpg\" alt=\"\" class=\"wp-image-32276\" srcset=\"https:\/\/kulturamoldava.sk\/wp-content\/uploads\/2025\/01\/24-10-05-Gastrofest-033-1024x769.jpg 1024w, https:\/\/kulturamoldava.sk\/wp-content\/uploads\/2025\/01\/24-10-05-Gastrofest-033-300x225.jpg 300w, https:\/\/kulturamoldava.sk\/wp-content\/uploads\/2025\/01\/24-10-05-Gastrofest-033-768x577.jpg 768w, https:\/\/kulturamoldava.sk\/wp-content\/uploads\/2025\/01\/24-10-05-Gastrofest-033-1536x1154.jpg 1536w, https:\/\/kulturamoldava.sk\/wp-content\/uploads\/2025\/01\/24-10-05-Gastrofest-033-16x12.jpg 16w, https:\/\/kulturamoldava.sk\/wp-content\/uploads\/2025\/01\/24-10-05-Gastrofest-033-580x436.jpg 580w, https:\/\/kulturamoldava.sk\/wp-content\/uploads\/2025\/01\/24-10-05-Gastrofest-033-860x646.jpg 860w, https:\/\/kulturamoldava.sk\/wp-content\/uploads\/2025\/01\/24-10-05-Gastrofest-033-1160x871.jpg 1160w, https:\/\/kulturamoldava.sk\/wp-content\/uploads\/2025\/01\/24-10-05-Gastrofest-033-1320x991.jpg 1320w, https:\/\/kulturamoldava.sk\/wp-content\/uploads\/2025\/01\/24-10-05-Gastrofest-033-600x451.jpg 600w, https:\/\/kulturamoldava.sk\/wp-content\/uploads\/2025\/01\/24-10-05-Gastrofest-033.jpg 2048w\" sizes=\"auto, (max-width: 1024px) 100vw, 1024px\" \/><\/a><\/figure>\n\n\n\n<figure class=\"wp-block-image size-large\"><a href=\"https:\/\/kulturamoldava.sk\/wp-content\/uploads\/2025\/01\/24-10-05-Gastrofest-034.jpg\"><img loading=\"lazy\" decoding=\"async\" width=\"1024\" height=\"769\" data-id=\"32308\" src=\"https:\/\/kulturamoldava.sk\/wp-content\/uploads\/2025\/01\/24-10-05-Gastrofest-034-1024x769.jpg\" alt=\"\" class=\"wp-image-32308\" srcset=\"https:\/\/kulturamoldava.sk\/wp-content\/uploads\/2025\/01\/24-10-05-Gastrofest-034-1024x769.jpg 1024w, https:\/\/kulturamoldava.sk\/wp-content\/uploads\/2025\/01\/24-10-05-Gastrofest-034-300x225.jpg 300w, https:\/\/kulturamoldava.sk\/wp-content\/uploads\/2025\/01\/24-10-05-Gastrofest-034-768x577.jpg 768w, https:\/\/kulturamoldava.sk\/wp-content\/uploads\/2025\/01\/24-10-05-Gastrofest-034-1536x1154.jpg 1536w, https:\/\/kulturamoldava.sk\/wp-content\/uploads\/2025\/01\/24-10-05-Gastrofest-034-16x12.jpg 16w, https:\/\/kulturamoldava.sk\/wp-content\/uploads\/2025\/01\/24-10-05-Gastrofest-034-580x436.jpg 580w, https:\/\/kulturamoldava.sk\/wp-content\/uploads\/2025\/01\/24-10-05-Gastrofest-034-860x646.jpg 860w, https:\/\/kulturamoldava.sk\/wp-content\/uploads\/2025\/01\/24-10-05-Gastrofest-034-1160x871.jpg 1160w, https:\/\/kulturamoldava.sk\/wp-content\/uploads\/2025\/01\/24-10-05-Gastrofest-034-1320x991.jpg 1320w, https:\/\/kulturamoldava.sk\/wp-content\/uploads\/2025\/01\/24-10-05-Gastrofest-034-600x451.jpg 600w, https:\/\/kulturamoldava.sk\/wp-content\/uploads\/2025\/01\/24-10-05-Gastrofest-034.jpg 2048w\" sizes=\"auto, (max-width: 1024px) 100vw, 1024px\" \/><\/a><\/figure>\n\n\n\n<figure class=\"wp-block-image size-large\"><a href=\"https:\/\/kulturamoldava.sk\/wp-content\/uploads\/2025\/01\/24-10-05-Gastrofest-041.jpg\"><img loading=\"lazy\" decoding=\"async\" width=\"1024\" height=\"769\" data-id=\"32302\" src=\"https:\/\/kulturamoldava.sk\/wp-content\/uploads\/2025\/01\/24-10-05-Gastrofest-041-1024x769.jpg\" alt=\"\" class=\"wp-image-32302\" srcset=\"https:\/\/kulturamoldava.sk\/wp-content\/uploads\/2025\/01\/24-10-05-Gastrofest-041-1024x769.jpg 1024w, https:\/\/kulturamoldava.sk\/wp-content\/uploads\/2025\/01\/24-10-05-Gastrofest-041-300x225.jpg 300w, https:\/\/kulturamoldava.sk\/wp-content\/uploads\/2025\/01\/24-10-05-Gastrofest-041-768x577.jpg 768w, https:\/\/kulturamoldava.sk\/wp-content\/uploads\/2025\/01\/24-10-05-Gastrofest-041-1536x1154.jpg 1536w, https:\/\/kulturamoldava.sk\/wp-content\/uploads\/2025\/01\/24-10-05-Gastrofest-041-16x12.jpg 16w, https:\/\/kulturamoldava.sk\/wp-content\/uploads\/2025\/01\/24-10-05-Gastrofest-041-580x436.jpg 580w, https:\/\/kulturamoldava.sk\/wp-content\/uploads\/2025\/01\/24-10-05-Gastrofest-041-860x646.jpg 860w, https:\/\/kulturamoldava.sk\/wp-content\/uploads\/2025\/01\/24-10-05-Gastrofest-041-1160x871.jpg 1160w, https:\/\/kulturamoldava.sk\/wp-content\/uploads\/2025\/01\/24-10-05-Gastrofest-041-1320x991.jpg 1320w, https:\/\/kulturamoldava.sk\/wp-content\/uploads\/2025\/01\/24-10-05-Gastrofest-041-600x451.jpg 600w, https:\/\/kulturamoldava.sk\/wp-content\/uploads\/2025\/01\/24-10-05-Gastrofest-041.jpg 2048w\" sizes=\"auto, (max-width: 1024px) 100vw, 1024px\" \/><\/a><\/figure>\n\n\n\n<figure class=\"wp-block-image size-large\"><a href=\"https:\/\/kulturamoldava.sk\/wp-content\/uploads\/2025\/01\/24-10-05-Gastrofest-042.jpg\"><img loading=\"lazy\" decoding=\"async\" width=\"1024\" height=\"769\" data-id=\"32277\" src=\"https:\/\/kulturamoldava.sk\/wp-content\/uploads\/2025\/01\/24-10-05-Gastrofest-042-1024x769.jpg\" alt=\"\" class=\"wp-image-32277\" srcset=\"https:\/\/kulturamoldava.sk\/wp-content\/uploads\/2025\/01\/24-10-05-Gastrofest-042-1024x769.jpg 1024w, https:\/\/kulturamoldava.sk\/wp-content\/uploads\/2025\/01\/24-10-05-Gastrofest-042-300x225.jpg 300w, https:\/\/kulturamoldava.sk\/wp-content\/uploads\/2025\/01\/24-10-05-Gastrofest-042-768x577.jpg 768w, https:\/\/kulturamoldava.sk\/wp-content\/uploads\/2025\/01\/24-10-05-Gastrofest-042-1536x1154.jpg 1536w, https:\/\/kulturamoldava.sk\/wp-content\/uploads\/2025\/01\/24-10-05-Gastrofest-042-16x12.jpg 16w, https:\/\/kulturamoldava.sk\/wp-content\/uploads\/2025\/01\/24-10-05-Gastrofest-042-580x436.jpg 580w, https:\/\/kulturamoldava.sk\/wp-content\/uploads\/2025\/01\/24-10-05-Gastrofest-042-860x646.jpg 860w, https:\/\/kulturamoldava.sk\/wp-content\/uploads\/2025\/01\/24-10-05-Gastrofest-042-1160x871.jpg 1160w, https:\/\/kulturamoldava.sk\/wp-content\/uploads\/2025\/01\/24-10-05-Gastrofest-042-1320x991.jpg 1320w, https:\/\/kulturamoldava.sk\/wp-content\/uploads\/2025\/01\/24-10-05-Gastrofest-042-600x451.jpg 600w, https:\/\/kulturamoldava.sk\/wp-content\/uploads\/2025\/01\/24-10-05-Gastrofest-042.jpg 2048w\" sizes=\"auto, (max-width: 1024px) 100vw, 1024px\" \/><\/a><\/figure>\n\n\n\n<figure class=\"wp-block-image size-large\"><a href=\"https:\/\/kulturamoldava.sk\/wp-content\/uploads\/2025\/01\/24-10-05-Gastrofest-058.jpg\"><img loading=\"lazy\" decoding=\"async\" width=\"1024\" height=\"769\" data-id=\"32274\" src=\"https:\/\/kulturamoldava.sk\/wp-content\/uploads\/2025\/01\/24-10-05-Gastrofest-058-1024x769.jpg\" alt=\"\" class=\"wp-image-32274\" srcset=\"https:\/\/kulturamoldava.sk\/wp-content\/uploads\/2025\/01\/24-10-05-Gastrofest-058-1024x769.jpg 1024w, https:\/\/kulturamoldava.sk\/wp-content\/uploads\/2025\/01\/24-10-05-Gastrofest-058-300x225.jpg 300w, https:\/\/kulturamoldava.sk\/wp-content\/uploads\/2025\/01\/24-10-05-Gastrofest-058-768x577.jpg 768w, https:\/\/kulturamoldava.sk\/wp-content\/uploads\/2025\/01\/24-10-05-Gastrofest-058-1536x1154.jpg 1536w, https:\/\/kulturamoldava.sk\/wp-content\/uploads\/2025\/01\/24-10-05-Gastrofest-058-16x12.jpg 16w, https:\/\/kulturamoldava.sk\/wp-content\/uploads\/2025\/01\/24-10-05-Gastrofest-058-580x436.jpg 580w, https:\/\/kulturamoldava.sk\/wp-content\/uploads\/2025\/01\/24-10-05-Gastrofest-058-860x646.jpg 860w, https:\/\/kulturamoldava.sk\/wp-content\/uploads\/2025\/01\/24-10-05-Gastrofest-058-1160x871.jpg 1160w, https:\/\/kulturamoldava.sk\/wp-content\/uploads\/2025\/01\/24-10-05-Gastrofest-058-1320x991.jpg 1320w, https:\/\/kulturamoldava.sk\/wp-content\/uploads\/2025\/01\/24-10-05-Gastrofest-058-600x451.jpg 600w, https:\/\/kulturamoldava.sk\/wp-content\/uploads\/2025\/01\/24-10-05-Gastrofest-058.jpg 2048w\" sizes=\"auto, (max-width: 1024px) 100vw, 1024px\" \/><\/a><\/figure>\n\n\n\n<figure class=\"wp-block-image size-large\"><a href=\"https:\/\/kulturamoldava.sk\/wp-content\/uploads\/2025\/01\/24-10-05-Gastrofest-059.jpg\"><img loading=\"lazy\" decoding=\"async\" width=\"769\" height=\"1024\" data-id=\"32271\" src=\"https:\/\/kulturamoldava.sk\/wp-content\/uploads\/2025\/01\/24-10-05-Gastrofest-059-769x1024.jpg\" alt=\"\" class=\"wp-image-32271\" srcset=\"https:\/\/kulturamoldava.sk\/wp-content\/uploads\/2025\/01\/24-10-05-Gastrofest-059-769x1024.jpg 769w, https:\/\/kulturamoldava.sk\/wp-content\/uploads\/2025\/01\/24-10-05-Gastrofest-059-225x300.jpg 225w, https:\/\/kulturamoldava.sk\/wp-content\/uploads\/2025\/01\/24-10-05-Gastrofest-059-768x1023.jpg 768w, https:\/\/kulturamoldava.sk\/wp-content\/uploads\/2025\/01\/24-10-05-Gastrofest-059-1154x1536.jpg 1154w, https:\/\/kulturamoldava.sk\/wp-content\/uploads\/2025\/01\/24-10-05-Gastrofest-059-9x12.jpg 9w, https:\/\/kulturamoldava.sk\/wp-content\/uploads\/2025\/01\/24-10-05-Gastrofest-059-580x772.jpg 580w, https:\/\/kulturamoldava.sk\/wp-content\/uploads\/2025\/01\/24-10-05-Gastrofest-059-860x1145.jpg 860w, https:\/\/kulturamoldava.sk\/wp-content\/uploads\/2025\/01\/24-10-05-Gastrofest-059-1160x1545.jpg 1160w, https:\/\/kulturamoldava.sk\/wp-content\/uploads\/2025\/01\/24-10-05-Gastrofest-059-1320x1758.jpg 1320w, https:\/\/kulturamoldava.sk\/wp-content\/uploads\/2025\/01\/24-10-05-Gastrofest-059-600x799.jpg 600w, https:\/\/kulturamoldava.sk\/wp-content\/uploads\/2025\/01\/24-10-05-Gastrofest-059.jpg 1538w\" sizes=\"auto, (max-width: 769px) 100vw, 769px\" \/><\/a><\/figure>\n\n\n\n<figure class=\"wp-block-image size-large\"><a href=\"https:\/\/kulturamoldava.sk\/wp-content\/uploads\/2025\/01\/24-10-05-Gastrofest-081.jpg\"><img loading=\"lazy\" decoding=\"async\" width=\"1024\" height=\"769\" data-id=\"32291\" src=\"https:\/\/kulturamoldava.sk\/wp-content\/uploads\/2025\/01\/24-10-05-Gastrofest-081-1024x769.jpg\" alt=\"\" class=\"wp-image-32291\" srcset=\"https:\/\/kulturamoldava.sk\/wp-content\/uploads\/2025\/01\/24-10-05-Gastrofest-081-1024x769.jpg 1024w, https:\/\/kulturamoldava.sk\/wp-content\/uploads\/2025\/01\/24-10-05-Gastrofest-081-300x225.jpg 300w, https:\/\/kulturamoldava.sk\/wp-content\/uploads\/2025\/01\/24-10-05-Gastrofest-081-768x577.jpg 768w, https:\/\/kulturamoldava.sk\/wp-content\/uploads\/2025\/01\/24-10-05-Gastrofest-081-1536x1154.jpg 1536w, https:\/\/kulturamoldava.sk\/wp-content\/uploads\/2025\/01\/24-10-05-Gastrofest-081-16x12.jpg 16w, https:\/\/kulturamoldava.sk\/wp-content\/uploads\/2025\/01\/24-10-05-Gastrofest-081-580x436.jpg 580w, https:\/\/kulturamoldava.sk\/wp-content\/uploads\/2025\/01\/24-10-05-Gastrofest-081-860x646.jpg 860w, https:\/\/kulturamoldava.sk\/wp-content\/uploads\/2025\/01\/24-10-05-Gastrofest-081-1160x871.jpg 1160w, https:\/\/kulturamoldava.sk\/wp-content\/uploads\/2025\/01\/24-10-05-Gastrofest-081-1320x991.jpg 1320w, https:\/\/kulturamoldava.sk\/wp-content\/uploads\/2025\/01\/24-10-05-Gastrofest-081-600x451.jpg 600w, https:\/\/kulturamoldava.sk\/wp-content\/uploads\/2025\/01\/24-10-05-Gastrofest-081.jpg 2048w\" sizes=\"auto, (max-width: 1024px) 100vw, 1024px\" \/><\/a><\/figure>\n\n\n\n<figure class=\"wp-block-image size-large\"><a href=\"https:\/\/kulturamoldava.sk\/wp-content\/uploads\/2025\/01\/24-10-05-Gastrofest-085.jpg\"><img loading=\"lazy\" decoding=\"async\" width=\"1024\" height=\"769\" data-id=\"32355\" src=\"https:\/\/kulturamoldava.sk\/wp-content\/uploads\/2025\/01\/24-10-05-Gastrofest-085-1024x769.jpg\" alt=\"\" class=\"wp-image-32355\" srcset=\"https:\/\/kulturamoldava.sk\/wp-content\/uploads\/2025\/01\/24-10-05-Gastrofest-085-1024x769.jpg 1024w, https:\/\/kulturamoldava.sk\/wp-content\/uploads\/2025\/01\/24-10-05-Gastrofest-085-300x225.jpg 300w, https:\/\/kulturamoldava.sk\/wp-content\/uploads\/2025\/01\/24-10-05-Gastrofest-085-768x577.jpg 768w, https:\/\/kulturamoldava.sk\/wp-content\/uploads\/2025\/01\/24-10-05-Gastrofest-085-1536x1154.jpg 1536w, https:\/\/kulturamoldava.sk\/wp-content\/uploads\/2025\/01\/24-10-05-Gastrofest-085-16x12.jpg 16w, https:\/\/kulturamoldava.sk\/wp-content\/uploads\/2025\/01\/24-10-05-Gastrofest-085-580x436.jpg 580w, https:\/\/kulturamoldava.sk\/wp-content\/uploads\/2025\/01\/24-10-05-Gastrofest-085-860x646.jpg 860w, https:\/\/kulturamoldava.sk\/wp-content\/uploads\/2025\/01\/24-10-05-Gastrofest-085-1160x871.jpg 1160w, https:\/\/kulturamoldava.sk\/wp-content\/uploads\/2025\/01\/24-10-05-Gastrofest-085-1320x991.jpg 1320w, https:\/\/kulturamoldava.sk\/wp-content\/uploads\/2025\/01\/24-10-05-Gastrofest-085-600x451.jpg 600w, https:\/\/kulturamoldava.sk\/wp-content\/uploads\/2025\/01\/24-10-05-Gastrofest-085.jpg 2048w\" sizes=\"auto, (max-width: 1024px) 100vw, 1024px\" \/><\/a><\/figure>\n\n\n\n<figure class=\"wp-block-image size-large\"><a href=\"https:\/\/kulturamoldava.sk\/wp-content\/uploads\/2025\/01\/24-10-05-Gastrofest-0901.jpg\"><img loading=\"lazy\" decoding=\"async\" width=\"1024\" height=\"768\" data-id=\"32315\" src=\"https:\/\/kulturamoldava.sk\/wp-content\/uploads\/2025\/01\/24-10-05-Gastrofest-0901-1024x768.jpg\" alt=\"\" class=\"wp-image-32315\" srcset=\"https:\/\/kulturamoldava.sk\/wp-content\/uploads\/2025\/01\/24-10-05-Gastrofest-0901-1024x768.jpg 1024w, https:\/\/kulturamoldava.sk\/wp-content\/uploads\/2025\/01\/24-10-05-Gastrofest-0901-300x225.jpg 300w, https:\/\/kulturamoldava.sk\/wp-content\/uploads\/2025\/01\/24-10-05-Gastrofest-0901-768x576.jpg 768w, https:\/\/kulturamoldava.sk\/wp-content\/uploads\/2025\/01\/24-10-05-Gastrofest-0901-1536x1152.jpg 1536w, https:\/\/kulturamoldava.sk\/wp-content\/uploads\/2025\/01\/24-10-05-Gastrofest-0901-16x12.jpg 16w, https:\/\/kulturamoldava.sk\/wp-content\/uploads\/2025\/01\/24-10-05-Gastrofest-0901-580x435.jpg 580w, https:\/\/kulturamoldava.sk\/wp-content\/uploads\/2025\/01\/24-10-05-Gastrofest-0901-860x645.jpg 860w, https:\/\/kulturamoldava.sk\/wp-content\/uploads\/2025\/01\/24-10-05-Gastrofest-0901-1160x870.jpg 1160w, https:\/\/kulturamoldava.sk\/wp-content\/uploads\/2025\/01\/24-10-05-Gastrofest-0901-1320x990.jpg 1320w, https:\/\/kulturamoldava.sk\/wp-content\/uploads\/2025\/01\/24-10-05-Gastrofest-0901-600x450.jpg 600w, https:\/\/kulturamoldava.sk\/wp-content\/uploads\/2025\/01\/24-10-05-Gastrofest-0901.jpg 2048w\" sizes=\"auto, (max-width: 1024px) 100vw, 1024px\" \/><\/a><\/figure>\n\n\n\n<figure class=\"wp-block-image size-large\"><a href=\"https:\/\/kulturamoldava.sk\/wp-content\/uploads\/2025\/01\/24-10-05-Gastrofest-094.jpg\"><img loading=\"lazy\" decoding=\"async\" width=\"1024\" height=\"768\" data-id=\"32305\" src=\"https:\/\/kulturamoldava.sk\/wp-content\/uploads\/2025\/01\/24-10-05-Gastrofest-094-1024x768.jpg\" alt=\"\" class=\"wp-image-32305\" srcset=\"https:\/\/kulturamoldava.sk\/wp-content\/uploads\/2025\/01\/24-10-05-Gastrofest-094-1024x768.jpg 1024w, https:\/\/kulturamoldava.sk\/wp-content\/uploads\/2025\/01\/24-10-05-Gastrofest-094-300x225.jpg 300w, https:\/\/kulturamoldava.sk\/wp-content\/uploads\/2025\/01\/24-10-05-Gastrofest-094-768x576.jpg 768w, https:\/\/kulturamoldava.sk\/wp-content\/uploads\/2025\/01\/24-10-05-Gastrofest-094-1536x1152.jpg 1536w, https:\/\/kulturamoldava.sk\/wp-content\/uploads\/2025\/01\/24-10-05-Gastrofest-094-16x12.jpg 16w, https:\/\/kulturamoldava.sk\/wp-content\/uploads\/2025\/01\/24-10-05-Gastrofest-094-580x435.jpg 580w, https:\/\/kulturamoldava.sk\/wp-content\/uploads\/2025\/01\/24-10-05-Gastrofest-094-860x645.jpg 860w, https:\/\/kulturamoldava.sk\/wp-content\/uploads\/2025\/01\/24-10-05-Gastrofest-094-1160x870.jpg 1160w, https:\/\/kulturamoldava.sk\/wp-content\/uploads\/2025\/01\/24-10-05-Gastrofest-094-1320x990.jpg 1320w, https:\/\/kulturamoldava.sk\/wp-content\/uploads\/2025\/01\/24-10-05-Gastrofest-094-600x450.jpg 600w, https:\/\/kulturamoldava.sk\/wp-content\/uploads\/2025\/01\/24-10-05-Gastrofest-094.jpg 2048w\" sizes=\"auto, (max-width: 1024px) 100vw, 1024px\" \/><\/a><\/figure>\n\n\n\n<figure class=\"wp-block-image size-large\"><a href=\"https:\/\/kulturamoldava.sk\/wp-content\/uploads\/2025\/01\/24-10-05-Gastrofest-095.jpg\"><img loading=\"lazy\" decoding=\"async\" width=\"1024\" height=\"769\" data-id=\"32306\" src=\"https:\/\/kulturamoldava.sk\/wp-content\/uploads\/2025\/01\/24-10-05-Gastrofest-095-1024x769.jpg\" alt=\"\" class=\"wp-image-32306\" srcset=\"https:\/\/kulturamoldava.sk\/wp-content\/uploads\/2025\/01\/24-10-05-Gastrofest-095-1024x769.jpg 1024w, https:\/\/kulturamoldava.sk\/wp-content\/uploads\/2025\/01\/24-10-05-Gastrofest-095-300x225.jpg 300w, https:\/\/kulturamoldava.sk\/wp-content\/uploads\/2025\/01\/24-10-05-Gastrofest-095-768x577.jpg 768w, https:\/\/kulturamoldava.sk\/wp-content\/uploads\/2025\/01\/24-10-05-Gastrofest-095-1536x1154.jpg 1536w, https:\/\/kulturamoldava.sk\/wp-content\/uploads\/2025\/01\/24-10-05-Gastrofest-095-16x12.jpg 16w, https:\/\/kulturamoldava.sk\/wp-content\/uploads\/2025\/01\/24-10-05-Gastrofest-095-580x436.jpg 580w, https:\/\/kulturamoldava.sk\/wp-content\/uploads\/2025\/01\/24-10-05-Gastrofest-095-860x646.jpg 860w, https:\/\/kulturamoldava.sk\/wp-content\/uploads\/2025\/01\/24-10-05-Gastrofest-095-1160x871.jpg 1160w, https:\/\/kulturamoldava.sk\/wp-content\/uploads\/2025\/01\/24-10-05-Gastrofest-095-1320x991.jpg 1320w, https:\/\/kulturamoldava.sk\/wp-content\/uploads\/2025\/01\/24-10-05-Gastrofest-095-600x451.jpg 600w, https:\/\/kulturamoldava.sk\/wp-content\/uploads\/2025\/01\/24-10-05-Gastrofest-095.jpg 2048w\" sizes=\"auto, (max-width: 1024px) 100vw, 1024px\" \/><\/a><\/figure>\n\n\n\n<figure class=\"wp-block-image size-large\"><a href=\"https:\/\/kulturamoldava.sk\/wp-content\/uploads\/2025\/01\/24-10-05-Gastrofest-096.jpg\"><img loading=\"lazy\" decoding=\"async\" width=\"769\" height=\"1024\" data-id=\"32295\" src=\"https:\/\/kulturamoldava.sk\/wp-content\/uploads\/2025\/01\/24-10-05-Gastrofest-096-769x1024.jpg\" alt=\"\" class=\"wp-image-32295\" srcset=\"https:\/\/kulturamoldava.sk\/wp-content\/uploads\/2025\/01\/24-10-05-Gastrofest-096-769x1024.jpg 769w, https:\/\/kulturamoldava.sk\/wp-content\/uploads\/2025\/01\/24-10-05-Gastrofest-096-225x300.jpg 225w, https:\/\/kulturamoldava.sk\/wp-content\/uploads\/2025\/01\/24-10-05-Gastrofest-096-768x1023.jpg 768w, https:\/\/kulturamoldava.sk\/wp-content\/uploads\/2025\/01\/24-10-05-Gastrofest-096-1154x1536.jpg 1154w, https:\/\/kulturamoldava.sk\/wp-content\/uploads\/2025\/01\/24-10-05-Gastrofest-096-9x12.jpg 9w, https:\/\/kulturamoldava.sk\/wp-content\/uploads\/2025\/01\/24-10-05-Gastrofest-096-580x772.jpg 580w, https:\/\/kulturamoldava.sk\/wp-content\/uploads\/2025\/01\/24-10-05-Gastrofest-096-860x1145.jpg 860w, https:\/\/kulturamoldava.sk\/wp-content\/uploads\/2025\/01\/24-10-05-Gastrofest-096-1160x1545.jpg 1160w, https:\/\/kulturamoldava.sk\/wp-content\/uploads\/2025\/01\/24-10-05-Gastrofest-096-1320x1758.jpg 1320w, https:\/\/kulturamoldava.sk\/wp-content\/uploads\/2025\/01\/24-10-05-Gastrofest-096-600x799.jpg 600w, https:\/\/kulturamoldava.sk\/wp-content\/uploads\/2025\/01\/24-10-05-Gastrofest-096.jpg 1538w\" sizes=\"auto, (max-width: 769px) 100vw, 769px\" \/><\/a><\/figure>\n\n\n\n<figure class=\"wp-block-image size-large\"><a href=\"https:\/\/kulturamoldava.sk\/wp-content\/uploads\/2025\/01\/24-10-05-Gastrofest-097.jpg\"><img loading=\"lazy\" decoding=\"async\" width=\"1024\" height=\"769\" data-id=\"32339\" src=\"https:\/\/kulturamoldava.sk\/wp-content\/uploads\/2025\/01\/24-10-05-Gastrofest-097-1024x769.jpg\" alt=\"\" class=\"wp-image-32339\" srcset=\"https:\/\/kulturamoldava.sk\/wp-content\/uploads\/2025\/01\/24-10-05-Gastrofest-097-1024x769.jpg 1024w, https:\/\/kulturamoldava.sk\/wp-content\/uploads\/2025\/01\/24-10-05-Gastrofest-097-300x225.jpg 300w, https:\/\/kulturamoldava.sk\/wp-content\/uploads\/2025\/01\/24-10-05-Gastrofest-097-768x577.jpg 768w, https:\/\/kulturamoldava.sk\/wp-content\/uploads\/2025\/01\/24-10-05-Gastrofest-097-1536x1154.jpg 1536w, https:\/\/kulturamoldava.sk\/wp-content\/uploads\/2025\/01\/24-10-05-Gastrofest-097-16x12.jpg 16w, https:\/\/kulturamoldava.sk\/wp-content\/uploads\/2025\/01\/24-10-05-Gastrofest-097-580x436.jpg 580w, https:\/\/kulturamoldava.sk\/wp-content\/uploads\/2025\/01\/24-10-05-Gastrofest-097-860x646.jpg 860w, https:\/\/kulturamoldava.sk\/wp-content\/uploads\/2025\/01\/24-10-05-Gastrofest-097-1160x871.jpg 1160w, https:\/\/kulturamoldava.sk\/wp-content\/uploads\/2025\/01\/24-10-05-Gastrofest-097-1320x991.jpg 1320w, https:\/\/kulturamoldava.sk\/wp-content\/uploads\/2025\/01\/24-10-05-Gastrofest-097-600x451.jpg 600w, https:\/\/kulturamoldava.sk\/wp-content\/uploads\/2025\/01\/24-10-05-Gastrofest-097.jpg 2048w\" sizes=\"auto, (max-width: 1024px) 100vw, 1024px\" \/><\/a><\/figure>\n\n\n\n<figure class=\"wp-block-image size-large\"><a href=\"https:\/\/kulturamoldava.sk\/wp-content\/uploads\/2025\/01\/24-10-05-Gastrofest-098.jpg\"><img loading=\"lazy\" decoding=\"async\" width=\"1024\" height=\"769\" data-id=\"32344\" src=\"https:\/\/kulturamoldava.sk\/wp-content\/uploads\/2025\/01\/24-10-05-Gastrofest-098-1024x769.jpg\" alt=\"\" class=\"wp-image-32344\" srcset=\"https:\/\/kulturamoldava.sk\/wp-content\/uploads\/2025\/01\/24-10-05-Gastrofest-098-1024x769.jpg 1024w, https:\/\/kulturamoldava.sk\/wp-content\/uploads\/2025\/01\/24-10-05-Gastrofest-098-300x225.jpg 300w, https:\/\/kulturamoldava.sk\/wp-content\/uploads\/2025\/01\/24-10-05-Gastrofest-098-768x577.jpg 768w, https:\/\/kulturamoldava.sk\/wp-content\/uploads\/2025\/01\/24-10-05-Gastrofest-098-1536x1154.jpg 1536w, https:\/\/kulturamoldava.sk\/wp-content\/uploads\/2025\/01\/24-10-05-Gastrofest-098-16x12.jpg 16w, https:\/\/kulturamoldava.sk\/wp-content\/uploads\/2025\/01\/24-10-05-Gastrofest-098-580x436.jpg 580w, https:\/\/kulturamoldava.sk\/wp-content\/uploads\/2025\/01\/24-10-05-Gastrofest-098-860x646.jpg 860w, https:\/\/kulturamoldava.sk\/wp-content\/uploads\/2025\/01\/24-10-05-Gastrofest-098-1160x871.jpg 1160w, https:\/\/kulturamoldava.sk\/wp-content\/uploads\/2025\/01\/24-10-05-Gastrofest-098-1320x991.jpg 1320w, https:\/\/kulturamoldava.sk\/wp-content\/uploads\/2025\/01\/24-10-05-Gastrofest-098-600x451.jpg 600w, https:\/\/kulturamoldava.sk\/wp-content\/uploads\/2025\/01\/24-10-05-Gastrofest-098.jpg 2048w\" sizes=\"auto, (max-width: 1024px) 100vw, 1024px\" \/><\/a><\/figure>\n\n\n\n<figure class=\"wp-block-image size-large\"><a href=\"https:\/\/kulturamoldava.sk\/wp-content\/uploads\/2025\/01\/24-10-05-Gastrofest-099.jpg\"><img loading=\"lazy\" decoding=\"async\" width=\"1024\" height=\"769\" data-id=\"32336\" src=\"https:\/\/kulturamoldava.sk\/wp-content\/uploads\/2025\/01\/24-10-05-Gastrofest-099-1024x769.jpg\" alt=\"\" class=\"wp-image-32336\" srcset=\"https:\/\/kulturamoldava.sk\/wp-content\/uploads\/2025\/01\/24-10-05-Gastrofest-099-1024x769.jpg 1024w, https:\/\/kulturamoldava.sk\/wp-content\/uploads\/2025\/01\/24-10-05-Gastrofest-099-300x225.jpg 300w, https:\/\/kulturamoldava.sk\/wp-content\/uploads\/2025\/01\/24-10-05-Gastrofest-099-768x577.jpg 768w, https:\/\/kulturamoldava.sk\/wp-content\/uploads\/2025\/01\/24-10-05-Gastrofest-099-1536x1154.jpg 1536w, https:\/\/kulturamoldava.sk\/wp-content\/uploads\/2025\/01\/24-10-05-Gastrofest-099-16x12.jpg 16w, https:\/\/kulturamoldava.sk\/wp-content\/uploads\/2025\/01\/24-10-05-Gastrofest-099-580x436.jpg 580w, https:\/\/kulturamoldava.sk\/wp-content\/uploads\/2025\/01\/24-10-05-Gastrofest-099-860x646.jpg 860w, https:\/\/kulturamoldava.sk\/wp-content\/uploads\/2025\/01\/24-10-05-Gastrofest-099-1160x871.jpg 1160w, https:\/\/kulturamoldava.sk\/wp-content\/uploads\/2025\/01\/24-10-05-Gastrofest-099-1320x991.jpg 1320w, https:\/\/kulturamoldava.sk\/wp-content\/uploads\/2025\/01\/24-10-05-Gastrofest-099-600x451.jpg 600w, https:\/\/kulturamoldava.sk\/wp-content\/uploads\/2025\/01\/24-10-05-Gastrofest-099.jpg 2048w\" sizes=\"auto, (max-width: 1024px) 100vw, 1024px\" \/><\/a><\/figure>\n\n\n\n<figure class=\"wp-block-image size-large\"><a href=\"https:\/\/kulturamoldava.sk\/wp-content\/uploads\/2025\/01\/24-10-05-Gastrofest-100.jpg\"><img loading=\"lazy\" decoding=\"async\" width=\"1024\" height=\"769\" data-id=\"32343\" src=\"https:\/\/kulturamoldava.sk\/wp-content\/uploads\/2025\/01\/24-10-05-Gastrofest-100-1024x769.jpg\" alt=\"\" class=\"wp-image-32343\" srcset=\"https:\/\/kulturamoldava.sk\/wp-content\/uploads\/2025\/01\/24-10-05-Gastrofest-100-1024x769.jpg 1024w, https:\/\/kulturamoldava.sk\/wp-content\/uploads\/2025\/01\/24-10-05-Gastrofest-100-300x225.jpg 300w, https:\/\/kulturamoldava.sk\/wp-content\/uploads\/2025\/01\/24-10-05-Gastrofest-100-768x577.jpg 768w, https:\/\/kulturamoldava.sk\/wp-content\/uploads\/2025\/01\/24-10-05-Gastrofest-100-1536x1154.jpg 1536w, https:\/\/kulturamoldava.sk\/wp-content\/uploads\/2025\/01\/24-10-05-Gastrofest-100-16x12.jpg 16w, https:\/\/kulturamoldava.sk\/wp-content\/uploads\/2025\/01\/24-10-05-Gastrofest-100-580x436.jpg 580w, https:\/\/kulturamoldava.sk\/wp-content\/uploads\/2025\/01\/24-10-05-Gastrofest-100-860x646.jpg 860w, https:\/\/kulturamoldava.sk\/wp-content\/uploads\/2025\/01\/24-10-05-Gastrofest-100-1160x871.jpg 1160w, https:\/\/kulturamoldava.sk\/wp-content\/uploads\/2025\/01\/24-10-05-Gastrofest-100-1320x991.jpg 1320w, https:\/\/kulturamoldava.sk\/wp-content\/uploads\/2025\/01\/24-10-05-Gastrofest-100-600x451.jpg 600w, https:\/\/kulturamoldava.sk\/wp-content\/uploads\/2025\/01\/24-10-05-Gastrofest-100.jpg 2048w\" sizes=\"auto, (max-width: 1024px) 100vw, 1024px\" \/><\/a><\/figure>\n\n\n\n<figure class=\"wp-block-image size-large\"><a href=\"https:\/\/kulturamoldava.sk\/wp-content\/uploads\/2025\/01\/24-10-05-Gastrofest-110.jpg\"><img loading=\"lazy\" decoding=\"async\" width=\"1024\" height=\"768\" data-id=\"32280\" src=\"https:\/\/kulturamoldava.sk\/wp-content\/uploads\/2025\/01\/24-10-05-Gastrofest-110-1024x768.jpg\" alt=\"\" class=\"wp-image-32280\" srcset=\"https:\/\/kulturamoldava.sk\/wp-content\/uploads\/2025\/01\/24-10-05-Gastrofest-110-1024x768.jpg 1024w, https:\/\/kulturamoldava.sk\/wp-content\/uploads\/2025\/01\/24-10-05-Gastrofest-110-300x225.jpg 300w, https:\/\/kulturamoldava.sk\/wp-content\/uploads\/2025\/01\/24-10-05-Gastrofest-110-768x576.jpg 768w, https:\/\/kulturamoldava.sk\/wp-content\/uploads\/2025\/01\/24-10-05-Gastrofest-110-1536x1152.jpg 1536w, https:\/\/kulturamoldava.sk\/wp-content\/uploads\/2025\/01\/24-10-05-Gastrofest-110-16x12.jpg 16w, https:\/\/kulturamoldava.sk\/wp-content\/uploads\/2025\/01\/24-10-05-Gastrofest-110-580x435.jpg 580w, https:\/\/kulturamoldava.sk\/wp-content\/uploads\/2025\/01\/24-10-05-Gastrofest-110-860x645.jpg 860w, https:\/\/kulturamoldava.sk\/wp-content\/uploads\/2025\/01\/24-10-05-Gastrofest-110-1160x870.jpg 1160w, https:\/\/kulturamoldava.sk\/wp-content\/uploads\/2025\/01\/24-10-05-Gastrofest-110-1320x990.jpg 1320w, https:\/\/kulturamoldava.sk\/wp-content\/uploads\/2025\/01\/24-10-05-Gastrofest-110-600x450.jpg 600w, https:\/\/kulturamoldava.sk\/wp-content\/uploads\/2025\/01\/24-10-05-Gastrofest-110.jpg 2048w\" sizes=\"auto, (max-width: 1024px) 100vw, 1024px\" \/><\/a><\/figure>\n\n\n\n<figure class=\"wp-block-image size-large\"><a href=\"https:\/\/kulturamoldava.sk\/wp-content\/uploads\/2025\/01\/24-10-05-Gastrofest-115.jpg\"><img loading=\"lazy\" decoding=\"async\" width=\"1024\" height=\"769\" data-id=\"32270\" src=\"https:\/\/kulturamoldava.sk\/wp-content\/uploads\/2025\/01\/24-10-05-Gastrofest-115-1024x769.jpg\" alt=\"\" class=\"wp-image-32270\" srcset=\"https:\/\/kulturamoldava.sk\/wp-content\/uploads\/2025\/01\/24-10-05-Gastrofest-115-1024x769.jpg 1024w, https:\/\/kulturamoldava.sk\/wp-content\/uploads\/2025\/01\/24-10-05-Gastrofest-115-300x225.jpg 300w, https:\/\/kulturamoldava.sk\/wp-content\/uploads\/2025\/01\/24-10-05-Gastrofest-115-768x577.jpg 768w, https:\/\/kulturamoldava.sk\/wp-content\/uploads\/2025\/01\/24-10-05-Gastrofest-115-1536x1154.jpg 1536w, https:\/\/kulturamoldava.sk\/wp-content\/uploads\/2025\/01\/24-10-05-Gastrofest-115-16x12.jpg 16w, https:\/\/kulturamoldava.sk\/wp-content\/uploads\/2025\/01\/24-10-05-Gastrofest-115-580x436.jpg 580w, https:\/\/kulturamoldava.sk\/wp-content\/uploads\/2025\/01\/24-10-05-Gastrofest-115-860x646.jpg 860w, https:\/\/kulturamoldava.sk\/wp-content\/uploads\/2025\/01\/24-10-05-Gastrofest-115-1160x871.jpg 1160w, https:\/\/kulturamoldava.sk\/wp-content\/uploads\/2025\/01\/24-10-05-Gastrofest-115-1320x991.jpg 1320w, https:\/\/kulturamoldava.sk\/wp-content\/uploads\/2025\/01\/24-10-05-Gastrofest-115-600x451.jpg 600w, https:\/\/kulturamoldava.sk\/wp-content\/uploads\/2025\/01\/24-10-05-Gastrofest-115.jpg 2048w\" sizes=\"auto, (max-width: 1024px) 100vw, 1024px\" \/><\/a><\/figure>\n\n\n\n<figure class=\"wp-block-image size-large\"><a href=\"https:\/\/kulturamoldava.sk\/wp-content\/uploads\/2025\/01\/24-10-05-Gastrofest-124.jpg\"><img loading=\"lazy\" decoding=\"async\" width=\"1024\" height=\"769\" data-id=\"32307\" src=\"https:\/\/kulturamoldava.sk\/wp-content\/uploads\/2025\/01\/24-10-05-Gastrofest-124-1024x769.jpg\" alt=\"\" class=\"wp-image-32307\" srcset=\"https:\/\/kulturamoldava.sk\/wp-content\/uploads\/2025\/01\/24-10-05-Gastrofest-124-1024x769.jpg 1024w, https:\/\/kulturamoldava.sk\/wp-content\/uploads\/2025\/01\/24-10-05-Gastrofest-124-300x225.jpg 300w, https:\/\/kulturamoldava.sk\/wp-content\/uploads\/2025\/01\/24-10-05-Gastrofest-124-768x577.jpg 768w, https:\/\/kulturamoldava.sk\/wp-content\/uploads\/2025\/01\/24-10-05-Gastrofest-124-1536x1154.jpg 1536w, https:\/\/kulturamoldava.sk\/wp-content\/uploads\/2025\/01\/24-10-05-Gastrofest-124-16x12.jpg 16w, https:\/\/kulturamoldava.sk\/wp-content\/uploads\/2025\/01\/24-10-05-Gastrofest-124-580x436.jpg 580w, https:\/\/kulturamoldava.sk\/wp-content\/uploads\/2025\/01\/24-10-05-Gastrofest-124-860x646.jpg 860w, https:\/\/kulturamoldava.sk\/wp-content\/uploads\/2025\/01\/24-10-05-Gastrofest-124-1160x871.jpg 1160w, https:\/\/kulturamoldava.sk\/wp-content\/uploads\/2025\/01\/24-10-05-Gastrofest-124-1320x991.jpg 1320w, https:\/\/kulturamoldava.sk\/wp-content\/uploads\/2025\/01\/24-10-05-Gastrofest-124-600x451.jpg 600w, https:\/\/kulturamoldava.sk\/wp-content\/uploads\/2025\/01\/24-10-05-Gastrofest-124.jpg 2048w\" sizes=\"auto, (max-width: 1024px) 100vw, 1024px\" \/><\/a><\/figure>\n\n\n\n<figure class=\"wp-block-image size-large\"><a href=\"https:\/\/kulturamoldava.sk\/wp-content\/uploads\/2025\/01\/24-10-05-Gastrofest-143.jpg\"><img loading=\"lazy\" decoding=\"async\" width=\"1024\" height=\"769\" data-id=\"32329\" src=\"https:\/\/kulturamoldava.sk\/wp-content\/uploads\/2025\/01\/24-10-05-Gastrofest-143-1024x769.jpg\" alt=\"\" class=\"wp-image-32329\" srcset=\"https:\/\/kulturamoldava.sk\/wp-content\/uploads\/2025\/01\/24-10-05-Gastrofest-143-1024x769.jpg 1024w, https:\/\/kulturamoldava.sk\/wp-content\/uploads\/2025\/01\/24-10-05-Gastrofest-143-300x225.jpg 300w, https:\/\/kulturamoldava.sk\/wp-content\/uploads\/2025\/01\/24-10-05-Gastrofest-143-768x577.jpg 768w, https:\/\/kulturamoldava.sk\/wp-content\/uploads\/2025\/01\/24-10-05-Gastrofest-143-1536x1154.jpg 1536w, https:\/\/kulturamoldava.sk\/wp-content\/uploads\/2025\/01\/24-10-05-Gastrofest-143-16x12.jpg 16w, https:\/\/kulturamoldava.sk\/wp-content\/uploads\/2025\/01\/24-10-05-Gastrofest-143-580x436.jpg 580w, https:\/\/kulturamoldava.sk\/wp-content\/uploads\/2025\/01\/24-10-05-Gastrofest-143-860x646.jpg 860w, https:\/\/kulturamoldava.sk\/wp-content\/uploads\/2025\/01\/24-10-05-Gastrofest-143-1160x871.jpg 1160w, https:\/\/kulturamoldava.sk\/wp-content\/uploads\/2025\/01\/24-10-05-Gastrofest-143-1320x991.jpg 1320w, https:\/\/kulturamoldava.sk\/wp-content\/uploads\/2025\/01\/24-10-05-Gastrofest-143-600x451.jpg 600w, https:\/\/kulturamoldava.sk\/wp-content\/uploads\/2025\/01\/24-10-05-Gastrofest-143.jpg 2048w\" sizes=\"auto, (max-width: 1024px) 100vw, 1024px\" \/><\/a><\/figure>\n\n\n\n<figure class=\"wp-block-image size-large\"><a href=\"https:\/\/kulturamoldava.sk\/wp-content\/uploads\/2025\/01\/24-10-05-Gastrofest-144.jpg\"><img loading=\"lazy\" decoding=\"async\" width=\"1024\" height=\"769\" data-id=\"32335\" src=\"https:\/\/kulturamoldava.sk\/wp-content\/uploads\/2025\/01\/24-10-05-Gastrofest-144-1024x769.jpg\" alt=\"\" class=\"wp-image-32335\" srcset=\"https:\/\/kulturamoldava.sk\/wp-content\/uploads\/2025\/01\/24-10-05-Gastrofest-144-1024x769.jpg 1024w, https:\/\/kulturamoldava.sk\/wp-content\/uploads\/2025\/01\/24-10-05-Gastrofest-144-300x225.jpg 300w, https:\/\/kulturamoldava.sk\/wp-content\/uploads\/2025\/01\/24-10-05-Gastrofest-144-768x577.jpg 768w, https:\/\/kulturamoldava.sk\/wp-content\/uploads\/2025\/01\/24-10-05-Gastrofest-144-1536x1154.jpg 1536w, https:\/\/kulturamoldava.sk\/wp-content\/uploads\/2025\/01\/24-10-05-Gastrofest-144-16x12.jpg 16w, https:\/\/kulturamoldava.sk\/wp-content\/uploads\/2025\/01\/24-10-05-Gastrofest-144-580x436.jpg 580w, https:\/\/kulturamoldava.sk\/wp-content\/uploads\/2025\/01\/24-10-05-Gastrofest-144-860x646.jpg 860w, https:\/\/kulturamoldava.sk\/wp-content\/uploads\/2025\/01\/24-10-05-Gastrofest-144-1160x871.jpg 1160w, https:\/\/kulturamoldava.sk\/wp-content\/uploads\/2025\/01\/24-10-05-Gastrofest-144-1320x991.jpg 1320w, https:\/\/kulturamoldava.sk\/wp-content\/uploads\/2025\/01\/24-10-05-Gastrofest-144-600x451.jpg 600w, https:\/\/kulturamoldava.sk\/wp-content\/uploads\/2025\/01\/24-10-05-Gastrofest-144.jpg 2048w\" sizes=\"auto, (max-width: 1024px) 100vw, 1024px\" \/><\/a><\/figure>\n\n\n\n<figure class=\"wp-block-image size-large\"><a href=\"https:\/\/kulturamoldava.sk\/wp-content\/uploads\/2025\/01\/24-10-05-Gastrofest-145.jpg\"><img loading=\"lazy\" decoding=\"async\" width=\"1024\" height=\"769\" data-id=\"32314\" src=\"https:\/\/kulturamoldava.sk\/wp-content\/uploads\/2025\/01\/24-10-05-Gastrofest-145-1024x769.jpg\" alt=\"\" class=\"wp-image-32314\" srcset=\"https:\/\/kulturamoldava.sk\/wp-content\/uploads\/2025\/01\/24-10-05-Gastrofest-145-1024x769.jpg 1024w, https:\/\/kulturamoldava.sk\/wp-content\/uploads\/2025\/01\/24-10-05-Gastrofest-145-300x225.jpg 300w, https:\/\/kulturamoldava.sk\/wp-content\/uploads\/2025\/01\/24-10-05-Gastrofest-145-768x577.jpg 768w, https:\/\/kulturamoldava.sk\/wp-content\/uploads\/2025\/01\/24-10-05-Gastrofest-145-1536x1154.jpg 1536w, https:\/\/kulturamoldava.sk\/wp-content\/uploads\/2025\/01\/24-10-05-Gastrofest-145-16x12.jpg 16w, https:\/\/kulturamoldava.sk\/wp-content\/uploads\/2025\/01\/24-10-05-Gastrofest-145-580x436.jpg 580w, https:\/\/kulturamoldava.sk\/wp-content\/uploads\/2025\/01\/24-10-05-Gastrofest-145-860x646.jpg 860w, https:\/\/kulturamoldava.sk\/wp-content\/uploads\/2025\/01\/24-10-05-Gastrofest-145-1160x871.jpg 1160w, https:\/\/kulturamoldava.sk\/wp-content\/uploads\/2025\/01\/24-10-05-Gastrofest-145-1320x991.jpg 1320w, https:\/\/kulturamoldava.sk\/wp-content\/uploads\/2025\/01\/24-10-05-Gastrofest-145-600x451.jpg 600w, https:\/\/kulturamoldava.sk\/wp-content\/uploads\/2025\/01\/24-10-05-Gastrofest-145.jpg 2048w\" sizes=\"auto, (max-width: 1024px) 100vw, 1024px\" \/><\/a><\/figure>\n\n\n\n<figure class=\"wp-block-image size-large\"><a href=\"https:\/\/kulturamoldava.sk\/wp-content\/uploads\/2025\/01\/24-10-05-Gastrofest-146.jpg\"><img loading=\"lazy\" decoding=\"async\" width=\"1024\" height=\"769\" data-id=\"32324\" src=\"https:\/\/kulturamoldava.sk\/wp-content\/uploads\/2025\/01\/24-10-05-Gastrofest-146-1024x769.jpg\" alt=\"\" class=\"wp-image-32324\" srcset=\"https:\/\/kulturamoldava.sk\/wp-content\/uploads\/2025\/01\/24-10-05-Gastrofest-146-1024x769.jpg 1024w, https:\/\/kulturamoldava.sk\/wp-content\/uploads\/2025\/01\/24-10-05-Gastrofest-146-300x225.jpg 300w, https:\/\/kulturamoldava.sk\/wp-content\/uploads\/2025\/01\/24-10-05-Gastrofest-146-768x577.jpg 768w, https:\/\/kulturamoldava.sk\/wp-content\/uploads\/2025\/01\/24-10-05-Gastrofest-146-1536x1154.jpg 1536w, https:\/\/kulturamoldava.sk\/wp-content\/uploads\/2025\/01\/24-10-05-Gastrofest-146-16x12.jpg 16w, https:\/\/kulturamoldava.sk\/wp-content\/uploads\/2025\/01\/24-10-05-Gastrofest-146-580x436.jpg 580w, https:\/\/kulturamoldava.sk\/wp-content\/uploads\/2025\/01\/24-10-05-Gastrofest-146-860x646.jpg 860w, https:\/\/kulturamoldava.sk\/wp-content\/uploads\/2025\/01\/24-10-05-Gastrofest-146-1160x871.jpg 1160w, https:\/\/kulturamoldava.sk\/wp-content\/uploads\/2025\/01\/24-10-05-Gastrofest-146-1320x991.jpg 1320w, https:\/\/kulturamoldava.sk\/wp-content\/uploads\/2025\/01\/24-10-05-Gastrofest-146-600x451.jpg 600w, https:\/\/kulturamoldava.sk\/wp-content\/uploads\/2025\/01\/24-10-05-Gastrofest-146.jpg 2048w\" sizes=\"auto, (max-width: 1024px) 100vw, 1024px\" \/><\/a><\/figure>\n\n\n\n<figure class=\"wp-block-image size-large\"><a href=\"https:\/\/kulturamoldava.sk\/wp-content\/uploads\/2025\/01\/24-10-05-Gastrofest-147.jpg\"><img loading=\"lazy\" decoding=\"async\" width=\"1024\" height=\"769\" data-id=\"32319\" src=\"https:\/\/kulturamoldava.sk\/wp-content\/uploads\/2025\/01\/24-10-05-Gastrofest-147-1024x769.jpg\" alt=\"\" class=\"wp-image-32319\" srcset=\"https:\/\/kulturamoldava.sk\/wp-content\/uploads\/2025\/01\/24-10-05-Gastrofest-147-1024x769.jpg 1024w, https:\/\/kulturamoldava.sk\/wp-content\/uploads\/2025\/01\/24-10-05-Gastrofest-147-300x225.jpg 300w, https:\/\/kulturamoldava.sk\/wp-content\/uploads\/2025\/01\/24-10-05-Gastrofest-147-768x577.jpg 768w, https:\/\/kulturamoldava.sk\/wp-content\/uploads\/2025\/01\/24-10-05-Gastrofest-147-1536x1154.jpg 1536w, https:\/\/kulturamoldava.sk\/wp-content\/uploads\/2025\/01\/24-10-05-Gastrofest-147-16x12.jpg 16w, https:\/\/kulturamoldava.sk\/wp-content\/uploads\/2025\/01\/24-10-05-Gastrofest-147-580x436.jpg 580w, https:\/\/kulturamoldava.sk\/wp-content\/uploads\/2025\/01\/24-10-05-Gastrofest-147-860x646.jpg 860w, https:\/\/kulturamoldava.sk\/wp-content\/uploads\/2025\/01\/24-10-05-Gastrofest-147-1160x871.jpg 1160w, https:\/\/kulturamoldava.sk\/wp-content\/uploads\/2025\/01\/24-10-05-Gastrofest-147-1320x991.jpg 1320w, https:\/\/kulturamoldava.sk\/wp-content\/uploads\/2025\/01\/24-10-05-Gastrofest-147-600x451.jpg 600w, https:\/\/kulturamoldava.sk\/wp-content\/uploads\/2025\/01\/24-10-05-Gastrofest-147.jpg 2048w\" sizes=\"auto, (max-width: 1024px) 100vw, 1024px\" \/><\/a><\/figure>\n\n\n\n<figure class=\"wp-block-image size-large\"><a href=\"https:\/\/kulturamoldava.sk\/wp-content\/uploads\/2025\/01\/24-10-05-Gastrofest-149.jpg\"><img loading=\"lazy\" decoding=\"async\" width=\"1024\" height=\"769\" data-id=\"32288\" src=\"https:\/\/kulturamoldava.sk\/wp-content\/uploads\/2025\/01\/24-10-05-Gastrofest-149-1024x769.jpg\" alt=\"\" class=\"wp-image-32288\" srcset=\"https:\/\/kulturamoldava.sk\/wp-content\/uploads\/2025\/01\/24-10-05-Gastrofest-149-1024x769.jpg 1024w, https:\/\/kulturamoldava.sk\/wp-content\/uploads\/2025\/01\/24-10-05-Gastrofest-149-300x225.jpg 300w, https:\/\/kulturamoldava.sk\/wp-content\/uploads\/2025\/01\/24-10-05-Gastrofest-149-768x577.jpg 768w, https:\/\/kulturamoldava.sk\/wp-content\/uploads\/2025\/01\/24-10-05-Gastrofest-149-1536x1154.jpg 1536w, https:\/\/kulturamoldava.sk\/wp-content\/uploads\/2025\/01\/24-10-05-Gastrofest-149-16x12.jpg 16w, https:\/\/kulturamoldava.sk\/wp-content\/uploads\/2025\/01\/24-10-05-Gastrofest-149-580x436.jpg 580w, https:\/\/kulturamoldava.sk\/wp-content\/uploads\/2025\/01\/24-10-05-Gastrofest-149-860x646.jpg 860w, https:\/\/kulturamoldava.sk\/wp-content\/uploads\/2025\/01\/24-10-05-Gastrofest-149-1160x871.jpg 1160w, https:\/\/kulturamoldava.sk\/wp-content\/uploads\/2025\/01\/24-10-05-Gastrofest-149-1320x991.jpg 1320w, https:\/\/kulturamoldava.sk\/wp-content\/uploads\/2025\/01\/24-10-05-Gastrofest-149-600x451.jpg 600w, https:\/\/kulturamoldava.sk\/wp-content\/uploads\/2025\/01\/24-10-05-Gastrofest-149.jpg 2048w\" sizes=\"auto, (max-width: 1024px) 100vw, 1024px\" \/><\/a><\/figure>\n\n\n\n<figure class=\"wp-block-image size-large\"><a href=\"https:\/\/kulturamoldava.sk\/wp-content\/uploads\/2025\/01\/image00001-2-scaled.jpeg\"><img loading=\"lazy\" decoding=\"async\" width=\"768\" height=\"1024\" data-id=\"32333\" src=\"https:\/\/kulturamoldava.sk\/wp-content\/uploads\/2025\/01\/image00001-2-768x1024.jpeg\" alt=\"\" class=\"wp-image-32333\" srcset=\"https:\/\/kulturamoldava.sk\/wp-content\/uploads\/2025\/01\/image00001-2-768x1024.jpeg 768w, https:\/\/kulturamoldava.sk\/wp-content\/uploads\/2025\/01\/image00001-2-225x300.jpeg 225w, https:\/\/kulturamoldava.sk\/wp-content\/uploads\/2025\/01\/image00001-2-1152x1536.jpeg 1152w, https:\/\/kulturamoldava.sk\/wp-content\/uploads\/2025\/01\/image00001-2-1536x2048.jpeg 1536w, https:\/\/kulturamoldava.sk\/wp-content\/uploads\/2025\/01\/image00001-2-9x12.jpeg 9w, https:\/\/kulturamoldava.sk\/wp-content\/uploads\/2025\/01\/image00001-2-580x773.jpeg 580w, https:\/\/kulturamoldava.sk\/wp-content\/uploads\/2025\/01\/image00001-2-860x1147.jpeg 860w, https:\/\/kulturamoldava.sk\/wp-content\/uploads\/2025\/01\/image00001-2-1160x1547.jpeg 1160w, https:\/\/kulturamoldava.sk\/wp-content\/uploads\/2025\/01\/image00001-2-1320x1760.jpeg 1320w, https:\/\/kulturamoldava.sk\/wp-content\/uploads\/2025\/01\/image00001-2-600x800.jpeg 600w, https:\/\/kulturamoldava.sk\/wp-content\/uploads\/2025\/01\/image00001-2-scaled.jpeg 1920w\" sizes=\"auto, (max-width: 768px) 100vw, 768px\" \/><\/a><\/figure>\n\n\n\n<figure class=\"wp-block-image size-large\"><a href=\"https:\/\/kulturamoldava.sk\/wp-content\/uploads\/2025\/01\/image00002-2-scaled.jpeg\"><img loading=\"lazy\" decoding=\"async\" width=\"768\" height=\"1024\" data-id=\"32357\" src=\"https:\/\/kulturamoldava.sk\/wp-content\/uploads\/2025\/01\/image00002-2-768x1024.jpeg\" alt=\"\" class=\"wp-image-32357\" srcset=\"https:\/\/kulturamoldava.sk\/wp-content\/uploads\/2025\/01\/image00002-2-768x1024.jpeg 768w, https:\/\/kulturamoldava.sk\/wp-content\/uploads\/2025\/01\/image00002-2-225x300.jpeg 225w, https:\/\/kulturamoldava.sk\/wp-content\/uploads\/2025\/01\/image00002-2-1152x1536.jpeg 1152w, https:\/\/kulturamoldava.sk\/wp-content\/uploads\/2025\/01\/image00002-2-1536x2048.jpeg 1536w, https:\/\/kulturamoldava.sk\/wp-content\/uploads\/2025\/01\/image00002-2-9x12.jpeg 9w, https:\/\/kulturamoldava.sk\/wp-content\/uploads\/2025\/01\/image00002-2-580x773.jpeg 580w, https:\/\/kulturamoldava.sk\/wp-content\/uploads\/2025\/01\/image00002-2-860x1147.jpeg 860w, https:\/\/kulturamoldava.sk\/wp-content\/uploads\/2025\/01\/image00002-2-1160x1547.jpeg 1160w, https:\/\/kulturamoldava.sk\/wp-content\/uploads\/2025\/01\/image00002-2-1320x1760.jpeg 1320w, https:\/\/kulturamoldava.sk\/wp-content\/uploads\/2025\/01\/image00002-2-600x800.jpeg 600w, https:\/\/kulturamoldava.sk\/wp-content\/uploads\/2025\/01\/image00002-2-scaled.jpeg 1920w\" sizes=\"auto, (max-width: 768px) 100vw, 768px\" \/><\/a><\/figure>\n\n\n\n<figure class=\"wp-block-image size-large\"><a href=\"https:\/\/kulturamoldava.sk\/wp-content\/uploads\/2025\/01\/image00003-2-scaled.jpeg\"><img loading=\"lazy\" decoding=\"async\" width=\"768\" height=\"1024\" data-id=\"32340\" src=\"https:\/\/kulturamoldava.sk\/wp-content\/uploads\/2025\/01\/image00003-2-768x1024.jpeg\" alt=\"\" class=\"wp-image-32340\" srcset=\"https:\/\/kulturamoldava.sk\/wp-content\/uploads\/2025\/01\/image00003-2-768x1024.jpeg 768w, https:\/\/kulturamoldava.sk\/wp-content\/uploads\/2025\/01\/image00003-2-225x300.jpeg 225w, https:\/\/kulturamoldava.sk\/wp-content\/uploads\/2025\/01\/image00003-2-1152x1536.jpeg 1152w, https:\/\/kulturamoldava.sk\/wp-content\/uploads\/2025\/01\/image00003-2-1536x2048.jpeg 1536w, https:\/\/kulturamoldava.sk\/wp-content\/uploads\/2025\/01\/image00003-2-9x12.jpeg 9w, https:\/\/kulturamoldava.sk\/wp-content\/uploads\/2025\/01\/image00003-2-580x773.jpeg 580w, https:\/\/kulturamoldava.sk\/wp-content\/uploads\/2025\/01\/image00003-2-860x1147.jpeg 860w, https:\/\/kulturamoldava.sk\/wp-content\/uploads\/2025\/01\/image00003-2-1160x1547.jpeg 1160w, https:\/\/kulturamoldava.sk\/wp-content\/uploads\/2025\/01\/image00003-2-1320x1760.jpeg 1320w, https:\/\/kulturamoldava.sk\/wp-content\/uploads\/2025\/01\/image00003-2-600x800.jpeg 600w, https:\/\/kulturamoldava.sk\/wp-content\/uploads\/2025\/01\/image00003-2-scaled.jpeg 1920w\" sizes=\"auto, (max-width: 768px) 100vw, 768px\" \/><\/a><\/figure>\n\n\n\n<figure class=\"wp-block-image size-large\"><a href=\"https:\/\/kulturamoldava.sk\/wp-content\/uploads\/2025\/01\/image00004-2-scaled.jpeg\"><img loading=\"lazy\" decoding=\"async\" width=\"768\" height=\"1024\" data-id=\"32358\" src=\"https:\/\/kulturamoldava.sk\/wp-content\/uploads\/2025\/01\/image00004-2-768x1024.jpeg\" alt=\"\" class=\"wp-image-32358\" srcset=\"https:\/\/kulturamoldava.sk\/wp-content\/uploads\/2025\/01\/image00004-2-768x1024.jpeg 768w, https:\/\/kulturamoldava.sk\/wp-content\/uploads\/2025\/01\/image00004-2-225x300.jpeg 225w, https:\/\/kulturamoldava.sk\/wp-content\/uploads\/2025\/01\/image00004-2-1152x1536.jpeg 1152w, https:\/\/kulturamoldava.sk\/wp-content\/uploads\/2025\/01\/image00004-2-1536x2048.jpeg 1536w, https:\/\/kulturamoldava.sk\/wp-content\/uploads\/2025\/01\/image00004-2-9x12.jpeg 9w, https:\/\/kulturamoldava.sk\/wp-content\/uploads\/2025\/01\/image00004-2-580x773.jpeg 580w, https:\/\/kulturamoldava.sk\/wp-content\/uploads\/2025\/01\/image00004-2-860x1147.jpeg 860w, https:\/\/kulturamoldava.sk\/wp-content\/uploads\/2025\/01\/image00004-2-1160x1547.jpeg 1160w, https:\/\/kulturamoldava.sk\/wp-content\/uploads\/2025\/01\/image00004-2-1320x1760.jpeg 1320w, https:\/\/kulturamoldava.sk\/wp-content\/uploads\/2025\/01\/image00004-2-600x800.jpeg 600w, https:\/\/kulturamoldava.sk\/wp-content\/uploads\/2025\/01\/image00004-2-scaled.jpeg 1920w\" sizes=\"auto, (max-width: 768px) 100vw, 768px\" \/><\/a><\/figure>\n\n\n\n<figure class=\"wp-block-image size-large\"><a href=\"https:\/\/kulturamoldava.sk\/wp-content\/uploads\/2025\/01\/image00007-2-scaled.jpeg\"><img loading=\"lazy\" decoding=\"async\" width=\"768\" height=\"1024\" data-id=\"32359\" src=\"https:\/\/kulturamoldava.sk\/wp-content\/uploads\/2025\/01\/image00007-2-768x1024.jpeg\" alt=\"\" class=\"wp-image-32359\" srcset=\"https:\/\/kulturamoldava.sk\/wp-content\/uploads\/2025\/01\/image00007-2-768x1024.jpeg 768w, https:\/\/kulturamoldava.sk\/wp-content\/uploads\/2025\/01\/image00007-2-225x300.jpeg 225w, https:\/\/kulturamoldava.sk\/wp-content\/uploads\/2025\/01\/image00007-2-1152x1536.jpeg 1152w, https:\/\/kulturamoldava.sk\/wp-content\/uploads\/2025\/01\/image00007-2-1536x2048.jpeg 1536w, https:\/\/kulturamoldava.sk\/wp-content\/uploads\/2025\/01\/image00007-2-9x12.jpeg 9w, https:\/\/kulturamoldava.sk\/wp-content\/uploads\/2025\/01\/image00007-2-580x773.jpeg 580w, https:\/\/kulturamoldava.sk\/wp-content\/uploads\/2025\/01\/image00007-2-860x1147.jpeg 860w, https:\/\/kulturamoldava.sk\/wp-content\/uploads\/2025\/01\/image00007-2-1160x1547.jpeg 1160w, https:\/\/kulturamoldava.sk\/wp-content\/uploads\/2025\/01\/image00007-2-1320x1760.jpeg 1320w, https:\/\/kulturamoldava.sk\/wp-content\/uploads\/2025\/01\/image00007-2-600x800.jpeg 600w, https:\/\/kulturamoldava.sk\/wp-content\/uploads\/2025\/01\/image00007-2-scaled.jpeg 1920w\" sizes=\"auto, (max-width: 768px) 100vw, 768px\" \/><\/a><\/figure>\n\n\n\n<figure class=\"wp-block-image size-large\"><a href=\"https:\/\/kulturamoldava.sk\/wp-content\/uploads\/2025\/01\/image00008-1-scaled.jpeg\"><img loading=\"lazy\" decoding=\"async\" width=\"768\" height=\"1024\" data-id=\"32348\" src=\"https:\/\/kulturamoldava.sk\/wp-content\/uploads\/2025\/01\/image00008-1-768x1024.jpeg\" alt=\"\" class=\"wp-image-32348\" srcset=\"https:\/\/kulturamoldava.sk\/wp-content\/uploads\/2025\/01\/image00008-1-768x1024.jpeg 768w, https:\/\/kulturamoldava.sk\/wp-content\/uploads\/2025\/01\/image00008-1-225x300.jpeg 225w, https:\/\/kulturamoldava.sk\/wp-content\/uploads\/2025\/01\/image00008-1-1152x1536.jpeg 1152w, https:\/\/kulturamoldava.sk\/wp-content\/uploads\/2025\/01\/image00008-1-1536x2048.jpeg 1536w, https:\/\/kulturamoldava.sk\/wp-content\/uploads\/2025\/01\/image00008-1-9x12.jpeg 9w, https:\/\/kulturamoldava.sk\/wp-content\/uploads\/2025\/01\/image00008-1-580x773.jpeg 580w, https:\/\/kulturamoldava.sk\/wp-content\/uploads\/2025\/01\/image00008-1-860x1147.jpeg 860w, https:\/\/kulturamoldava.sk\/wp-content\/uploads\/2025\/01\/image00008-1-1160x1547.jpeg 1160w, https:\/\/kulturamoldava.sk\/wp-content\/uploads\/2025\/01\/image00008-1-1320x1760.jpeg 1320w, https:\/\/kulturamoldava.sk\/wp-content\/uploads\/2025\/01\/image00008-1-600x800.jpeg 600w, https:\/\/kulturamoldava.sk\/wp-content\/uploads\/2025\/01\/image00008-1-scaled.jpeg 1920w\" sizes=\"auto, (max-width: 768px) 100vw, 768px\" \/><\/a><\/figure>\n\n\n\n<figure class=\"wp-block-image size-large\"><a href=\"https:\/\/kulturamoldava.sk\/wp-content\/uploads\/2025\/01\/image00009-2-scaled.jpeg\"><img loading=\"lazy\" decoding=\"async\" width=\"1024\" height=\"768\" data-id=\"32360\" src=\"https:\/\/kulturamoldava.sk\/wp-content\/uploads\/2025\/01\/image00009-2-1024x768.jpeg\" alt=\"\" class=\"wp-image-32360\" srcset=\"https:\/\/kulturamoldava.sk\/wp-content\/uploads\/2025\/01\/image00009-2-1024x768.jpeg 1024w, https:\/\/kulturamoldava.sk\/wp-content\/uploads\/2025\/01\/image00009-2-300x225.jpeg 300w, https:\/\/kulturamoldava.sk\/wp-content\/uploads\/2025\/01\/image00009-2-768x576.jpeg 768w, https:\/\/kulturamoldava.sk\/wp-content\/uploads\/2025\/01\/image00009-2-1536x1152.jpeg 1536w, https:\/\/kulturamoldava.sk\/wp-content\/uploads\/2025\/01\/image00009-2-2048x1536.jpeg 2048w, https:\/\/kulturamoldava.sk\/wp-content\/uploads\/2025\/01\/image00009-2-16x12.jpeg 16w, https:\/\/kulturamoldava.sk\/wp-content\/uploads\/2025\/01\/image00009-2-580x435.jpeg 580w, https:\/\/kulturamoldava.sk\/wp-content\/uploads\/2025\/01\/image00009-2-860x645.jpeg 860w, https:\/\/kulturamoldava.sk\/wp-content\/uploads\/2025\/01\/image00009-2-1160x870.jpeg 1160w, https:\/\/kulturamoldava.sk\/wp-content\/uploads\/2025\/01\/image00009-2-1320x990.jpeg 1320w, https:\/\/kulturamoldava.sk\/wp-content\/uploads\/2025\/01\/image00009-2-600x450.jpeg 600w\" sizes=\"auto, (max-width: 1024px) 100vw, 1024px\" \/><\/a><\/figure>\n\n\n\n<figure class=\"wp-block-image size-large\"><a href=\"https:\/\/kulturamoldava.sk\/wp-content\/uploads\/2025\/01\/image00011-2-scaled.jpeg\"><img loading=\"lazy\" decoding=\"async\" width=\"768\" height=\"1024\" data-id=\"32361\" src=\"https:\/\/kulturamoldava.sk\/wp-content\/uploads\/2025\/01\/image00011-2-768x1024.jpeg\" alt=\"\" class=\"wp-image-32361\" srcset=\"https:\/\/kulturamoldava.sk\/wp-content\/uploads\/2025\/01\/image00011-2-768x1024.jpeg 768w, https:\/\/kulturamoldava.sk\/wp-content\/uploads\/2025\/01\/image00011-2-225x300.jpeg 225w, https:\/\/kulturamoldava.sk\/wp-content\/uploads\/2025\/01\/image00011-2-1152x1536.jpeg 1152w, https:\/\/kulturamoldava.sk\/wp-content\/uploads\/2025\/01\/image00011-2-1536x2048.jpeg 1536w, https:\/\/kulturamoldava.sk\/wp-content\/uploads\/2025\/01\/image00011-2-9x12.jpeg 9w, https:\/\/kulturamoldava.sk\/wp-content\/uploads\/2025\/01\/image00011-2-580x773.jpeg 580w, https:\/\/kulturamoldava.sk\/wp-content\/uploads\/2025\/01\/image00011-2-860x1147.jpeg 860w, https:\/\/kulturamoldava.sk\/wp-content\/uploads\/2025\/01\/image00011-2-1160x1547.jpeg 1160w, https:\/\/kulturamoldava.sk\/wp-content\/uploads\/2025\/01\/image00011-2-1320x1760.jpeg 1320w, https:\/\/kulturamoldava.sk\/wp-content\/uploads\/2025\/01\/image00011-2-600x800.jpeg 600w, https:\/\/kulturamoldava.sk\/wp-content\/uploads\/2025\/01\/image00011-2-scaled.jpeg 1920w\" sizes=\"auto, (max-width: 768px) 100vw, 768px\" \/><\/a><\/figure>\n\n\n\n<figure class=\"wp-block-image size-large\"><a href=\"https:\/\/kulturamoldava.sk\/wp-content\/uploads\/2025\/01\/image00012-2-scaled.jpeg\"><img loading=\"lazy\" decoding=\"async\" width=\"768\" height=\"1024\" data-id=\"32328\" src=\"https:\/\/kulturamoldava.sk\/wp-content\/uploads\/2025\/01\/image00012-2-768x1024.jpeg\" alt=\"\" class=\"wp-image-32328\" srcset=\"https:\/\/kulturamoldava.sk\/wp-content\/uploads\/2025\/01\/image00012-2-768x1024.jpeg 768w, https:\/\/kulturamoldava.sk\/wp-content\/uploads\/2025\/01\/image00012-2-225x300.jpeg 225w, https:\/\/kulturamoldava.sk\/wp-content\/uploads\/2025\/01\/image00012-2-1152x1536.jpeg 1152w, https:\/\/kulturamoldava.sk\/wp-content\/uploads\/2025\/01\/image00012-2-1536x2048.jpeg 1536w, https:\/\/kulturamoldava.sk\/wp-content\/uploads\/2025\/01\/image00012-2-9x12.jpeg 9w, https:\/\/kulturamoldava.sk\/wp-content\/uploads\/2025\/01\/image00012-2-580x773.jpeg 580w, https:\/\/kulturamoldava.sk\/wp-content\/uploads\/2025\/01\/image00012-2-860x1147.jpeg 860w, https:\/\/kulturamoldava.sk\/wp-content\/uploads\/2025\/01\/image00012-2-1160x1547.jpeg 1160w, https:\/\/kulturamoldava.sk\/wp-content\/uploads\/2025\/01\/image00012-2-1320x1760.jpeg 1320w, https:\/\/kulturamoldava.sk\/wp-content\/uploads\/2025\/01\/image00012-2-600x800.jpeg 600w, https:\/\/kulturamoldava.sk\/wp-content\/uploads\/2025\/01\/image00012-2-scaled.jpeg 1920w\" sizes=\"auto, (max-width: 768px) 100vw, 768px\" \/><\/a><\/figure>\n\n\n\n<figure class=\"wp-block-image size-large\"><a href=\"https:\/\/kulturamoldava.sk\/wp-content\/uploads\/2025\/01\/image00013-2-scaled.jpeg\"><img loading=\"lazy\" decoding=\"async\" width=\"768\" height=\"1024\" data-id=\"32345\" src=\"https:\/\/kulturamoldava.sk\/wp-content\/uploads\/2025\/01\/image00013-2-768x1024.jpeg\" alt=\"\" class=\"wp-image-32345\" srcset=\"https:\/\/kulturamoldava.sk\/wp-content\/uploads\/2025\/01\/image00013-2-768x1024.jpeg 768w, https:\/\/kulturamoldava.sk\/wp-content\/uploads\/2025\/01\/image00013-2-225x300.jpeg 225w, https:\/\/kulturamoldava.sk\/wp-content\/uploads\/2025\/01\/image00013-2-1152x1536.jpeg 1152w, https:\/\/kulturamoldava.sk\/wp-content\/uploads\/2025\/01\/image00013-2-1536x2048.jpeg 1536w, https:\/\/kulturamoldava.sk\/wp-content\/uploads\/2025\/01\/image00013-2-9x12.jpeg 9w, https:\/\/kulturamoldava.sk\/wp-content\/uploads\/2025\/01\/image00013-2-580x773.jpeg 580w, https:\/\/kulturamoldava.sk\/wp-content\/uploads\/2025\/01\/image00013-2-860x1147.jpeg 860w, https:\/\/kulturamoldava.sk\/wp-content\/uploads\/2025\/01\/image00013-2-1160x1547.jpeg 1160w, https:\/\/kulturamoldava.sk\/wp-content\/uploads\/2025\/01\/image00013-2-1320x1760.jpeg 1320w, https:\/\/kulturamoldava.sk\/wp-content\/uploads\/2025\/01\/image00013-2-600x800.jpeg 600w, https:\/\/kulturamoldava.sk\/wp-content\/uploads\/2025\/01\/image00013-2-scaled.jpeg 1920w\" sizes=\"auto, (max-width: 768px) 100vw, 768px\" \/><\/a><\/figure>\n\n\n\n<figure class=\"wp-block-image size-large\"><a href=\"https:\/\/kulturamoldava.sk\/wp-content\/uploads\/2025\/01\/image00014-2-scaled.jpeg\"><img loading=\"lazy\" decoding=\"async\" width=\"768\" height=\"1024\" data-id=\"32362\" src=\"https:\/\/kulturamoldava.sk\/wp-content\/uploads\/2025\/01\/image00014-2-768x1024.jpeg\" alt=\"\" class=\"wp-image-32362\" srcset=\"https:\/\/kulturamoldava.sk\/wp-content\/uploads\/2025\/01\/image00014-2-768x1024.jpeg 768w, https:\/\/kulturamoldava.sk\/wp-content\/uploads\/2025\/01\/image00014-2-225x300.jpeg 225w, https:\/\/kulturamoldava.sk\/wp-content\/uploads\/2025\/01\/image00014-2-1152x1536.jpeg 1152w, https:\/\/kulturamoldava.sk\/wp-content\/uploads\/2025\/01\/image00014-2-1536x2048.jpeg 1536w, https:\/\/kulturamoldava.sk\/wp-content\/uploads\/2025\/01\/image00014-2-9x12.jpeg 9w, https:\/\/kulturamoldava.sk\/wp-content\/uploads\/2025\/01\/image00014-2-580x773.jpeg 580w, https:\/\/kulturamoldava.sk\/wp-content\/uploads\/2025\/01\/image00014-2-860x1147.jpeg 860w, https:\/\/kulturamoldava.sk\/wp-content\/uploads\/2025\/01\/image00014-2-1160x1547.jpeg 1160w, https:\/\/kulturamoldava.sk\/wp-content\/uploads\/2025\/01\/image00014-2-1320x1760.jpeg 1320w, https:\/\/kulturamoldava.sk\/wp-content\/uploads\/2025\/01\/image00014-2-600x800.jpeg 600w, https:\/\/kulturamoldava.sk\/wp-content\/uploads\/2025\/01\/image00014-2-scaled.jpeg 1920w\" sizes=\"auto, (max-width: 768px) 100vw, 768px\" \/><\/a><\/figure>\n\n\n\n<figure class=\"wp-block-image size-large\"><a href=\"https:\/\/kulturamoldava.sk\/wp-content\/uploads\/2025\/01\/image00015-2-scaled.jpeg\"><img loading=\"lazy\" decoding=\"async\" width=\"768\" height=\"1024\" data-id=\"32363\" src=\"https:\/\/kulturamoldava.sk\/wp-content\/uploads\/2025\/01\/image00015-2-768x1024.jpeg\" alt=\"\" class=\"wp-image-32363\" srcset=\"https:\/\/kulturamoldava.sk\/wp-content\/uploads\/2025\/01\/image00015-2-768x1024.jpeg 768w, https:\/\/kulturamoldava.sk\/wp-content\/uploads\/2025\/01\/image00015-2-225x300.jpeg 225w, https:\/\/kulturamoldava.sk\/wp-content\/uploads\/2025\/01\/image00015-2-1152x1536.jpeg 1152w, https:\/\/kulturamoldava.sk\/wp-content\/uploads\/2025\/01\/image00015-2-1536x2048.jpeg 1536w, https:\/\/kulturamoldava.sk\/wp-content\/uploads\/2025\/01\/image00015-2-9x12.jpeg 9w, https:\/\/kulturamoldava.sk\/wp-content\/uploads\/2025\/01\/image00015-2-580x773.jpeg 580w, https:\/\/kulturamoldava.sk\/wp-content\/uploads\/2025\/01\/image00015-2-860x1147.jpeg 860w, https:\/\/kulturamoldava.sk\/wp-content\/uploads\/2025\/01\/image00015-2-1160x1547.jpeg 1160w, https:\/\/kulturamoldava.sk\/wp-content\/uploads\/2025\/01\/image00015-2-1320x1760.jpeg 1320w, https:\/\/kulturamoldava.sk\/wp-content\/uploads\/2025\/01\/image00015-2-600x800.jpeg 600w, https:\/\/kulturamoldava.sk\/wp-content\/uploads\/2025\/01\/image00015-2-scaled.jpeg 1920w\" sizes=\"auto, (max-width: 768px) 100vw, 768px\" \/><\/a><\/figure>\n\n\n\n<figure class=\"wp-block-image size-large\"><a href=\"https:\/\/kulturamoldava.sk\/wp-content\/uploads\/2025\/01\/image00016-2-scaled.jpeg\"><img loading=\"lazy\" decoding=\"async\" width=\"768\" height=\"1024\" data-id=\"32326\" src=\"https:\/\/kulturamoldava.sk\/wp-content\/uploads\/2025\/01\/image00016-2-768x1024.jpeg\" alt=\"\" class=\"wp-image-32326\" srcset=\"https:\/\/kulturamoldava.sk\/wp-content\/uploads\/2025\/01\/image00016-2-768x1024.jpeg 768w, https:\/\/kulturamoldava.sk\/wp-content\/uploads\/2025\/01\/image00016-2-225x300.jpeg 225w, https:\/\/kulturamoldava.sk\/wp-content\/uploads\/2025\/01\/image00016-2-1152x1536.jpeg 1152w, https:\/\/kulturamoldava.sk\/wp-content\/uploads\/2025\/01\/image00016-2-1536x2048.jpeg 1536w, https:\/\/kulturamoldava.sk\/wp-content\/uploads\/2025\/01\/image00016-2-9x12.jpeg 9w, https:\/\/kulturamoldava.sk\/wp-content\/uploads\/2025\/01\/image00016-2-580x773.jpeg 580w, https:\/\/kulturamoldava.sk\/wp-content\/uploads\/2025\/01\/image00016-2-860x1147.jpeg 860w, https:\/\/kulturamoldava.sk\/wp-content\/uploads\/2025\/01\/image00016-2-1160x1547.jpeg 1160w, https:\/\/kulturamoldava.sk\/wp-content\/uploads\/2025\/01\/image00016-2-1320x1760.jpeg 1320w, https:\/\/kulturamoldava.sk\/wp-content\/uploads\/2025\/01\/image00016-2-600x800.jpeg 600w, https:\/\/kulturamoldava.sk\/wp-content\/uploads\/2025\/01\/image00016-2-scaled.jpeg 1920w\" sizes=\"auto, (max-width: 768px) 100vw, 768px\" \/><\/a><\/figure>\n\n\n\n<figure class=\"wp-block-image size-large\"><a href=\"https:\/\/kulturamoldava.sk\/wp-content\/uploads\/2025\/01\/image00018-2-scaled.jpeg\"><img loading=\"lazy\" decoding=\"async\" width=\"768\" height=\"1024\" data-id=\"32341\" src=\"https:\/\/kulturamoldava.sk\/wp-content\/uploads\/2025\/01\/image00018-2-768x1024.jpeg\" alt=\"\" class=\"wp-image-32341\" srcset=\"https:\/\/kulturamoldava.sk\/wp-content\/uploads\/2025\/01\/image00018-2-768x1024.jpeg 768w, https:\/\/kulturamoldava.sk\/wp-content\/uploads\/2025\/01\/image00018-2-225x300.jpeg 225w, https:\/\/kulturamoldava.sk\/wp-content\/uploads\/2025\/01\/image00018-2-1152x1536.jpeg 1152w, https:\/\/kulturamoldava.sk\/wp-content\/uploads\/2025\/01\/image00018-2-1536x2048.jpeg 1536w, https:\/\/kulturamoldava.sk\/wp-content\/uploads\/2025\/01\/image00018-2-9x12.jpeg 9w, https:\/\/kulturamoldava.sk\/wp-content\/uploads\/2025\/01\/image00018-2-580x773.jpeg 580w, https:\/\/kulturamoldava.sk\/wp-content\/uploads\/2025\/01\/image00018-2-860x1147.jpeg 860w, https:\/\/kulturamoldava.sk\/wp-content\/uploads\/2025\/01\/image00018-2-1160x1547.jpeg 1160w, https:\/\/kulturamoldava.sk\/wp-content\/uploads\/2025\/01\/image00018-2-1320x1760.jpeg 1320w, https:\/\/kulturamoldava.sk\/wp-content\/uploads\/2025\/01\/image00018-2-600x800.jpeg 600w, https:\/\/kulturamoldava.sk\/wp-content\/uploads\/2025\/01\/image00018-2-scaled.jpeg 1920w\" sizes=\"auto, (max-width: 768px) 100vw, 768px\" \/><\/a><\/figure>\n\n\n\n<figure class=\"wp-block-image size-large\"><a href=\"https:\/\/kulturamoldava.sk\/wp-content\/uploads\/2025\/01\/image00021-1-scaled.jpeg\"><img loading=\"lazy\" decoding=\"async\" width=\"768\" height=\"1024\" data-id=\"32338\" src=\"https:\/\/kulturamoldava.sk\/wp-content\/uploads\/2025\/01\/image00021-1-768x1024.jpeg\" alt=\"\" class=\"wp-image-32338\" srcset=\"https:\/\/kulturamoldava.sk\/wp-content\/uploads\/2025\/01\/image00021-1-768x1024.jpeg 768w, https:\/\/kulturamoldava.sk\/wp-content\/uploads\/2025\/01\/image00021-1-225x300.jpeg 225w, https:\/\/kulturamoldava.sk\/wp-content\/uploads\/2025\/01\/image00021-1-1152x1536.jpeg 1152w, https:\/\/kulturamoldava.sk\/wp-content\/uploads\/2025\/01\/image00021-1-1536x2048.jpeg 1536w, https:\/\/kulturamoldava.sk\/wp-content\/uploads\/2025\/01\/image00021-1-9x12.jpeg 9w, https:\/\/kulturamoldava.sk\/wp-content\/uploads\/2025\/01\/image00021-1-580x773.jpeg 580w, https:\/\/kulturamoldava.sk\/wp-content\/uploads\/2025\/01\/image00021-1-860x1147.jpeg 860w, https:\/\/kulturamoldava.sk\/wp-content\/uploads\/2025\/01\/image00021-1-1160x1547.jpeg 1160w, https:\/\/kulturamoldava.sk\/wp-content\/uploads\/2025\/01\/image00021-1-1320x1760.jpeg 1320w, https:\/\/kulturamoldava.sk\/wp-content\/uploads\/2025\/01\/image00021-1-600x800.jpeg 600w, https:\/\/kulturamoldava.sk\/wp-content\/uploads\/2025\/01\/image00021-1-scaled.jpeg 1920w\" sizes=\"auto, (max-width: 768px) 100vw, 768px\" \/><\/a><\/figure>\n\n\n\n<figure class=\"wp-block-image size-large\"><a href=\"https:\/\/kulturamoldava.sk\/wp-content\/uploads\/2025\/01\/image00022-1-scaled.jpeg\"><img loading=\"lazy\" decoding=\"async\" width=\"768\" height=\"1024\" data-id=\"32353\" src=\"https:\/\/kulturamoldava.sk\/wp-content\/uploads\/2025\/01\/image00022-1-768x1024.jpeg\" alt=\"\" class=\"wp-image-32353\" srcset=\"https:\/\/kulturamoldava.sk\/wp-content\/uploads\/2025\/01\/image00022-1-768x1024.jpeg 768w, https:\/\/kulturamoldava.sk\/wp-content\/uploads\/2025\/01\/image00022-1-225x300.jpeg 225w, https:\/\/kulturamoldava.sk\/wp-content\/uploads\/2025\/01\/image00022-1-1152x1536.jpeg 1152w, https:\/\/kulturamoldava.sk\/wp-content\/uploads\/2025\/01\/image00022-1-1536x2048.jpeg 1536w, https:\/\/kulturamoldava.sk\/wp-content\/uploads\/2025\/01\/image00022-1-9x12.jpeg 9w, https:\/\/kulturamoldava.sk\/wp-content\/uploads\/2025\/01\/image00022-1-580x773.jpeg 580w, https:\/\/kulturamoldava.sk\/wp-content\/uploads\/2025\/01\/image00022-1-860x1147.jpeg 860w, https:\/\/kulturamoldava.sk\/wp-content\/uploads\/2025\/01\/image00022-1-1160x1547.jpeg 1160w, https:\/\/kulturamoldava.sk\/wp-content\/uploads\/2025\/01\/image00022-1-1320x1760.jpeg 1320w, https:\/\/kulturamoldava.sk\/wp-content\/uploads\/2025\/01\/image00022-1-600x800.jpeg 600w, https:\/\/kulturamoldava.sk\/wp-content\/uploads\/2025\/01\/image00022-1-scaled.jpeg 1920w\" sizes=\"auto, (max-width: 768px) 100vw, 768px\" \/><\/a><\/figure>\n\n\n\n<figure class=\"wp-block-image size-large\"><a href=\"https:\/\/kulturamoldava.sk\/wp-content\/uploads\/2025\/01\/image00023-1-scaled.jpeg\"><img loading=\"lazy\" decoding=\"async\" width=\"768\" height=\"1024\" data-id=\"32370\" src=\"https:\/\/kulturamoldava.sk\/wp-content\/uploads\/2025\/01\/image00023-1-768x1024.jpeg\" alt=\"\" class=\"wp-image-32370\" srcset=\"https:\/\/kulturamoldava.sk\/wp-content\/uploads\/2025\/01\/image00023-1-768x1024.jpeg 768w, https:\/\/kulturamoldava.sk\/wp-content\/uploads\/2025\/01\/image00023-1-225x300.jpeg 225w, https:\/\/kulturamoldava.sk\/wp-content\/uploads\/2025\/01\/image00023-1-1152x1536.jpeg 1152w, https:\/\/kulturamoldava.sk\/wp-content\/uploads\/2025\/01\/image00023-1-1536x2048.jpeg 1536w, https:\/\/kulturamoldava.sk\/wp-content\/uploads\/2025\/01\/image00023-1-9x12.jpeg 9w, https:\/\/kulturamoldava.sk\/wp-content\/uploads\/2025\/01\/image00023-1-580x773.jpeg 580w, https:\/\/kulturamoldava.sk\/wp-content\/uploads\/2025\/01\/image00023-1-860x1147.jpeg 860w, https:\/\/kulturamoldava.sk\/wp-content\/uploads\/2025\/01\/image00023-1-1160x1547.jpeg 1160w, https:\/\/kulturamoldava.sk\/wp-content\/uploads\/2025\/01\/image00023-1-1320x1760.jpeg 1320w, https:\/\/kulturamoldava.sk\/wp-content\/uploads\/2025\/01\/image00023-1-600x800.jpeg 600w, https:\/\/kulturamoldava.sk\/wp-content\/uploads\/2025\/01\/image00023-1-scaled.jpeg 1920w\" sizes=\"auto, (max-width: 768px) 100vw, 768px\" \/><\/a><\/figure>\n\n\n\n<figure class=\"wp-block-image size-large\"><a href=\"https:\/\/kulturamoldava.sk\/wp-content\/uploads\/2025\/01\/image00024-1-scaled.jpeg\"><img loading=\"lazy\" decoding=\"async\" width=\"768\" height=\"1024\" data-id=\"32371\" src=\"https:\/\/kulturamoldava.sk\/wp-content\/uploads\/2025\/01\/image00024-1-768x1024.jpeg\" alt=\"\" class=\"wp-image-32371\" srcset=\"https:\/\/kulturamoldava.sk\/wp-content\/uploads\/2025\/01\/image00024-1-768x1024.jpeg 768w, https:\/\/kulturamoldava.sk\/wp-content\/uploads\/2025\/01\/image00024-1-225x300.jpeg 225w, https:\/\/kulturamoldava.sk\/wp-content\/uploads\/2025\/01\/image00024-1-1152x1536.jpeg 1152w, https:\/\/kulturamoldava.sk\/wp-content\/uploads\/2025\/01\/image00024-1-1536x2048.jpeg 1536w, https:\/\/kulturamoldava.sk\/wp-content\/uploads\/2025\/01\/image00024-1-9x12.jpeg 9w, https:\/\/kulturamoldava.sk\/wp-content\/uploads\/2025\/01\/image00024-1-580x773.jpeg 580w, https:\/\/kulturamoldava.sk\/wp-content\/uploads\/2025\/01\/image00024-1-860x1147.jpeg 860w, https:\/\/kulturamoldava.sk\/wp-content\/uploads\/2025\/01\/image00024-1-1160x1547.jpeg 1160w, https:\/\/kulturamoldava.sk\/wp-content\/uploads\/2025\/01\/image00024-1-1320x1760.jpeg 1320w, https:\/\/kulturamoldava.sk\/wp-content\/uploads\/2025\/01\/image00024-1-600x800.jpeg 600w, https:\/\/kulturamoldava.sk\/wp-content\/uploads\/2025\/01\/image00024-1-scaled.jpeg 1920w\" sizes=\"auto, (max-width: 768px) 100vw, 768px\" \/><\/a><\/figure>\n\n\n\n<figure class=\"wp-block-image size-large\"><a href=\"https:\/\/kulturamoldava.sk\/wp-content\/uploads\/2025\/01\/image00025-1-scaled.jpeg\"><img loading=\"lazy\" decoding=\"async\" width=\"768\" height=\"1024\" data-id=\"32346\" src=\"https:\/\/kulturamoldava.sk\/wp-content\/uploads\/2025\/01\/image00025-1-768x1024.jpeg\" alt=\"\" class=\"wp-image-32346\" srcset=\"https:\/\/kulturamoldava.sk\/wp-content\/uploads\/2025\/01\/image00025-1-768x1024.jpeg 768w, https:\/\/kulturamoldava.sk\/wp-content\/uploads\/2025\/01\/image00025-1-225x300.jpeg 225w, https:\/\/kulturamoldava.sk\/wp-content\/uploads\/2025\/01\/image00025-1-1152x1536.jpeg 1152w, https:\/\/kulturamoldava.sk\/wp-content\/uploads\/2025\/01\/image00025-1-1536x2048.jpeg 1536w, https:\/\/kulturamoldava.sk\/wp-content\/uploads\/2025\/01\/image00025-1-9x12.jpeg 9w, https:\/\/kulturamoldava.sk\/wp-content\/uploads\/2025\/01\/image00025-1-580x773.jpeg 580w, https:\/\/kulturamoldava.sk\/wp-content\/uploads\/2025\/01\/image00025-1-860x1147.jpeg 860w, https:\/\/kulturamoldava.sk\/wp-content\/uploads\/2025\/01\/image00025-1-1160x1547.jpeg 1160w, https:\/\/kulturamoldava.sk\/wp-content\/uploads\/2025\/01\/image00025-1-1320x1760.jpeg 1320w, https:\/\/kulturamoldava.sk\/wp-content\/uploads\/2025\/01\/image00025-1-600x800.jpeg 600w, https:\/\/kulturamoldava.sk\/wp-content\/uploads\/2025\/01\/image00025-1-scaled.jpeg 1920w\" sizes=\"auto, (max-width: 768px) 100vw, 768px\" \/><\/a><\/figure>\n\n\n\n<figure class=\"wp-block-image size-large\"><a href=\"https:\/\/kulturamoldava.sk\/wp-content\/uploads\/2025\/01\/image00026-1-scaled.jpeg\"><img loading=\"lazy\" decoding=\"async\" width=\"768\" height=\"1024\" data-id=\"32334\" src=\"https:\/\/kulturamoldava.sk\/wp-content\/uploads\/2025\/01\/image00026-1-768x1024.jpeg\" alt=\"\" class=\"wp-image-32334\" srcset=\"https:\/\/kulturamoldava.sk\/wp-content\/uploads\/2025\/01\/image00026-1-768x1024.jpeg 768w, https:\/\/kulturamoldava.sk\/wp-content\/uploads\/2025\/01\/image00026-1-225x300.jpeg 225w, https:\/\/kulturamoldava.sk\/wp-content\/uploads\/2025\/01\/image00026-1-1152x1536.jpeg 1152w, https:\/\/kulturamoldava.sk\/wp-content\/uploads\/2025\/01\/image00026-1-1536x2048.jpeg 1536w, https:\/\/kulturamoldava.sk\/wp-content\/uploads\/2025\/01\/image00026-1-9x12.jpeg 9w, https:\/\/kulturamoldava.sk\/wp-content\/uploads\/2025\/01\/image00026-1-580x773.jpeg 580w, https:\/\/kulturamoldava.sk\/wp-content\/uploads\/2025\/01\/image00026-1-860x1147.jpeg 860w, https:\/\/kulturamoldava.sk\/wp-content\/uploads\/2025\/01\/image00026-1-1160x1547.jpeg 1160w, https:\/\/kulturamoldava.sk\/wp-content\/uploads\/2025\/01\/image00026-1-1320x1760.jpeg 1320w, https:\/\/kulturamoldava.sk\/wp-content\/uploads\/2025\/01\/image00026-1-600x800.jpeg 600w, https:\/\/kulturamoldava.sk\/wp-content\/uploads\/2025\/01\/image00026-1-scaled.jpeg 1920w\" sizes=\"auto, (max-width: 768px) 100vw, 768px\" \/><\/a><\/figure>\n\n\n\n<figure class=\"wp-block-image size-large\"><img loading=\"lazy\" decoding=\"async\" width=\"1024\" height=\"768\" data-id=\"32372\" src=\"https:\/\/kulturamoldava.sk\/wp-content\/uploads\/2025\/01\/image00027-1-1024x768.jpeg\" alt=\"\" class=\"wp-image-32372\" srcset=\"https:\/\/kulturamoldava.sk\/wp-content\/uploads\/2025\/01\/image00027-1-1024x768.jpeg 1024w, https:\/\/kulturamoldava.sk\/wp-content\/uploads\/2025\/01\/image00027-1-300x225.jpeg 300w, https:\/\/kulturamoldava.sk\/wp-content\/uploads\/2025\/01\/image00027-1-768x576.jpeg 768w, https:\/\/kulturamoldava.sk\/wp-content\/uploads\/2025\/01\/image00027-1-1536x1152.jpeg 1536w, https:\/\/kulturamoldava.sk\/wp-content\/uploads\/2025\/01\/image00027-1-2048x1536.jpeg 2048w, https:\/\/kulturamoldava.sk\/wp-content\/uploads\/2025\/01\/image00027-1-16x12.jpeg 16w, https:\/\/kulturamoldava.sk\/wp-content\/uploads\/2025\/01\/image00027-1-580x435.jpeg 580w, https:\/\/kulturamoldava.sk\/wp-content\/uploads\/2025\/01\/image00027-1-860x645.jpeg 860w, https:\/\/kulturamoldava.sk\/wp-content\/uploads\/2025\/01\/image00027-1-1160x870.jpeg 1160w, https:\/\/kulturamoldava.sk\/wp-content\/uploads\/2025\/01\/image00027-1-1320x990.jpeg 1320w, https:\/\/kulturamoldava.sk\/wp-content\/uploads\/2025\/01\/image00027-1-600x450.jpeg 600w\" sizes=\"auto, (max-width: 1024px) 100vw, 1024px\" \/><\/figure>\n\n\n\n<figure class=\"wp-block-image size-large\"><a href=\"https:\/\/kulturamoldava.sk\/wp-content\/uploads\/2025\/01\/image00028-1-scaled.jpeg\"><img loading=\"lazy\" decoding=\"async\" width=\"1024\" height=\"768\" data-id=\"32356\" src=\"https:\/\/kulturamoldava.sk\/wp-content\/uploads\/2025\/01\/image00028-1-1024x768.jpeg\" alt=\"\" class=\"wp-image-32356\" srcset=\"https:\/\/kulturamoldava.sk\/wp-content\/uploads\/2025\/01\/image00028-1-1024x768.jpeg 1024w, https:\/\/kulturamoldava.sk\/wp-content\/uploads\/2025\/01\/image00028-1-300x225.jpeg 300w, https:\/\/kulturamoldava.sk\/wp-content\/uploads\/2025\/01\/image00028-1-768x576.jpeg 768w, https:\/\/kulturamoldava.sk\/wp-content\/uploads\/2025\/01\/image00028-1-1536x1152.jpeg 1536w, https:\/\/kulturamoldava.sk\/wp-content\/uploads\/2025\/01\/image00028-1-2048x1536.jpeg 2048w, https:\/\/kulturamoldava.sk\/wp-content\/uploads\/2025\/01\/image00028-1-16x12.jpeg 16w, https:\/\/kulturamoldava.sk\/wp-content\/uploads\/2025\/01\/image00028-1-580x435.jpeg 580w, https:\/\/kulturamoldava.sk\/wp-content\/uploads\/2025\/01\/image00028-1-860x645.jpeg 860w, https:\/\/kulturamoldava.sk\/wp-content\/uploads\/2025\/01\/image00028-1-1160x870.jpeg 1160w, https:\/\/kulturamoldava.sk\/wp-content\/uploads\/2025\/01\/image00028-1-1320x990.jpeg 1320w, https:\/\/kulturamoldava.sk\/wp-content\/uploads\/2025\/01\/image00028-1-600x450.jpeg 600w\" sizes=\"auto, (max-width: 1024px) 100vw, 1024px\" \/><\/a><\/figure>\n\n\n\n<figure class=\"wp-block-image size-large\"><a href=\"https:\/\/kulturamoldava.sk\/wp-content\/uploads\/2025\/01\/image00029-scaled.jpeg\"><img loading=\"lazy\" decoding=\"async\" width=\"768\" height=\"1024\" data-id=\"32327\" src=\"https:\/\/kulturamoldava.sk\/wp-content\/uploads\/2025\/01\/image00029-768x1024.jpeg\" alt=\"\" class=\"wp-image-32327\" srcset=\"https:\/\/kulturamoldava.sk\/wp-content\/uploads\/2025\/01\/image00029-768x1024.jpeg 768w, https:\/\/kulturamoldava.sk\/wp-content\/uploads\/2025\/01\/image00029-225x300.jpeg 225w, https:\/\/kulturamoldava.sk\/wp-content\/uploads\/2025\/01\/image00029-1152x1536.jpeg 1152w, https:\/\/kulturamoldava.sk\/wp-content\/uploads\/2025\/01\/image00029-1536x2048.jpeg 1536w, https:\/\/kulturamoldava.sk\/wp-content\/uploads\/2025\/01\/image00029-9x12.jpeg 9w, https:\/\/kulturamoldava.sk\/wp-content\/uploads\/2025\/01\/image00029-580x773.jpeg 580w, https:\/\/kulturamoldava.sk\/wp-content\/uploads\/2025\/01\/image00029-860x1147.jpeg 860w, https:\/\/kulturamoldava.sk\/wp-content\/uploads\/2025\/01\/image00029-1160x1547.jpeg 1160w, https:\/\/kulturamoldava.sk\/wp-content\/uploads\/2025\/01\/image00029-1320x1760.jpeg 1320w, https:\/\/kulturamoldava.sk\/wp-content\/uploads\/2025\/01\/image00029-600x800.jpeg 600w, https:\/\/kulturamoldava.sk\/wp-content\/uploads\/2025\/01\/image00029-scaled.jpeg 1920w\" sizes=\"auto, (max-width: 768px) 100vw, 768px\" \/><\/a><\/figure>\n\n\n\n<figure class=\"wp-block-image size-large\"><a href=\"https:\/\/kulturamoldava.sk\/wp-content\/uploads\/2025\/01\/image00030-scaled.jpeg\"><img loading=\"lazy\" decoding=\"async\" width=\"768\" height=\"1024\" data-id=\"32321\" src=\"https:\/\/kulturamoldava.sk\/wp-content\/uploads\/2025\/01\/image00030-768x1024.jpeg\" alt=\"\" class=\"wp-image-32321\" srcset=\"https:\/\/kulturamoldava.sk\/wp-content\/uploads\/2025\/01\/image00030-768x1024.jpeg 768w, https:\/\/kulturamoldava.sk\/wp-content\/uploads\/2025\/01\/image00030-225x300.jpeg 225w, https:\/\/kulturamoldava.sk\/wp-content\/uploads\/2025\/01\/image00030-1152x1536.jpeg 1152w, https:\/\/kulturamoldava.sk\/wp-content\/uploads\/2025\/01\/image00030-1536x2048.jpeg 1536w, https:\/\/kulturamoldava.sk\/wp-content\/uploads\/2025\/01\/image00030-9x12.jpeg 9w, https:\/\/kulturamoldava.sk\/wp-content\/uploads\/2025\/01\/image00030-580x773.jpeg 580w, https:\/\/kulturamoldava.sk\/wp-content\/uploads\/2025\/01\/image00030-860x1147.jpeg 860w, https:\/\/kulturamoldava.sk\/wp-content\/uploads\/2025\/01\/image00030-1160x1547.jpeg 1160w, https:\/\/kulturamoldava.sk\/wp-content\/uploads\/2025\/01\/image00030-1320x1760.jpeg 1320w, https:\/\/kulturamoldava.sk\/wp-content\/uploads\/2025\/01\/image00030-600x800.jpeg 600w, https:\/\/kulturamoldava.sk\/wp-content\/uploads\/2025\/01\/image00030-scaled.jpeg 1920w\" sizes=\"auto, (max-width: 768px) 100vw, 768px\" \/><\/a><\/figure>\n\n\n\n<figure class=\"wp-block-image size-large\"><a href=\"https:\/\/kulturamoldava.sk\/wp-content\/uploads\/2025\/01\/image00031-scaled.jpeg\"><img loading=\"lazy\" decoding=\"async\" width=\"768\" height=\"1024\" data-id=\"32317\" src=\"https:\/\/kulturamoldava.sk\/wp-content\/uploads\/2025\/01\/image00031-768x1024.jpeg\" alt=\"\" class=\"wp-image-32317\" srcset=\"https:\/\/kulturamoldava.sk\/wp-content\/uploads\/2025\/01\/image00031-768x1024.jpeg 768w, https:\/\/kulturamoldava.sk\/wp-content\/uploads\/2025\/01\/image00031-225x300.jpeg 225w, https:\/\/kulturamoldava.sk\/wp-content\/uploads\/2025\/01\/image00031-1152x1536.jpeg 1152w, https:\/\/kulturamoldava.sk\/wp-content\/uploads\/2025\/01\/image00031-1536x2048.jpeg 1536w, https:\/\/kulturamoldava.sk\/wp-content\/uploads\/2025\/01\/image00031-9x12.jpeg 9w, https:\/\/kulturamoldava.sk\/wp-content\/uploads\/2025\/01\/image00031-580x773.jpeg 580w, https:\/\/kulturamoldava.sk\/wp-content\/uploads\/2025\/01\/image00031-860x1147.jpeg 860w, https:\/\/kulturamoldava.sk\/wp-content\/uploads\/2025\/01\/image00031-1160x1547.jpeg 1160w, https:\/\/kulturamoldava.sk\/wp-content\/uploads\/2025\/01\/image00031-1320x1760.jpeg 1320w, https:\/\/kulturamoldava.sk\/wp-content\/uploads\/2025\/01\/image00031-600x800.jpeg 600w, https:\/\/kulturamoldava.sk\/wp-content\/uploads\/2025\/01\/image00031-scaled.jpeg 1920w\" sizes=\"auto, (max-width: 768px) 100vw, 768px\" \/><\/a><\/figure>\n\n\n\n<figure class=\"wp-block-image size-large\"><a href=\"https:\/\/kulturamoldava.sk\/wp-content\/uploads\/2025\/01\/image00032-scaled.jpeg\"><img loading=\"lazy\" decoding=\"async\" width=\"768\" height=\"1024\" data-id=\"32330\" src=\"https:\/\/kulturamoldava.sk\/wp-content\/uploads\/2025\/01\/image00032-768x1024.jpeg\" alt=\"\" class=\"wp-image-32330\" srcset=\"https:\/\/kulturamoldava.sk\/wp-content\/uploads\/2025\/01\/image00032-768x1024.jpeg 768w, https:\/\/kulturamoldava.sk\/wp-content\/uploads\/2025\/01\/image00032-225x300.jpeg 225w, https:\/\/kulturamoldava.sk\/wp-content\/uploads\/2025\/01\/image00032-1152x1536.jpeg 1152w, https:\/\/kulturamoldava.sk\/wp-content\/uploads\/2025\/01\/image00032-1536x2048.jpeg 1536w, https:\/\/kulturamoldava.sk\/wp-content\/uploads\/2025\/01\/image00032-9x12.jpeg 9w, https:\/\/kulturamoldava.sk\/wp-content\/uploads\/2025\/01\/image00032-580x773.jpeg 580w, https:\/\/kulturamoldava.sk\/wp-content\/uploads\/2025\/01\/image00032-860x1147.jpeg 860w, https:\/\/kulturamoldava.sk\/wp-content\/uploads\/2025\/01\/image00032-1160x1547.jpeg 1160w, https:\/\/kulturamoldava.sk\/wp-content\/uploads\/2025\/01\/image00032-1320x1760.jpeg 1320w, https:\/\/kulturamoldava.sk\/wp-content\/uploads\/2025\/01\/image00032-600x800.jpeg 600w, https:\/\/kulturamoldava.sk\/wp-content\/uploads\/2025\/01\/image00032-scaled.jpeg 1920w\" sizes=\"auto, (max-width: 768px) 100vw, 768px\" \/><\/a><\/figure>\n\n\n\n<figure class=\"wp-block-image size-large\"><a href=\"https:\/\/kulturamoldava.sk\/wp-content\/uploads\/2025\/01\/image00033-scaled.jpeg\"><img loading=\"lazy\" decoding=\"async\" width=\"768\" height=\"1024\" data-id=\"32304\" src=\"https:\/\/kulturamoldava.sk\/wp-content\/uploads\/2025\/01\/image00033-768x1024.jpeg\" alt=\"\" class=\"wp-image-32304\" srcset=\"https:\/\/kulturamoldava.sk\/wp-content\/uploads\/2025\/01\/image00033-768x1024.jpeg 768w, https:\/\/kulturamoldava.sk\/wp-content\/uploads\/2025\/01\/image00033-225x300.jpeg 225w, https:\/\/kulturamoldava.sk\/wp-content\/uploads\/2025\/01\/image00033-1152x1536.jpeg 1152w, https:\/\/kulturamoldava.sk\/wp-content\/uploads\/2025\/01\/image00033-1536x2048.jpeg 1536w, https:\/\/kulturamoldava.sk\/wp-content\/uploads\/2025\/01\/image00033-9x12.jpeg 9w, https:\/\/kulturamoldava.sk\/wp-content\/uploads\/2025\/01\/image00033-580x773.jpeg 580w, https:\/\/kulturamoldava.sk\/wp-content\/uploads\/2025\/01\/image00033-860x1147.jpeg 860w, https:\/\/kulturamoldava.sk\/wp-content\/uploads\/2025\/01\/image00033-1160x1547.jpeg 1160w, https:\/\/kulturamoldava.sk\/wp-content\/uploads\/2025\/01\/image00033-1320x1760.jpeg 1320w, https:\/\/kulturamoldava.sk\/wp-content\/uploads\/2025\/01\/image00033-600x800.jpeg 600w, https:\/\/kulturamoldava.sk\/wp-content\/uploads\/2025\/01\/image00033-scaled.jpeg 1920w\" sizes=\"auto, (max-width: 768px) 100vw, 768px\" \/><\/a><\/figure>\n\n\n\n<figure class=\"wp-block-image size-large\"><a href=\"https:\/\/kulturamoldava.sk\/wp-content\/uploads\/2025\/01\/image00034-scaled.jpeg\"><img loading=\"lazy\" decoding=\"async\" width=\"768\" height=\"1024\" data-id=\"32312\" src=\"https:\/\/kulturamoldava.sk\/wp-content\/uploads\/2025\/01\/image00034-768x1024.jpeg\" alt=\"\" class=\"wp-image-32312\" srcset=\"https:\/\/kulturamoldava.sk\/wp-content\/uploads\/2025\/01\/image00034-768x1024.jpeg 768w, https:\/\/kulturamoldava.sk\/wp-content\/uploads\/2025\/01\/image00034-225x300.jpeg 225w, https:\/\/kulturamoldava.sk\/wp-content\/uploads\/2025\/01\/image00034-1152x1536.jpeg 1152w, https:\/\/kulturamoldava.sk\/wp-content\/uploads\/2025\/01\/image00034-1536x2048.jpeg 1536w, https:\/\/kulturamoldava.sk\/wp-content\/uploads\/2025\/01\/image00034-9x12.jpeg 9w, https:\/\/kulturamoldava.sk\/wp-content\/uploads\/2025\/01\/image00034-580x773.jpeg 580w, https:\/\/kulturamoldava.sk\/wp-content\/uploads\/2025\/01\/image00034-860x1147.jpeg 860w, https:\/\/kulturamoldava.sk\/wp-content\/uploads\/2025\/01\/image00034-1160x1547.jpeg 1160w, https:\/\/kulturamoldava.sk\/wp-content\/uploads\/2025\/01\/image00034-1320x1760.jpeg 1320w, https:\/\/kulturamoldava.sk\/wp-content\/uploads\/2025\/01\/image00034-600x800.jpeg 600w, https:\/\/kulturamoldava.sk\/wp-content\/uploads\/2025\/01\/image00034-scaled.jpeg 1920w\" sizes=\"auto, (max-width: 768px) 100vw, 768px\" \/><\/a><\/figure>\n\n\n\n<figure class=\"wp-block-image size-large\"><a href=\"https:\/\/kulturamoldava.sk\/wp-content\/uploads\/2025\/01\/image00037-scaled.jpeg\"><img loading=\"lazy\" decoding=\"async\" width=\"768\" height=\"1024\" data-id=\"32369\" src=\"https:\/\/kulturamoldava.sk\/wp-content\/uploads\/2025\/01\/image00037-768x1024.jpeg\" alt=\"\" class=\"wp-image-32369\" srcset=\"https:\/\/kulturamoldava.sk\/wp-content\/uploads\/2025\/01\/image00037-768x1024.jpeg 768w, https:\/\/kulturamoldava.sk\/wp-content\/uploads\/2025\/01\/image00037-225x300.jpeg 225w, https:\/\/kulturamoldava.sk\/wp-content\/uploads\/2025\/01\/image00037-1152x1536.jpeg 1152w, https:\/\/kulturamoldava.sk\/wp-content\/uploads\/2025\/01\/image00037-1536x2048.jpeg 1536w, https:\/\/kulturamoldava.sk\/wp-content\/uploads\/2025\/01\/image00037-9x12.jpeg 9w, https:\/\/kulturamoldava.sk\/wp-content\/uploads\/2025\/01\/image00037-580x773.jpeg 580w, https:\/\/kulturamoldava.sk\/wp-content\/uploads\/2025\/01\/image00037-860x1147.jpeg 860w, https:\/\/kulturamoldava.sk\/wp-content\/uploads\/2025\/01\/image00037-1160x1547.jpeg 1160w, https:\/\/kulturamoldava.sk\/wp-content\/uploads\/2025\/01\/image00037-1320x1760.jpeg 1320w, https:\/\/kulturamoldava.sk\/wp-content\/uploads\/2025\/01\/image00037-600x800.jpeg 600w, https:\/\/kulturamoldava.sk\/wp-content\/uploads\/2025\/01\/image00037-scaled.jpeg 1920w\" sizes=\"auto, (max-width: 768px) 100vw, 768px\" \/><\/a><\/figure>\n\n\n\n<figure class=\"wp-block-image size-large\"><a href=\"https:\/\/kulturamoldava.sk\/wp-content\/uploads\/2025\/01\/image00038-scaled.jpeg\"><img loading=\"lazy\" decoding=\"async\" width=\"768\" height=\"1024\" data-id=\"32368\" src=\"https:\/\/kulturamoldava.sk\/wp-content\/uploads\/2025\/01\/image00038-768x1024.jpeg\" alt=\"\" class=\"wp-image-32368\" srcset=\"https:\/\/kulturamoldava.sk\/wp-content\/uploads\/2025\/01\/image00038-768x1024.jpeg 768w, https:\/\/kulturamoldava.sk\/wp-content\/uploads\/2025\/01\/image00038-225x300.jpeg 225w, https:\/\/kulturamoldava.sk\/wp-content\/uploads\/2025\/01\/image00038-1152x1536.jpeg 1152w, https:\/\/kulturamoldava.sk\/wp-content\/uploads\/2025\/01\/image00038-1536x2048.jpeg 1536w, https:\/\/kulturamoldava.sk\/wp-content\/uploads\/2025\/01\/image00038-9x12.jpeg 9w, https:\/\/kulturamoldava.sk\/wp-content\/uploads\/2025\/01\/image00038-580x773.jpeg 580w, https:\/\/kulturamoldava.sk\/wp-content\/uploads\/2025\/01\/image00038-860x1147.jpeg 860w, https:\/\/kulturamoldava.sk\/wp-content\/uploads\/2025\/01\/image00038-1160x1547.jpeg 1160w, https:\/\/kulturamoldava.sk\/wp-content\/uploads\/2025\/01\/image00038-1320x1760.jpeg 1320w, https:\/\/kulturamoldava.sk\/wp-content\/uploads\/2025\/01\/image00038-600x800.jpeg 600w, https:\/\/kulturamoldava.sk\/wp-content\/uploads\/2025\/01\/image00038-scaled.jpeg 1920w\" sizes=\"auto, (max-width: 768px) 100vw, 768px\" \/><\/a><\/figure>\n\n\n\n<figure class=\"wp-block-image size-large\"><a href=\"https:\/\/kulturamoldava.sk\/wp-content\/uploads\/2025\/01\/image00040-scaled.jpeg\"><img loading=\"lazy\" decoding=\"async\" width=\"1024\" height=\"768\" data-id=\"32367\" src=\"https:\/\/kulturamoldava.sk\/wp-content\/uploads\/2025\/01\/image00040-1024x768.jpeg\" alt=\"\" class=\"wp-image-32367\" srcset=\"https:\/\/kulturamoldava.sk\/wp-content\/uploads\/2025\/01\/image00040-1024x768.jpeg 1024w, https:\/\/kulturamoldava.sk\/wp-content\/uploads\/2025\/01\/image00040-300x225.jpeg 300w, https:\/\/kulturamoldava.sk\/wp-content\/uploads\/2025\/01\/image00040-768x576.jpeg 768w, https:\/\/kulturamoldava.sk\/wp-content\/uploads\/2025\/01\/image00040-1536x1152.jpeg 1536w, https:\/\/kulturamoldava.sk\/wp-content\/uploads\/2025\/01\/image00040-2048x1536.jpeg 2048w, https:\/\/kulturamoldava.sk\/wp-content\/uploads\/2025\/01\/image00040-16x12.jpeg 16w, https:\/\/kulturamoldava.sk\/wp-content\/uploads\/2025\/01\/image00040-580x435.jpeg 580w, https:\/\/kulturamoldava.sk\/wp-content\/uploads\/2025\/01\/image00040-860x645.jpeg 860w, https:\/\/kulturamoldava.sk\/wp-content\/uploads\/2025\/01\/image00040-1160x870.jpeg 1160w, https:\/\/kulturamoldava.sk\/wp-content\/uploads\/2025\/01\/image00040-1320x990.jpeg 1320w, https:\/\/kulturamoldava.sk\/wp-content\/uploads\/2025\/01\/image00040-600x450.jpeg 600w\" sizes=\"auto, (max-width: 1024px) 100vw, 1024px\" \/><\/a><\/figure>\n\n\n\n<figure class=\"wp-block-image size-large\"><a href=\"https:\/\/kulturamoldava.sk\/wp-content\/uploads\/2025\/01\/image00041-scaled.jpeg\"><img loading=\"lazy\" decoding=\"async\" width=\"768\" height=\"1024\" data-id=\"32366\" src=\"https:\/\/kulturamoldava.sk\/wp-content\/uploads\/2025\/01\/image00041-768x1024.jpeg\" alt=\"\" class=\"wp-image-32366\" srcset=\"https:\/\/kulturamoldava.sk\/wp-content\/uploads\/2025\/01\/image00041-768x1024.jpeg 768w, https:\/\/kulturamoldava.sk\/wp-content\/uploads\/2025\/01\/image00041-225x300.jpeg 225w, https:\/\/kulturamoldava.sk\/wp-content\/uploads\/2025\/01\/image00041-1152x1536.jpeg 1152w, https:\/\/kulturamoldava.sk\/wp-content\/uploads\/2025\/01\/image00041-1536x2048.jpeg 1536w, https:\/\/kulturamoldava.sk\/wp-content\/uploads\/2025\/01\/image00041-9x12.jpeg 9w, https:\/\/kulturamoldava.sk\/wp-content\/uploads\/2025\/01\/image00041-580x773.jpeg 580w, https:\/\/kulturamoldava.sk\/wp-content\/uploads\/2025\/01\/image00041-860x1147.jpeg 860w, https:\/\/kulturamoldava.sk\/wp-content\/uploads\/2025\/01\/image00041-1160x1547.jpeg 1160w, https:\/\/kulturamoldava.sk\/wp-content\/uploads\/2025\/01\/image00041-1320x1760.jpeg 1320w, https:\/\/kulturamoldava.sk\/wp-content\/uploads\/2025\/01\/image00041-600x800.jpeg 600w, https:\/\/kulturamoldava.sk\/wp-content\/uploads\/2025\/01\/image00041-scaled.jpeg 1920w\" sizes=\"auto, (max-width: 768px) 100vw, 768px\" \/><\/a><\/figure>\n\n\n\n<figure class=\"wp-block-image size-large\"><a href=\"https:\/\/kulturamoldava.sk\/wp-content\/uploads\/2025\/01\/image00042-scaled.jpeg\"><img loading=\"lazy\" decoding=\"async\" width=\"768\" height=\"1024\" data-id=\"32347\" src=\"https:\/\/kulturamoldava.sk\/wp-content\/uploads\/2025\/01\/image00042-768x1024.jpeg\" alt=\"\" class=\"wp-image-32347\" srcset=\"https:\/\/kulturamoldava.sk\/wp-content\/uploads\/2025\/01\/image00042-768x1024.jpeg 768w, https:\/\/kulturamoldava.sk\/wp-content\/uploads\/2025\/01\/image00042-225x300.jpeg 225w, https:\/\/kulturamoldava.sk\/wp-content\/uploads\/2025\/01\/image00042-1152x1536.jpeg 1152w, https:\/\/kulturamoldava.sk\/wp-content\/uploads\/2025\/01\/image00042-1536x2048.jpeg 1536w, https:\/\/kulturamoldava.sk\/wp-content\/uploads\/2025\/01\/image00042-9x12.jpeg 9w, https:\/\/kulturamoldava.sk\/wp-content\/uploads\/2025\/01\/image00042-580x773.jpeg 580w, https:\/\/kulturamoldava.sk\/wp-content\/uploads\/2025\/01\/image00042-860x1147.jpeg 860w, https:\/\/kulturamoldava.sk\/wp-content\/uploads\/2025\/01\/image00042-1160x1547.jpeg 1160w, https:\/\/kulturamoldava.sk\/wp-content\/uploads\/2025\/01\/image00042-1320x1760.jpeg 1320w, https:\/\/kulturamoldava.sk\/wp-content\/uploads\/2025\/01\/image00042-600x800.jpeg 600w, https:\/\/kulturamoldava.sk\/wp-content\/uploads\/2025\/01\/image00042-scaled.jpeg 1920w\" sizes=\"auto, (max-width: 768px) 100vw, 768px\" \/><\/a><\/figure>\n\n\n\n<figure class=\"wp-block-image size-large\"><a href=\"https:\/\/kulturamoldava.sk\/wp-content\/uploads\/2025\/01\/image00044-scaled.jpeg\"><img loading=\"lazy\" decoding=\"async\" width=\"768\" height=\"1024\" data-id=\"32365\" src=\"https:\/\/kulturamoldava.sk\/wp-content\/uploads\/2025\/01\/image00044-768x1024.jpeg\" alt=\"\" class=\"wp-image-32365\" srcset=\"https:\/\/kulturamoldava.sk\/wp-content\/uploads\/2025\/01\/image00044-768x1024.jpeg 768w, https:\/\/kulturamoldava.sk\/wp-content\/uploads\/2025\/01\/image00044-225x300.jpeg 225w, https:\/\/kulturamoldava.sk\/wp-content\/uploads\/2025\/01\/image00044-1152x1536.jpeg 1152w, https:\/\/kulturamoldava.sk\/wp-content\/uploads\/2025\/01\/image00044-1536x2048.jpeg 1536w, https:\/\/kulturamoldava.sk\/wp-content\/uploads\/2025\/01\/image00044-9x12.jpeg 9w, https:\/\/kulturamoldava.sk\/wp-content\/uploads\/2025\/01\/image00044-580x773.jpeg 580w, https:\/\/kulturamoldava.sk\/wp-content\/uploads\/2025\/01\/image00044-860x1147.jpeg 860w, https:\/\/kulturamoldava.sk\/wp-content\/uploads\/2025\/01\/image00044-1160x1547.jpeg 1160w, https:\/\/kulturamoldava.sk\/wp-content\/uploads\/2025\/01\/image00044-1320x1760.jpeg 1320w, https:\/\/kulturamoldava.sk\/wp-content\/uploads\/2025\/01\/image00044-600x800.jpeg 600w, https:\/\/kulturamoldava.sk\/wp-content\/uploads\/2025\/01\/image00044-scaled.jpeg 1920w\" sizes=\"auto, (max-width: 768px) 100vw, 768px\" \/><\/a><\/figure>\n\n\n\n<figure class=\"wp-block-image size-large\"><a href=\"https:\/\/kulturamoldava.sk\/wp-content\/uploads\/2025\/01\/image00045-scaled.jpeg\"><img loading=\"lazy\" decoding=\"async\" width=\"768\" height=\"1024\" data-id=\"32322\" src=\"https:\/\/kulturamoldava.sk\/wp-content\/uploads\/2025\/01\/image00045-768x1024.jpeg\" alt=\"\" class=\"wp-image-32322\" srcset=\"https:\/\/kulturamoldava.sk\/wp-content\/uploads\/2025\/01\/image00045-768x1024.jpeg 768w, https:\/\/kulturamoldava.sk\/wp-content\/uploads\/2025\/01\/image00045-225x300.jpeg 225w, https:\/\/kulturamoldava.sk\/wp-content\/uploads\/2025\/01\/image00045-1152x1536.jpeg 1152w, https:\/\/kulturamoldava.sk\/wp-content\/uploads\/2025\/01\/image00045-1536x2048.jpeg 1536w, https:\/\/kulturamoldava.sk\/wp-content\/uploads\/2025\/01\/image00045-9x12.jpeg 9w, https:\/\/kulturamoldava.sk\/wp-content\/uploads\/2025\/01\/image00045-580x773.jpeg 580w, https:\/\/kulturamoldava.sk\/wp-content\/uploads\/2025\/01\/image00045-860x1147.jpeg 860w, https:\/\/kulturamoldava.sk\/wp-content\/uploads\/2025\/01\/image00045-1160x1547.jpeg 1160w, https:\/\/kulturamoldava.sk\/wp-content\/uploads\/2025\/01\/image00045-1320x1760.jpeg 1320w, https:\/\/kulturamoldava.sk\/wp-content\/uploads\/2025\/01\/image00045-600x800.jpeg 600w, https:\/\/kulturamoldava.sk\/wp-content\/uploads\/2025\/01\/image00045-scaled.jpeg 1920w\" sizes=\"auto, (max-width: 768px) 100vw, 768px\" \/><\/a><\/figure>\n\n\n\n<figure class=\"wp-block-image size-large\"><a href=\"https:\/\/kulturamoldava.sk\/wp-content\/uploads\/2025\/01\/image00046-scaled.jpeg\"><img loading=\"lazy\" decoding=\"async\" width=\"768\" height=\"1024\" data-id=\"32364\" src=\"https:\/\/kulturamoldava.sk\/wp-content\/uploads\/2025\/01\/image00046-768x1024.jpeg\" alt=\"\" class=\"wp-image-32364\" srcset=\"https:\/\/kulturamoldava.sk\/wp-content\/uploads\/2025\/01\/image00046-768x1024.jpeg 768w, https:\/\/kulturamoldava.sk\/wp-content\/uploads\/2025\/01\/image00046-225x300.jpeg 225w, https:\/\/kulturamoldava.sk\/wp-content\/uploads\/2025\/01\/image00046-1152x1536.jpeg 1152w, https:\/\/kulturamoldava.sk\/wp-content\/uploads\/2025\/01\/image00046-1536x2048.jpeg 1536w, https:\/\/kulturamoldava.sk\/wp-content\/uploads\/2025\/01\/image00046-9x12.jpeg 9w, https:\/\/kulturamoldava.sk\/wp-content\/uploads\/2025\/01\/image00046-580x773.jpeg 580w, https:\/\/kulturamoldava.sk\/wp-content\/uploads\/2025\/01\/image00046-860x1147.jpeg 860w, https:\/\/kulturamoldava.sk\/wp-content\/uploads\/2025\/01\/image00046-1160x1547.jpeg 1160w, https:\/\/kulturamoldava.sk\/wp-content\/uploads\/2025\/01\/image00046-1320x1760.jpeg 1320w, https:\/\/kulturamoldava.sk\/wp-content\/uploads\/2025\/01\/image00046-600x800.jpeg 600w, https:\/\/kulturamoldava.sk\/wp-content\/uploads\/2025\/01\/image00046-scaled.jpeg 1920w\" sizes=\"auto, (max-width: 768px) 100vw, 768px\" \/><\/a><\/figure>\n\n\n\n<figure class=\"wp-block-image size-large\"><a href=\"https:\/\/kulturamoldava.sk\/wp-content\/uploads\/2025\/01\/image00050-scaled.jpeg\"><img loading=\"lazy\" decoding=\"async\" width=\"768\" height=\"1024\" data-id=\"32342\" src=\"https:\/\/kulturamoldava.sk\/wp-content\/uploads\/2025\/01\/image00050-768x1024.jpeg\" alt=\"\" class=\"wp-image-32342\" srcset=\"https:\/\/kulturamoldava.sk\/wp-content\/uploads\/2025\/01\/image00050-768x1024.jpeg 768w, https:\/\/kulturamoldava.sk\/wp-content\/uploads\/2025\/01\/image00050-225x300.jpeg 225w, https:\/\/kulturamoldava.sk\/wp-content\/uploads\/2025\/01\/image00050-1152x1536.jpeg 1152w, https:\/\/kulturamoldava.sk\/wp-content\/uploads\/2025\/01\/image00050-1536x2048.jpeg 1536w, https:\/\/kulturamoldava.sk\/wp-content\/uploads\/2025\/01\/image00050-9x12.jpeg 9w, https:\/\/kulturamoldava.sk\/wp-content\/uploads\/2025\/01\/image00050-580x773.jpeg 580w, https:\/\/kulturamoldava.sk\/wp-content\/uploads\/2025\/01\/image00050-860x1147.jpeg 860w, https:\/\/kulturamoldava.sk\/wp-content\/uploads\/2025\/01\/image00050-1160x1547.jpeg 1160w, https:\/\/kulturamoldava.sk\/wp-content\/uploads\/2025\/01\/image00050-1320x1760.jpeg 1320w, https:\/\/kulturamoldava.sk\/wp-content\/uploads\/2025\/01\/image00050-600x800.jpeg 600w, https:\/\/kulturamoldava.sk\/wp-content\/uploads\/2025\/01\/image00050-scaled.jpeg 1920w\" sizes=\"auto, (max-width: 768px) 100vw, 768px\" \/><\/a><\/figure>\n\n\n\n<figure class=\"wp-block-image size-large\"><a href=\"https:\/\/kulturamoldava.sk\/wp-content\/uploads\/2025\/01\/image00053-scaled.jpeg\"><img loading=\"lazy\" decoding=\"async\" width=\"1024\" height=\"768\" data-id=\"32323\" src=\"https:\/\/kulturamoldava.sk\/wp-content\/uploads\/2025\/01\/image00053-1024x768.jpeg\" alt=\"\" class=\"wp-image-32323\" srcset=\"https:\/\/kulturamoldava.sk\/wp-content\/uploads\/2025\/01\/image00053-1024x768.jpeg 1024w, https:\/\/kulturamoldava.sk\/wp-content\/uploads\/2025\/01\/image00053-300x225.jpeg 300w, https:\/\/kulturamoldava.sk\/wp-content\/uploads\/2025\/01\/image00053-768x576.jpeg 768w, https:\/\/kulturamoldava.sk\/wp-content\/uploads\/2025\/01\/image00053-1536x1152.jpeg 1536w, https:\/\/kulturamoldava.sk\/wp-content\/uploads\/2025\/01\/image00053-2048x1536.jpeg 2048w, https:\/\/kulturamoldava.sk\/wp-content\/uploads\/2025\/01\/image00053-16x12.jpeg 16w, https:\/\/kulturamoldava.sk\/wp-content\/uploads\/2025\/01\/image00053-580x435.jpeg 580w, https:\/\/kulturamoldava.sk\/wp-content\/uploads\/2025\/01\/image00053-860x645.jpeg 860w, https:\/\/kulturamoldava.sk\/wp-content\/uploads\/2025\/01\/image00053-1160x870.jpeg 1160w, https:\/\/kulturamoldava.sk\/wp-content\/uploads\/2025\/01\/image00053-1320x990.jpeg 1320w, https:\/\/kulturamoldava.sk\/wp-content\/uploads\/2025\/01\/image00053-600x450.jpeg 600w\" sizes=\"auto, (max-width: 1024px) 100vw, 1024px\" \/><\/a><\/figure>\n\n\n\n<figure class=\"wp-block-image size-large\"><a href=\"https:\/\/kulturamoldava.sk\/wp-content\/uploads\/2025\/01\/image00057-scaled.jpeg\"><img loading=\"lazy\" decoding=\"async\" width=\"768\" height=\"1024\" data-id=\"32294\" src=\"https:\/\/kulturamoldava.sk\/wp-content\/uploads\/2025\/01\/image00057-768x1024.jpeg\" alt=\"\" class=\"wp-image-32294\" srcset=\"https:\/\/kulturamoldava.sk\/wp-content\/uploads\/2025\/01\/image00057-768x1024.jpeg 768w, https:\/\/kulturamoldava.sk\/wp-content\/uploads\/2025\/01\/image00057-225x300.jpeg 225w, https:\/\/kulturamoldava.sk\/wp-content\/uploads\/2025\/01\/image00057-1152x1536.jpeg 1152w, https:\/\/kulturamoldava.sk\/wp-content\/uploads\/2025\/01\/image00057-1536x2048.jpeg 1536w, https:\/\/kulturamoldava.sk\/wp-content\/uploads\/2025\/01\/image00057-9x12.jpeg 9w, https:\/\/kulturamoldava.sk\/wp-content\/uploads\/2025\/01\/image00057-580x773.jpeg 580w, https:\/\/kulturamoldava.sk\/wp-content\/uploads\/2025\/01\/image00057-860x1147.jpeg 860w, https:\/\/kulturamoldava.sk\/wp-content\/uploads\/2025\/01\/image00057-1160x1547.jpeg 1160w, https:\/\/kulturamoldava.sk\/wp-content\/uploads\/2025\/01\/image00057-1320x1760.jpeg 1320w, https:\/\/kulturamoldava.sk\/wp-content\/uploads\/2025\/01\/image00057-600x800.jpeg 600w, https:\/\/kulturamoldava.sk\/wp-content\/uploads\/2025\/01\/image00057-scaled.jpeg 1920w\" sizes=\"auto, (max-width: 768px) 100vw, 768px\" \/><\/a><\/figure>\n\n\n\n<figure class=\"wp-block-image size-large\"><a href=\"https:\/\/kulturamoldava.sk\/wp-content\/uploads\/2025\/01\/image00058-scaled.jpeg\"><img loading=\"lazy\" decoding=\"async\" width=\"768\" height=\"1024\" data-id=\"32297\" src=\"https:\/\/kulturamoldava.sk\/wp-content\/uploads\/2025\/01\/image00058-768x1024.jpeg\" alt=\"\" class=\"wp-image-32297\" srcset=\"https:\/\/kulturamoldava.sk\/wp-content\/uploads\/2025\/01\/image00058-768x1024.jpeg 768w, https:\/\/kulturamoldava.sk\/wp-content\/uploads\/2025\/01\/image00058-225x300.jpeg 225w, https:\/\/kulturamoldava.sk\/wp-content\/uploads\/2025\/01\/image00058-1152x1536.jpeg 1152w, https:\/\/kulturamoldava.sk\/wp-content\/uploads\/2025\/01\/image00058-1536x2048.jpeg 1536w, https:\/\/kulturamoldava.sk\/wp-content\/uploads\/2025\/01\/image00058-9x12.jpeg 9w, https:\/\/kulturamoldava.sk\/wp-content\/uploads\/2025\/01\/image00058-580x773.jpeg 580w, https:\/\/kulturamoldava.sk\/wp-content\/uploads\/2025\/01\/image00058-860x1147.jpeg 860w, https:\/\/kulturamoldava.sk\/wp-content\/uploads\/2025\/01\/image00058-1160x1547.jpeg 1160w, https:\/\/kulturamoldava.sk\/wp-content\/uploads\/2025\/01\/image00058-1320x1760.jpeg 1320w, https:\/\/kulturamoldava.sk\/wp-content\/uploads\/2025\/01\/image00058-600x800.jpeg 600w, https:\/\/kulturamoldava.sk\/wp-content\/uploads\/2025\/01\/image00058-scaled.jpeg 1920w\" sizes=\"auto, (max-width: 768px) 100vw, 768px\" \/><\/a><\/figure>\n\n\n\n<figure class=\"wp-block-image size-large\"><a href=\"https:\/\/kulturamoldava.sk\/wp-content\/uploads\/2025\/01\/image00059-scaled.jpeg\"><img loading=\"lazy\" decoding=\"async\" width=\"768\" height=\"1024\" data-id=\"32332\" src=\"https:\/\/kulturamoldava.sk\/wp-content\/uploads\/2025\/01\/image00059-768x1024.jpeg\" alt=\"\" class=\"wp-image-32332\" srcset=\"https:\/\/kulturamoldava.sk\/wp-content\/uploads\/2025\/01\/image00059-768x1024.jpeg 768w, https:\/\/kulturamoldava.sk\/wp-content\/uploads\/2025\/01\/image00059-225x300.jpeg 225w, https:\/\/kulturamoldava.sk\/wp-content\/uploads\/2025\/01\/image00059-1152x1536.jpeg 1152w, https:\/\/kulturamoldava.sk\/wp-content\/uploads\/2025\/01\/image00059-1536x2048.jpeg 1536w, https:\/\/kulturamoldava.sk\/wp-content\/uploads\/2025\/01\/image00059-9x12.jpeg 9w, https:\/\/kulturamoldava.sk\/wp-content\/uploads\/2025\/01\/image00059-580x773.jpeg 580w, https:\/\/kulturamoldava.sk\/wp-content\/uploads\/2025\/01\/image00059-860x1147.jpeg 860w, https:\/\/kulturamoldava.sk\/wp-content\/uploads\/2025\/01\/image00059-1160x1547.jpeg 1160w, https:\/\/kulturamoldava.sk\/wp-content\/uploads\/2025\/01\/image00059-1320x1760.jpeg 1320w, https:\/\/kulturamoldava.sk\/wp-content\/uploads\/2025\/01\/image00059-600x800.jpeg 600w, https:\/\/kulturamoldava.sk\/wp-content\/uploads\/2025\/01\/image00059-scaled.jpeg 1920w\" sizes=\"auto, (max-width: 768px) 100vw, 768px\" \/><\/a><\/figure>\n\n\n\n<figure class=\"wp-block-image size-large\"><a href=\"https:\/\/kulturamoldava.sk\/wp-content\/uploads\/2025\/01\/image00061-scaled.jpeg\"><img loading=\"lazy\" decoding=\"async\" width=\"768\" height=\"1024\" data-id=\"32349\" src=\"https:\/\/kulturamoldava.sk\/wp-content\/uploads\/2025\/01\/image00061-768x1024.jpeg\" alt=\"\" class=\"wp-image-32349\" srcset=\"https:\/\/kulturamoldava.sk\/wp-content\/uploads\/2025\/01\/image00061-768x1024.jpeg 768w, https:\/\/kulturamoldava.sk\/wp-content\/uploads\/2025\/01\/image00061-225x300.jpeg 225w, https:\/\/kulturamoldava.sk\/wp-content\/uploads\/2025\/01\/image00061-1152x1536.jpeg 1152w, https:\/\/kulturamoldava.sk\/wp-content\/uploads\/2025\/01\/image00061-1536x2048.jpeg 1536w, https:\/\/kulturamoldava.sk\/wp-content\/uploads\/2025\/01\/image00061-9x12.jpeg 9w, https:\/\/kulturamoldava.sk\/wp-content\/uploads\/2025\/01\/image00061-580x773.jpeg 580w, https:\/\/kulturamoldava.sk\/wp-content\/uploads\/2025\/01\/image00061-860x1147.jpeg 860w, https:\/\/kulturamoldava.sk\/wp-content\/uploads\/2025\/01\/image00061-1160x1547.jpeg 1160w, https:\/\/kulturamoldava.sk\/wp-content\/uploads\/2025\/01\/image00061-1320x1760.jpeg 1320w, https:\/\/kulturamoldava.sk\/wp-content\/uploads\/2025\/01\/image00061-600x800.jpeg 600w, https:\/\/kulturamoldava.sk\/wp-content\/uploads\/2025\/01\/image00061-scaled.jpeg 1920w\" sizes=\"auto, (max-width: 768px) 100vw, 768px\" \/><\/a><\/figure>\n\n\n\n<figure class=\"wp-block-image size-large\"><a href=\"https:\/\/kulturamoldava.sk\/wp-content\/uploads\/2025\/01\/image00063-scaled.jpeg\"><img loading=\"lazy\" decoding=\"async\" width=\"768\" height=\"1024\" data-id=\"32299\" src=\"https:\/\/kulturamoldava.sk\/wp-content\/uploads\/2025\/01\/image00063-768x1024.jpeg\" alt=\"\" class=\"wp-image-32299\" srcset=\"https:\/\/kulturamoldava.sk\/wp-content\/uploads\/2025\/01\/image00063-768x1024.jpeg 768w, https:\/\/kulturamoldava.sk\/wp-content\/uploads\/2025\/01\/image00063-225x300.jpeg 225w, https:\/\/kulturamoldava.sk\/wp-content\/uploads\/2025\/01\/image00063-1152x1536.jpeg 1152w, https:\/\/kulturamoldava.sk\/wp-content\/uploads\/2025\/01\/image00063-1536x2048.jpeg 1536w, https:\/\/kulturamoldava.sk\/wp-content\/uploads\/2025\/01\/image00063-9x12.jpeg 9w, https:\/\/kulturamoldava.sk\/wp-content\/uploads\/2025\/01\/image00063-580x773.jpeg 580w, https:\/\/kulturamoldava.sk\/wp-content\/uploads\/2025\/01\/image00063-860x1147.jpeg 860w, https:\/\/kulturamoldava.sk\/wp-content\/uploads\/2025\/01\/image00063-1160x1547.jpeg 1160w, https:\/\/kulturamoldava.sk\/wp-content\/uploads\/2025\/01\/image00063-1320x1760.jpeg 1320w, https:\/\/kulturamoldava.sk\/wp-content\/uploads\/2025\/01\/image00063-600x800.jpeg 600w, https:\/\/kulturamoldava.sk\/wp-content\/uploads\/2025\/01\/image00063-scaled.jpeg 1920w\" sizes=\"auto, (max-width: 768px) 100vw, 768px\" \/><\/a><\/figure>\n<\/figure>","protected":false},"excerpt":{"rendered":"<p>Boli ste u\u017e v Zekere\u0161i?Ak to e\u0161te neviete, Zekere\u0161 je historick\u00fd n\u00e1zov mesta Moldava nad Bodvou. Rozhodli sme sa, \u017ee v r\u00e1mci Gastrofestu v\u00e1m pribl\u00ed\u017eime remesl\u00e1, ktor\u00fdm sa venovali p\u00f4vodn\u00ed obyvatelia n\u00e1\u0161ho mesta a nau\u010d\u00edme sa \u010do-to o ich tvorivej pr\u00e1ci v\u010faka na\u0161im tovari\u0161om. V remeselnej z\u00f3ne v r\u00e1mci projektu s n\u00e1zvom Tovari\u0161i v Zekere\u0161i,&#8230;<\/p>","protected":false},"author":1,"featured_media":32333,"comment_status":"closed","ping_status":"closed","sticky":false,"template":"","format":"standard","meta":{"ngg_post_thumbnail":0,"footnotes":""},"categories":[1],"tags":[],"class_list":["post-32268","post","type-post","status-publish","format-standard","has-post-thumbnail","hentry","category-nezaradene"],"yoast_head":"<!-- This site is optimized with the Yoast SEO plugin v27.4 - https:\/\/yoast.com\/product\/yoast-seo-wordpress\/ -->\n<title>TOVARI\u0160I V ZEKERE\u0160I- tematick\u00fd de\u0148 remesiel 5.10.2024 - Mestsk\u00e9 kult\u00farne stredisko Moldava nad Bodvou<\/title>\n<meta name=\"robots\" content=\"index, follow, max-snippet:-1, max-image-preview:large, max-video-preview:-1\" \/>\n<link rel=\"canonical\" href=\"https:\/\/kulturamoldava.sk\/hu\/tovarisi-v-zekeresi-tematicky-den-remesiel-5-10-2024\/\" \/>\n<meta property=\"og:locale\" content=\"hu_HU\" \/>\n<meta property=\"og:type\" content=\"article\" \/>\n<meta property=\"og:title\" content=\"TOVARI\u0160I V ZEKERE\u0160I- tematick\u00fd de\u0148 remesiel 5.10.2024 - Mestsk\u00e9 kult\u00farne stredisko Moldava nad Bodvou\" \/>\n<meta property=\"og:description\" content=\"Boli ste u\u017e v Zekere\u0161i?Ak to e\u0161te neviete, Zekere\u0161 je historick\u00fd n\u00e1zov mesta Moldava nad Bodvou. Rozhodli sme sa, \u017ee v r\u00e1mci Gastrofestu v\u00e1m pribl\u00ed\u017eime remesl\u00e1, ktor\u00fdm sa venovali p\u00f4vodn\u00ed obyvatelia n\u00e1\u0161ho mesta a nau\u010d\u00edme sa \u010do-to o ich tvorivej pr\u00e1ci v\u010faka na\u0161im tovari\u0161om. V remeselnej z\u00f3ne v r\u00e1mci projektu s n\u00e1zvom Tovari\u0161i v Zekere\u0161i,...\" \/>\n<meta property=\"og:url\" content=\"https:\/\/kulturamoldava.sk\/hu\/tovarisi-v-zekeresi-tematicky-den-remesiel-5-10-2024\/\" \/>\n<meta property=\"og:site_name\" content=\"Mestsk\u00e9 kult\u00farne stredisko Moldava nad Bodvou\" \/>\n<meta property=\"article:published_time\" content=\"2024-10-05T21:18:00+00:00\" \/>\n<meta property=\"article:modified_time\" content=\"2025-01-08T12:45:31+00:00\" \/>\n<meta property=\"og:image\" content=\"https:\/\/kulturamoldava.sk\/wp-content\/uploads\/2025\/01\/image00001-2-scaled.jpeg\" \/>\n\t<meta property=\"og:image:width\" content=\"1920\" \/>\n\t<meta property=\"og:image:height\" content=\"2560\" \/>\n\t<meta property=\"og:image:type\" content=\"image\/jpeg\" \/>\n<meta name=\"author\" content=\"kulturamoldava\" \/>\n<meta name=\"twitter:card\" content=\"summary_large_image\" \/>\n<meta name=\"twitter:label1\" content=\"Szerz\u0151:\" \/>\n\t<meta name=\"twitter:data1\" content=\"kulturamoldava\" \/>\n\t<meta name=\"twitter:label2\" content=\"Becs\u00fclt olvas\u00e1si id\u0151\" \/>\n\t<meta name=\"twitter:data2\" content=\"19 perc\" \/>\n<script type=\"application\/ld+json\" class=\"yoast-schema-graph\">{\"@context\":\"https:\\\/\\\/schema.org\",\"@graph\":[{\"@type\":\"Article\",\"@id\":\"https:\\\/\\\/kulturamoldava.sk\\\/tovarisi-v-zekeresi-tematicky-den-remesiel-5-10-2024\\\/#article\",\"isPartOf\":{\"@id\":\"https:\\\/\\\/kulturamoldava.sk\\\/tovarisi-v-zekeresi-tematicky-den-remesiel-5-10-2024\\\/\"},\"author\":{\"name\":\"kulturamoldava\",\"@id\":\"https:\\\/\\\/kulturamoldava.sk\\\/#\\\/schema\\\/person\\\/8eef072de6f42a5fd024b6987a0745d6\"},\"headline\":\"TOVARI\u0160I V ZEKERE\u0160I- tematick\u00fd de\u0148 remesiel 5.10.2024\",\"datePublished\":\"2024-10-05T21:18:00+00:00\",\"dateModified\":\"2025-01-08T12:45:31+00:00\",\"mainEntityOfPage\":{\"@id\":\"https:\\\/\\\/kulturamoldava.sk\\\/tovarisi-v-zekeresi-tematicky-den-remesiel-5-10-2024\\\/\"},\"wordCount\":856,\"image\":{\"@id\":\"https:\\\/\\\/kulturamoldava.sk\\\/tovarisi-v-zekeresi-tematicky-den-remesiel-5-10-2024\\\/#primaryimage\"},\"thumbnailUrl\":\"https:\\\/\\\/kulturamoldava.sk\\\/wp-content\\\/uploads\\\/2025\\\/01\\\/image00001-2-scaled.jpeg\",\"articleSection\":[\"Nezaraden\u00e9\"],\"inLanguage\":\"hu\"},{\"@type\":\"WebPage\",\"@id\":\"https:\\\/\\\/kulturamoldava.sk\\\/tovarisi-v-zekeresi-tematicky-den-remesiel-5-10-2024\\\/\",\"url\":\"https:\\\/\\\/kulturamoldava.sk\\\/tovarisi-v-zekeresi-tematicky-den-remesiel-5-10-2024\\\/\",\"name\":\"TOVARI\u0160I V ZEKERE\u0160I- tematick\u00fd de\u0148 remesiel 5.10.2024 - Mestsk\u00e9 kult\u00farne stredisko Moldava nad Bodvou\",\"isPartOf\":{\"@id\":\"https:\\\/\\\/kulturamoldava.sk\\\/#website\"},\"primaryImageOfPage\":{\"@id\":\"https:\\\/\\\/kulturamoldava.sk\\\/tovarisi-v-zekeresi-tematicky-den-remesiel-5-10-2024\\\/#primaryimage\"},\"image\":{\"@id\":\"https:\\\/\\\/kulturamoldava.sk\\\/tovarisi-v-zekeresi-tematicky-den-remesiel-5-10-2024\\\/#primaryimage\"},\"thumbnailUrl\":\"https:\\\/\\\/kulturamoldava.sk\\\/wp-content\\\/uploads\\\/2025\\\/01\\\/image00001-2-scaled.jpeg\",\"datePublished\":\"2024-10-05T21:18:00+00:00\",\"dateModified\":\"2025-01-08T12:45:31+00:00\",\"author\":{\"@id\":\"https:\\\/\\\/kulturamoldava.sk\\\/#\\\/schema\\\/person\\\/8eef072de6f42a5fd024b6987a0745d6\"},\"breadcrumb\":{\"@id\":\"https:\\\/\\\/kulturamoldava.sk\\\/tovarisi-v-zekeresi-tematicky-den-remesiel-5-10-2024\\\/#breadcrumb\"},\"inLanguage\":\"hu\",\"potentialAction\":[{\"@type\":\"ReadAction\",\"target\":[\"https:\\\/\\\/kulturamoldava.sk\\\/tovarisi-v-zekeresi-tematicky-den-remesiel-5-10-2024\\\/\"]}]},{\"@type\":\"ImageObject\",\"inLanguage\":\"hu\",\"@id\":\"https:\\\/\\\/kulturamoldava.sk\\\/tovarisi-v-zekeresi-tematicky-den-remesiel-5-10-2024\\\/#primaryimage\",\"url\":\"https:\\\/\\\/kulturamoldava.sk\\\/wp-content\\\/uploads\\\/2025\\\/01\\\/image00001-2-scaled.jpeg\",\"contentUrl\":\"https:\\\/\\\/kulturamoldava.sk\\\/wp-content\\\/uploads\\\/2025\\\/01\\\/image00001-2-scaled.jpeg\",\"width\":1920,\"height\":2560},{\"@type\":\"BreadcrumbList\",\"@id\":\"https:\\\/\\\/kulturamoldava.sk\\\/tovarisi-v-zekeresi-tematicky-den-remesiel-5-10-2024\\\/#breadcrumb\",\"itemListElement\":[{\"@type\":\"ListItem\",\"position\":1,\"name\":\"Home\",\"item\":\"https:\\\/\\\/kulturamoldava.sk\\\/\"},{\"@type\":\"ListItem\",\"position\":2,\"name\":\"TOVARI\u0160I V ZEKERE\u0160I- tematick\u00fd de\u0148 remesiel 5.10.2024\"}]},{\"@type\":\"WebSite\",\"@id\":\"https:\\\/\\\/kulturamoldava.sk\\\/#website\",\"url\":\"https:\\\/\\\/kulturamoldava.sk\\\/\",\"name\":\"Mestsk\u00e9 kult\u00farne stredisko Moldava nad Bodvou\",\"description\":\"\",\"potentialAction\":[{\"@type\":\"SearchAction\",\"target\":{\"@type\":\"EntryPoint\",\"urlTemplate\":\"https:\\\/\\\/kulturamoldava.sk\\\/?s={search_term_string}\"},\"query-input\":{\"@type\":\"PropertyValueSpecification\",\"valueRequired\":true,\"valueName\":\"search_term_string\"}}],\"inLanguage\":\"hu\"},{\"@type\":\"Person\",\"@id\":\"https:\\\/\\\/kulturamoldava.sk\\\/#\\\/schema\\\/person\\\/8eef072de6f42a5fd024b6987a0745d6\",\"name\":\"kulturamoldava\",\"image\":{\"@type\":\"ImageObject\",\"inLanguage\":\"hu\",\"@id\":\"https:\\\/\\\/secure.gravatar.com\\\/avatar\\\/d6f6bf4cc0de0867347e805c1ac591b2391954abfd993ed9c457f5564a7576ca?s=96&d=mm&r=g\",\"url\":\"https:\\\/\\\/secure.gravatar.com\\\/avatar\\\/d6f6bf4cc0de0867347e805c1ac591b2391954abfd993ed9c457f5564a7576ca?s=96&d=mm&r=g\",\"contentUrl\":\"https:\\\/\\\/secure.gravatar.com\\\/avatar\\\/d6f6bf4cc0de0867347e805c1ac591b2391954abfd993ed9c457f5564a7576ca?s=96&d=mm&r=g\",\"caption\":\"kulturamoldava\"},\"url\":\"https:\\\/\\\/kulturamoldava.sk\\\/hu\\\/author\\\/kulturamoldava\\\/\"}]}<\/script>\n<!-- \/ Yoast SEO plugin. -->","yoast_head_json":{"title":"TOVARI\u0160I V ZEKERE\u0160I- tematick\u00fd de\u0148 remesiel 5.10.2024 - Mestsk\u00e9 kult\u00farne stredisko Moldava nad Bodvou","robots":{"index":"index","follow":"follow","max-snippet":"max-snippet:-1","max-image-preview":"max-image-preview:large","max-video-preview":"max-video-preview:-1"},"canonical":"https:\/\/kulturamoldava.sk\/hu\/tovarisi-v-zekeresi-tematicky-den-remesiel-5-10-2024\/","og_locale":"hu_HU","og_type":"article","og_title":"TOVARI\u0160I V ZEKERE\u0160I- tematick\u00fd de\u0148 remesiel 5.10.2024 - Mestsk\u00e9 kult\u00farne stredisko Moldava nad Bodvou","og_description":"Boli ste u\u017e v Zekere\u0161i?Ak to e\u0161te neviete, Zekere\u0161 je historick\u00fd n\u00e1zov mesta Moldava nad Bodvou. Rozhodli sme sa, \u017ee v r\u00e1mci Gastrofestu v\u00e1m pribl\u00ed\u017eime remesl\u00e1, ktor\u00fdm sa venovali p\u00f4vodn\u00ed obyvatelia n\u00e1\u0161ho mesta a nau\u010d\u00edme sa \u010do-to o ich tvorivej pr\u00e1ci v\u010faka na\u0161im tovari\u0161om. V remeselnej z\u00f3ne v r\u00e1mci projektu s n\u00e1zvom Tovari\u0161i v Zekere\u0161i,...","og_url":"https:\/\/kulturamoldava.sk\/hu\/tovarisi-v-zekeresi-tematicky-den-remesiel-5-10-2024\/","og_site_name":"Mestsk\u00e9 kult\u00farne stredisko Moldava nad Bodvou","article_published_time":"2024-10-05T21:18:00+00:00","article_modified_time":"2025-01-08T12:45:31+00:00","og_image":[{"width":1920,"height":2560,"url":"https:\/\/kulturamoldava.sk\/wp-content\/uploads\/2025\/01\/image00001-2-scaled.jpeg","type":"image\/jpeg"}],"author":"kulturamoldava","twitter_card":"summary_large_image","twitter_misc":{"Szerz\u0151:":"kulturamoldava","Becs\u00fclt olvas\u00e1si id\u0151":"19 perc"},"schema":{"@context":"https:\/\/schema.org","@graph":[{"@type":"Article","@id":"https:\/\/kulturamoldava.sk\/tovarisi-v-zekeresi-tematicky-den-remesiel-5-10-2024\/#article","isPartOf":{"@id":"https:\/\/kulturamoldava.sk\/tovarisi-v-zekeresi-tematicky-den-remesiel-5-10-2024\/"},"author":{"name":"kulturamoldava","@id":"https:\/\/kulturamoldava.sk\/#\/schema\/person\/8eef072de6f42a5fd024b6987a0745d6"},"headline":"TOVARI\u0160I V ZEKERE\u0160I- tematick\u00fd de\u0148 remesiel 5.10.2024","datePublished":"2024-10-05T21:18:00+00:00","dateModified":"2025-01-08T12:45:31+00:00","mainEntityOfPage":{"@id":"https:\/\/kulturamoldava.sk\/tovarisi-v-zekeresi-tematicky-den-remesiel-5-10-2024\/"},"wordCount":856,"image":{"@id":"https:\/\/kulturamoldava.sk\/tovarisi-v-zekeresi-tematicky-den-remesiel-5-10-2024\/#primaryimage"},"thumbnailUrl":"https:\/\/kulturamoldava.sk\/wp-content\/uploads\/2025\/01\/image00001-2-scaled.jpeg","articleSection":["Nezaraden\u00e9"],"inLanguage":"hu"},{"@type":"WebPage","@id":"https:\/\/kulturamoldava.sk\/tovarisi-v-zekeresi-tematicky-den-remesiel-5-10-2024\/","url":"https:\/\/kulturamoldava.sk\/tovarisi-v-zekeresi-tematicky-den-remesiel-5-10-2024\/","name":"TOVARI\u0160I V ZEKERE\u0160I- tematick\u00fd de\u0148 remesiel 5.10.2024 - Mestsk\u00e9 kult\u00farne stredisko Moldava nad Bodvou","isPartOf":{"@id":"https:\/\/kulturamoldava.sk\/#website"},"primaryImageOfPage":{"@id":"https:\/\/kulturamoldava.sk\/tovarisi-v-zekeresi-tematicky-den-remesiel-5-10-2024\/#primaryimage"},"image":{"@id":"https:\/\/kulturamoldava.sk\/tovarisi-v-zekeresi-tematicky-den-remesiel-5-10-2024\/#primaryimage"},"thumbnailUrl":"https:\/\/kulturamoldava.sk\/wp-content\/uploads\/2025\/01\/image00001-2-scaled.jpeg","datePublished":"2024-10-05T21:18:00+00:00","dateModified":"2025-01-08T12:45:31+00:00","author":{"@id":"https:\/\/kulturamoldava.sk\/#\/schema\/person\/8eef072de6f42a5fd024b6987a0745d6"},"breadcrumb":{"@id":"https:\/\/kulturamoldava.sk\/tovarisi-v-zekeresi-tematicky-den-remesiel-5-10-2024\/#breadcrumb"},"inLanguage":"hu","potentialAction":[{"@type":"ReadAction","target":["https:\/\/kulturamoldava.sk\/tovarisi-v-zekeresi-tematicky-den-remesiel-5-10-2024\/"]}]},{"@type":"ImageObject","inLanguage":"hu","@id":"https:\/\/kulturamoldava.sk\/tovarisi-v-zekeresi-tematicky-den-remesiel-5-10-2024\/#primaryimage","url":"https:\/\/kulturamoldava.sk\/wp-content\/uploads\/2025\/01\/image00001-2-scaled.jpeg","contentUrl":"https:\/\/kulturamoldava.sk\/wp-content\/uploads\/2025\/01\/image00001-2-scaled.jpeg","width":1920,"height":2560},{"@type":"BreadcrumbList","@id":"https:\/\/kulturamoldava.sk\/tovarisi-v-zekeresi-tematicky-den-remesiel-5-10-2024\/#breadcrumb","itemListElement":[{"@type":"ListItem","position":1,"name":"Home","item":"https:\/\/kulturamoldava.sk\/"},{"@type":"ListItem","position":2,"name":"TOVARI\u0160I V ZEKERE\u0160I- tematick\u00fd de\u0148 remesiel 5.10.2024"}]},{"@type":"WebSite","@id":"https:\/\/kulturamoldava.sk\/#website","url":"https:\/\/kulturamoldava.sk\/","name":"Szepsi V\u00e1rosi M\u0171vel\u0151d\u00e9si K\u00f6zpont","description":"","potentialAction":[{"@type":"SearchAction","target":{"@type":"EntryPoint","urlTemplate":"https:\/\/kulturamoldava.sk\/?s={search_term_string}"},"query-input":{"@type":"PropertyValueSpecification","valueRequired":true,"valueName":"search_term_string"}}],"inLanguage":"hu"},{"@type":"Person","@id":"https:\/\/kulturamoldava.sk\/#\/schema\/person\/8eef072de6f42a5fd024b6987a0745d6","name":"kulturamoldava","image":{"@type":"ImageObject","inLanguage":"hu","@id":"https:\/\/secure.gravatar.com\/avatar\/d6f6bf4cc0de0867347e805c1ac591b2391954abfd993ed9c457f5564a7576ca?s=96&d=mm&r=g","url":"https:\/\/secure.gravatar.com\/avatar\/d6f6bf4cc0de0867347e805c1ac591b2391954abfd993ed9c457f5564a7576ca?s=96&d=mm&r=g","contentUrl":"https:\/\/secure.gravatar.com\/avatar\/d6f6bf4cc0de0867347e805c1ac591b2391954abfd993ed9c457f5564a7576ca?s=96&d=mm&r=g","caption":"kulturamoldava"},"url":"https:\/\/kulturamoldava.sk\/hu\/author\/kulturamoldava\/"}]}},"_links":{"self":[{"href":"https:\/\/kulturamoldava.sk\/hu\/wp-json\/wp\/v2\/posts\/32268","targetHints":{"allow":["GET"]}}],"collection":[{"href":"https:\/\/kulturamoldava.sk\/hu\/wp-json\/wp\/v2\/posts"}],"about":[{"href":"https:\/\/kulturamoldava.sk\/hu\/wp-json\/wp\/v2\/types\/post"}],"author":[{"embeddable":true,"href":"https:\/\/kulturamoldava.sk\/hu\/wp-json\/wp\/v2\/users\/1"}],"replies":[{"embeddable":true,"href":"https:\/\/kulturamoldava.sk\/hu\/wp-json\/wp\/v2\/comments?post=32268"}],"version-history":[{"count":1,"href":"https:\/\/kulturamoldava.sk\/hu\/wp-json\/wp\/v2\/posts\/32268\/revisions"}],"predecessor-version":[{"id":32373,"href":"https:\/\/kulturamoldava.sk\/hu\/wp-json\/wp\/v2\/posts\/32268\/revisions\/32373"}],"wp:featuredmedia":[{"embeddable":true,"href":"https:\/\/kulturamoldava.sk\/hu\/wp-json\/wp\/v2\/media\/32333"}],"wp:attachment":[{"href":"https:\/\/kulturamoldava.sk\/hu\/wp-json\/wp\/v2\/media?parent=32268"}],"wp:term":[{"taxonomy":"category","embeddable":true,"href":"https:\/\/kulturamoldava.sk\/hu\/wp-json\/wp\/v2\/categories?post=32268"},{"taxonomy":"post_tag","embeddable":true,"href":"https:\/\/kulturamoldava.sk\/hu\/wp-json\/wp\/v2\/tags?post=32268"}],"curies":[{"name":"wp","href":"https:\/\/api.w.org\/{rel}","templated":true}]}}