{"id":32247,"date":"2024-11-27T11:28:00","date_gmt":"2024-11-27T10:28:00","guid":{"rendered":"https:\/\/kulturamoldava.sk\/?p=32247"},"modified":"2025-01-08T11:37:55","modified_gmt":"2025-01-08T10:37:55","slug":"divadlo-thalia-szinhaz-imadlak-bakker-26-11-2024","status":"publish","type":"post","link":"https:\/\/kulturamoldava.sk\/hu\/divadlo-thalia-szinhaz-imadlak-bakker-26-11-2024\/","title":{"rendered":"DIVADLO TH\u00c1LIA SZ\u00cdNH\u00c1Z- IM\u00c1DLAK BAKKER 26.11.2024"},"content":{"rendered":"<p><strong>VE\u013dK\u00dd \u00daSPECH DIVADLA TH\u00c1LIA V BUDULOVE<\/strong><\/p>\n\n\n\n<p><strong>Divadlo Th\u00e1lia<\/strong> zav\u00edtalo 26.11.2024 do budulovsk\u00e9ho kult\u00farneho domu a jeho herci predstavili jedno z naj\u010dastej\u0161ie hranej a najob\u013e\u00fabenej\u0161ej veselohry <strong>IM\u00c1DLAK BAKKER<\/strong> v r\u00e9\u017eii Petra Dud\u00e1\u0161a. Bol to z\u00e1bavn\u00fd ve\u010der pre Budulov\u010danov a v\u0161etk\u00fdch div\u00e1kov zo \u0161irok\u00e9ho okolia Moldavy. Sme radi, \u017ee ste sa bavili a zaplnili s\u00e1lu kult\u00farneho domu. \u010eakujeme skvel\u00fdm hercom z divadla Th\u00e1lia. <strong>Predstavenie bolo realizovan\u00e9 s finan\u010dnou podporou Fondu na podporu kult\u00fary n\u00e1rodnostn\u00fdch men\u0161\u00edn.<\/strong> <\/p>\n\n\n\n<p><strong>NAGY SIKERT ARATOT A TH\u00c1LIA SZ\u00cdNH\u00c1Z BODOLL\u00d3BAN <\/strong><\/p>\n\n\n\n<p><strong>A Th\u00e1lia Sz\u00ednh\u00e1z<\/strong> 2024. november 26-\u00e1n ell\u00e1togatott a Bodoll\u00f3i Kult\u00farh\u00e1zba, ahol sz\u00edn\u00e9szei bemutatt\u00e1k az egyik leggyakrabban j\u00e1tszott \u00e9s legkedveltebb v\u00edgj\u00e1t\u00e9kot, az <strong>IM\u00c1DLAK BAKKER-t<\/strong>, Dud\u00e1s P\u00e9ter rendez\u00e9s\u00e9ben. Ez egy sz\u00f3rakoztat\u00f3 este volt Bodoll\u00f3 lak\u00f3i \u00e9s a Szepsi k\u00f6rny\u00e9k\u00e9n \u00e9l\u0151 n\u00e9z\u0151k sz\u00e1m\u00e1ra. \u00d6r\u00fcl\u00fcnk, hogy j\u00f3l sz\u00f3rakoztak, \u00e9s megt\u00f6lt\u00f6tt\u00e9k a kult\u00farh\u00e1z term\u00e9t. K\u00f6sz\u00f6nj\u00fck a Th\u00e1lia Sz\u00ednh\u00e1z kiv\u00e1l\u00f3 sz\u00edn\u00e9szeinek. <strong>Az el\u0151ad\u00e1s a Nemzeti Kisebbs\u00e9gek Kult\u00far\u00e1j\u00e1nak T\u00e1mogat\u00e1si Alapja p\u00e9nz\u00fcgyi t\u00e1mogat\u00e1s\u00e1val val\u00f3sult meg.<\/strong><\/p>\n\n\n\n<figure class=\"wp-block-gallery has-nested-images columns-default is-cropped wp-block-gallery-1 is-layout-flex wp-block-gallery-is-layout-flex\">\n<figure class=\"wp-block-image size-large\"><a href=\"https:\/\/kulturamoldava.sk\/wp-content\/uploads\/2025\/01\/image00001-1-scaled.jpeg\"><img loading=\"lazy\" decoding=\"async\" width=\"1024\" height=\"768\" data-id=\"32259\" src=\"https:\/\/kulturamoldava.sk\/wp-content\/uploads\/2025\/01\/image00001-1-1024x768.jpeg\" alt=\"\" class=\"wp-image-32259\" srcset=\"https:\/\/kulturamoldava.sk\/wp-content\/uploads\/2025\/01\/image00001-1-1024x768.jpeg 1024w, https:\/\/kulturamoldava.sk\/wp-content\/uploads\/2025\/01\/image00001-1-300x225.jpeg 300w, https:\/\/kulturamoldava.sk\/wp-content\/uploads\/2025\/01\/image00001-1-768x576.jpeg 768w, https:\/\/kulturamoldava.sk\/wp-content\/uploads\/2025\/01\/image00001-1-1536x1152.jpeg 1536w, https:\/\/kulturamoldava.sk\/wp-content\/uploads\/2025\/01\/image00001-1-2048x1536.jpeg 2048w, https:\/\/kulturamoldava.sk\/wp-content\/uploads\/2025\/01\/image00001-1-16x12.jpeg 16w, https:\/\/kulturamoldava.sk\/wp-content\/uploads\/2025\/01\/image00001-1-580x435.jpeg 580w, https:\/\/kulturamoldava.sk\/wp-content\/uploads\/2025\/01\/image00001-1-860x645.jpeg 860w, https:\/\/kulturamoldava.sk\/wp-content\/uploads\/2025\/01\/image00001-1-1160x870.jpeg 1160w, https:\/\/kulturamoldava.sk\/wp-content\/uploads\/2025\/01\/image00001-1-1320x990.jpeg 1320w, https:\/\/kulturamoldava.sk\/wp-content\/uploads\/2025\/01\/image00001-1-600x450.jpeg 600w\" sizes=\"auto, (max-width: 1024px) 100vw, 1024px\" \/><\/a><\/figure>\n\n\n\n<figure class=\"wp-block-image size-large\"><a href=\"https:\/\/kulturamoldava.sk\/wp-content\/uploads\/2025\/01\/image00002-1-scaled.jpeg\"><img loading=\"lazy\" decoding=\"async\" width=\"1024\" height=\"768\" data-id=\"32251\" src=\"https:\/\/kulturamoldava.sk\/wp-content\/uploads\/2025\/01\/image00002-1-1024x768.jpeg\" alt=\"\" class=\"wp-image-32251\" srcset=\"https:\/\/kulturamoldava.sk\/wp-content\/uploads\/2025\/01\/image00002-1-1024x768.jpeg 1024w, https:\/\/kulturamoldava.sk\/wp-content\/uploads\/2025\/01\/image00002-1-300x225.jpeg 300w, https:\/\/kulturamoldava.sk\/wp-content\/uploads\/2025\/01\/image00002-1-768x576.jpeg 768w, https:\/\/kulturamoldava.sk\/wp-content\/uploads\/2025\/01\/image00002-1-1536x1152.jpeg 1536w, https:\/\/kulturamoldava.sk\/wp-content\/uploads\/2025\/01\/image00002-1-2048x1536.jpeg 2048w, https:\/\/kulturamoldava.sk\/wp-content\/uploads\/2025\/01\/image00002-1-16x12.jpeg 16w, https:\/\/kulturamoldava.sk\/wp-content\/uploads\/2025\/01\/image00002-1-580x435.jpeg 580w, https:\/\/kulturamoldava.sk\/wp-content\/uploads\/2025\/01\/image00002-1-860x645.jpeg 860w, https:\/\/kulturamoldava.sk\/wp-content\/uploads\/2025\/01\/image00002-1-1160x870.jpeg 1160w, https:\/\/kulturamoldava.sk\/wp-content\/uploads\/2025\/01\/image00002-1-1320x990.jpeg 1320w, https:\/\/kulturamoldava.sk\/wp-content\/uploads\/2025\/01\/image00002-1-600x450.jpeg 600w\" sizes=\"auto, (max-width: 1024px) 100vw, 1024px\" \/><\/a><\/figure>\n\n\n\n<figure class=\"wp-block-image size-large\"><a href=\"https:\/\/kulturamoldava.sk\/wp-content\/uploads\/2025\/01\/image00004-1-scaled.jpeg\"><img loading=\"lazy\" decoding=\"async\" width=\"1024\" height=\"768\" data-id=\"32254\" src=\"https:\/\/kulturamoldava.sk\/wp-content\/uploads\/2025\/01\/image00004-1-1024x768.jpeg\" alt=\"\" class=\"wp-image-32254\" srcset=\"https:\/\/kulturamoldava.sk\/wp-content\/uploads\/2025\/01\/image00004-1-1024x768.jpeg 1024w, https:\/\/kulturamoldava.sk\/wp-content\/uploads\/2025\/01\/image00004-1-300x225.jpeg 300w, https:\/\/kulturamoldava.sk\/wp-content\/uploads\/2025\/01\/image00004-1-768x576.jpeg 768w, https:\/\/kulturamoldava.sk\/wp-content\/uploads\/2025\/01\/image00004-1-1536x1152.jpeg 1536w, https:\/\/kulturamoldava.sk\/wp-content\/uploads\/2025\/01\/image00004-1-2048x1536.jpeg 2048w, https:\/\/kulturamoldava.sk\/wp-content\/uploads\/2025\/01\/image00004-1-16x12.jpeg 16w, https:\/\/kulturamoldava.sk\/wp-content\/uploads\/2025\/01\/image00004-1-580x435.jpeg 580w, https:\/\/kulturamoldava.sk\/wp-content\/uploads\/2025\/01\/image00004-1-860x645.jpeg 860w, https:\/\/kulturamoldava.sk\/wp-content\/uploads\/2025\/01\/image00004-1-1160x870.jpeg 1160w, https:\/\/kulturamoldava.sk\/wp-content\/uploads\/2025\/01\/image00004-1-1320x990.jpeg 1320w, https:\/\/kulturamoldava.sk\/wp-content\/uploads\/2025\/01\/image00004-1-600x450.jpeg 600w\" sizes=\"auto, (max-width: 1024px) 100vw, 1024px\" \/><\/a><\/figure>\n\n\n\n<figure class=\"wp-block-image size-large\"><a href=\"https:\/\/kulturamoldava.sk\/wp-content\/uploads\/2025\/01\/image00005-1-scaled.jpeg\"><img loading=\"lazy\" decoding=\"async\" width=\"1024\" height=\"768\" data-id=\"32260\" src=\"https:\/\/kulturamoldava.sk\/wp-content\/uploads\/2025\/01\/image00005-1-1024x768.jpeg\" alt=\"\" class=\"wp-image-32260\" srcset=\"https:\/\/kulturamoldava.sk\/wp-content\/uploads\/2025\/01\/image00005-1-1024x768.jpeg 1024w, https:\/\/kulturamoldava.sk\/wp-content\/uploads\/2025\/01\/image00005-1-300x225.jpeg 300w, https:\/\/kulturamoldava.sk\/wp-content\/uploads\/2025\/01\/image00005-1-768x576.jpeg 768w, https:\/\/kulturamoldava.sk\/wp-content\/uploads\/2025\/01\/image00005-1-1536x1152.jpeg 1536w, https:\/\/kulturamoldava.sk\/wp-content\/uploads\/2025\/01\/image00005-1-2048x1536.jpeg 2048w, https:\/\/kulturamoldava.sk\/wp-content\/uploads\/2025\/01\/image00005-1-16x12.jpeg 16w, https:\/\/kulturamoldava.sk\/wp-content\/uploads\/2025\/01\/image00005-1-580x435.jpeg 580w, https:\/\/kulturamoldava.sk\/wp-content\/uploads\/2025\/01\/image00005-1-860x645.jpeg 860w, https:\/\/kulturamoldava.sk\/wp-content\/uploads\/2025\/01\/image00005-1-1160x870.jpeg 1160w, https:\/\/kulturamoldava.sk\/wp-content\/uploads\/2025\/01\/image00005-1-1320x990.jpeg 1320w, https:\/\/kulturamoldava.sk\/wp-content\/uploads\/2025\/01\/image00005-1-600x450.jpeg 600w\" sizes=\"auto, (max-width: 1024px) 100vw, 1024px\" \/><\/a><\/figure>\n\n\n\n<figure class=\"wp-block-image size-large\"><a href=\"https:\/\/kulturamoldava.sk\/wp-content\/uploads\/2025\/01\/image00007-1-scaled.jpeg\"><img loading=\"lazy\" decoding=\"async\" width=\"1024\" height=\"768\" data-id=\"32265\" src=\"https:\/\/kulturamoldava.sk\/wp-content\/uploads\/2025\/01\/image00007-1-1024x768.jpeg\" alt=\"\" class=\"wp-image-32265\" srcset=\"https:\/\/kulturamoldava.sk\/wp-content\/uploads\/2025\/01\/image00007-1-1024x768.jpeg 1024w, https:\/\/kulturamoldava.sk\/wp-content\/uploads\/2025\/01\/image00007-1-300x225.jpeg 300w, https:\/\/kulturamoldava.sk\/wp-content\/uploads\/2025\/01\/image00007-1-768x576.jpeg 768w, https:\/\/kulturamoldava.sk\/wp-content\/uploads\/2025\/01\/image00007-1-1536x1152.jpeg 1536w, https:\/\/kulturamoldava.sk\/wp-content\/uploads\/2025\/01\/image00007-1-2048x1536.jpeg 2048w, https:\/\/kulturamoldava.sk\/wp-content\/uploads\/2025\/01\/image00007-1-16x12.jpeg 16w, https:\/\/kulturamoldava.sk\/wp-content\/uploads\/2025\/01\/image00007-1-580x435.jpeg 580w, https:\/\/kulturamoldava.sk\/wp-content\/uploads\/2025\/01\/image00007-1-860x645.jpeg 860w, https:\/\/kulturamoldava.sk\/wp-content\/uploads\/2025\/01\/image00007-1-1160x870.jpeg 1160w, https:\/\/kulturamoldava.sk\/wp-content\/uploads\/2025\/01\/image00007-1-1320x990.jpeg 1320w, https:\/\/kulturamoldava.sk\/wp-content\/uploads\/2025\/01\/image00007-1-600x450.jpeg 600w\" sizes=\"auto, (max-width: 1024px) 100vw, 1024px\" \/><\/a><\/figure>\n\n\n\n<figure class=\"wp-block-image size-large\"><a href=\"https:\/\/kulturamoldava.sk\/wp-content\/uploads\/2025\/01\/image00009-1-scaled.jpeg\"><img loading=\"lazy\" decoding=\"async\" width=\"1024\" height=\"768\" data-id=\"32257\" src=\"https:\/\/kulturamoldava.sk\/wp-content\/uploads\/2025\/01\/image00009-1-1024x768.jpeg\" alt=\"\" class=\"wp-image-32257\" srcset=\"https:\/\/kulturamoldava.sk\/wp-content\/uploads\/2025\/01\/image00009-1-1024x768.jpeg 1024w, https:\/\/kulturamoldava.sk\/wp-content\/uploads\/2025\/01\/image00009-1-300x225.jpeg 300w, https:\/\/kulturamoldava.sk\/wp-content\/uploads\/2025\/01\/image00009-1-768x576.jpeg 768w, https:\/\/kulturamoldava.sk\/wp-content\/uploads\/2025\/01\/image00009-1-1536x1152.jpeg 1536w, https:\/\/kulturamoldava.sk\/wp-content\/uploads\/2025\/01\/image00009-1-2048x1536.jpeg 2048w, https:\/\/kulturamoldava.sk\/wp-content\/uploads\/2025\/01\/image00009-1-16x12.jpeg 16w, https:\/\/kulturamoldava.sk\/wp-content\/uploads\/2025\/01\/image00009-1-580x435.jpeg 580w, https:\/\/kulturamoldava.sk\/wp-content\/uploads\/2025\/01\/image00009-1-860x645.jpeg 860w, https:\/\/kulturamoldava.sk\/wp-content\/uploads\/2025\/01\/image00009-1-1160x870.jpeg 1160w, https:\/\/kulturamoldava.sk\/wp-content\/uploads\/2025\/01\/image00009-1-1320x990.jpeg 1320w, https:\/\/kulturamoldava.sk\/wp-content\/uploads\/2025\/01\/image00009-1-600x450.jpeg 600w\" sizes=\"auto, (max-width: 1024px) 100vw, 1024px\" \/><\/a><\/figure>\n\n\n\n<figure class=\"wp-block-image size-large\"><a href=\"https:\/\/kulturamoldava.sk\/wp-content\/uploads\/2025\/01\/image00010-1-scaled.jpeg\"><img loading=\"lazy\" decoding=\"async\" width=\"1024\" height=\"768\" data-id=\"32255\" src=\"https:\/\/kulturamoldava.sk\/wp-content\/uploads\/2025\/01\/image00010-1-1024x768.jpeg\" alt=\"\" class=\"wp-image-32255\" srcset=\"https:\/\/kulturamoldava.sk\/wp-content\/uploads\/2025\/01\/image00010-1-1024x768.jpeg 1024w, https:\/\/kulturamoldava.sk\/wp-content\/uploads\/2025\/01\/image00010-1-300x225.jpeg 300w, https:\/\/kulturamoldava.sk\/wp-content\/uploads\/2025\/01\/image00010-1-768x576.jpeg 768w, https:\/\/kulturamoldava.sk\/wp-content\/uploads\/2025\/01\/image00010-1-1536x1152.jpeg 1536w, https:\/\/kulturamoldava.sk\/wp-content\/uploads\/2025\/01\/image00010-1-2048x1536.jpeg 2048w, https:\/\/kulturamoldava.sk\/wp-content\/uploads\/2025\/01\/image00010-1-16x12.jpeg 16w, https:\/\/kulturamoldava.sk\/wp-content\/uploads\/2025\/01\/image00010-1-580x435.jpeg 580w, https:\/\/kulturamoldava.sk\/wp-content\/uploads\/2025\/01\/image00010-1-860x645.jpeg 860w, https:\/\/kulturamoldava.sk\/wp-content\/uploads\/2025\/01\/image00010-1-1160x870.jpeg 1160w, https:\/\/kulturamoldava.sk\/wp-content\/uploads\/2025\/01\/image00010-1-1320x990.jpeg 1320w, https:\/\/kulturamoldava.sk\/wp-content\/uploads\/2025\/01\/image00010-1-600x450.jpeg 600w\" sizes=\"auto, (max-width: 1024px) 100vw, 1024px\" \/><\/a><\/figure>\n\n\n\n<figure class=\"wp-block-image size-large\"><a href=\"https:\/\/kulturamoldava.sk\/wp-content\/uploads\/2025\/01\/image00011-1-scaled.jpeg\"><img loading=\"lazy\" decoding=\"async\" width=\"1024\" height=\"768\" data-id=\"32252\" src=\"https:\/\/kulturamoldava.sk\/wp-content\/uploads\/2025\/01\/image00011-1-1024x768.jpeg\" alt=\"\" class=\"wp-image-32252\" srcset=\"https:\/\/kulturamoldava.sk\/wp-content\/uploads\/2025\/01\/image00011-1-1024x768.jpeg 1024w, https:\/\/kulturamoldava.sk\/wp-content\/uploads\/2025\/01\/image00011-1-300x225.jpeg 300w, https:\/\/kulturamoldava.sk\/wp-content\/uploads\/2025\/01\/image00011-1-768x576.jpeg 768w, https:\/\/kulturamoldava.sk\/wp-content\/uploads\/2025\/01\/image00011-1-1536x1152.jpeg 1536w, https:\/\/kulturamoldava.sk\/wp-content\/uploads\/2025\/01\/image00011-1-2048x1536.jpeg 2048w, https:\/\/kulturamoldava.sk\/wp-content\/uploads\/2025\/01\/image00011-1-16x12.jpeg 16w, https:\/\/kulturamoldava.sk\/wp-content\/uploads\/2025\/01\/image00011-1-580x435.jpeg 580w, https:\/\/kulturamoldava.sk\/wp-content\/uploads\/2025\/01\/image00011-1-860x645.jpeg 860w, https:\/\/kulturamoldava.sk\/wp-content\/uploads\/2025\/01\/image00011-1-1160x870.jpeg 1160w, https:\/\/kulturamoldava.sk\/wp-content\/uploads\/2025\/01\/image00011-1-1320x990.jpeg 1320w, https:\/\/kulturamoldava.sk\/wp-content\/uploads\/2025\/01\/image00011-1-600x450.jpeg 600w\" sizes=\"auto, (max-width: 1024px) 100vw, 1024px\" \/><\/a><\/figure>\n\n\n\n<figure class=\"wp-block-image size-large\"><a href=\"https:\/\/kulturamoldava.sk\/wp-content\/uploads\/2025\/01\/image00013-1-scaled.jpeg\"><img loading=\"lazy\" decoding=\"async\" width=\"1024\" height=\"768\" data-id=\"32263\" src=\"https:\/\/kulturamoldava.sk\/wp-content\/uploads\/2025\/01\/image00013-1-1024x768.jpeg\" alt=\"\" class=\"wp-image-32263\" srcset=\"https:\/\/kulturamoldava.sk\/wp-content\/uploads\/2025\/01\/image00013-1-1024x768.jpeg 1024w, https:\/\/kulturamoldava.sk\/wp-content\/uploads\/2025\/01\/image00013-1-300x225.jpeg 300w, https:\/\/kulturamoldava.sk\/wp-content\/uploads\/2025\/01\/image00013-1-768x576.jpeg 768w, https:\/\/kulturamoldava.sk\/wp-content\/uploads\/2025\/01\/image00013-1-1536x1152.jpeg 1536w, https:\/\/kulturamoldava.sk\/wp-content\/uploads\/2025\/01\/image00013-1-2048x1536.jpeg 2048w, https:\/\/kulturamoldava.sk\/wp-content\/uploads\/2025\/01\/image00013-1-16x12.jpeg 16w, https:\/\/kulturamoldava.sk\/wp-content\/uploads\/2025\/01\/image00013-1-580x435.jpeg 580w, https:\/\/kulturamoldava.sk\/wp-content\/uploads\/2025\/01\/image00013-1-860x645.jpeg 860w, https:\/\/kulturamoldava.sk\/wp-content\/uploads\/2025\/01\/image00013-1-1160x870.jpeg 1160w, https:\/\/kulturamoldava.sk\/wp-content\/uploads\/2025\/01\/image00013-1-1320x990.jpeg 1320w, https:\/\/kulturamoldava.sk\/wp-content\/uploads\/2025\/01\/image00013-1-600x450.jpeg 600w\" sizes=\"auto, (max-width: 1024px) 100vw, 1024px\" \/><\/a><\/figure>\n\n\n\n<figure class=\"wp-block-image size-large\"><a href=\"https:\/\/kulturamoldava.sk\/wp-content\/uploads\/2025\/01\/image00018-1-scaled.jpeg\"><img loading=\"lazy\" decoding=\"async\" width=\"1024\" height=\"768\" data-id=\"32253\" src=\"https:\/\/kulturamoldava.sk\/wp-content\/uploads\/2025\/01\/image00018-1-1024x768.jpeg\" alt=\"\" class=\"wp-image-32253\" srcset=\"https:\/\/kulturamoldava.sk\/wp-content\/uploads\/2025\/01\/image00018-1-1024x768.jpeg 1024w, https:\/\/kulturamoldava.sk\/wp-content\/uploads\/2025\/01\/image00018-1-300x225.jpeg 300w, https:\/\/kulturamoldava.sk\/wp-content\/uploads\/2025\/01\/image00018-1-768x576.jpeg 768w, https:\/\/kulturamoldava.sk\/wp-content\/uploads\/2025\/01\/image00018-1-1536x1152.jpeg 1536w, https:\/\/kulturamoldava.sk\/wp-content\/uploads\/2025\/01\/image00018-1-2048x1536.jpeg 2048w, https:\/\/kulturamoldava.sk\/wp-content\/uploads\/2025\/01\/image00018-1-16x12.jpeg 16w, https:\/\/kulturamoldava.sk\/wp-content\/uploads\/2025\/01\/image00018-1-580x435.jpeg 580w, https:\/\/kulturamoldava.sk\/wp-content\/uploads\/2025\/01\/image00018-1-860x645.jpeg 860w, https:\/\/kulturamoldava.sk\/wp-content\/uploads\/2025\/01\/image00018-1-1160x870.jpeg 1160w, https:\/\/kulturamoldava.sk\/wp-content\/uploads\/2025\/01\/image00018-1-1320x990.jpeg 1320w, https:\/\/kulturamoldava.sk\/wp-content\/uploads\/2025\/01\/image00018-1-600x450.jpeg 600w\" sizes=\"auto, (max-width: 1024px) 100vw, 1024px\" \/><\/a><\/figure>\n\n\n\n<figure class=\"wp-block-image size-large\"><a href=\"https:\/\/kulturamoldava.sk\/wp-content\/uploads\/2025\/01\/image00019-1-scaled.jpeg\"><img loading=\"lazy\" decoding=\"async\" width=\"1024\" height=\"768\" data-id=\"32258\" src=\"https:\/\/kulturamoldava.sk\/wp-content\/uploads\/2025\/01\/image00019-1-1024x768.jpeg\" alt=\"\" class=\"wp-image-32258\" srcset=\"https:\/\/kulturamoldava.sk\/wp-content\/uploads\/2025\/01\/image00019-1-1024x768.jpeg 1024w, https:\/\/kulturamoldava.sk\/wp-content\/uploads\/2025\/01\/image00019-1-300x225.jpeg 300w, https:\/\/kulturamoldava.sk\/wp-content\/uploads\/2025\/01\/image00019-1-768x576.jpeg 768w, https:\/\/kulturamoldava.sk\/wp-content\/uploads\/2025\/01\/image00019-1-1536x1152.jpeg 1536w, https:\/\/kulturamoldava.sk\/wp-content\/uploads\/2025\/01\/image00019-1-2048x1536.jpeg 2048w, https:\/\/kulturamoldava.sk\/wp-content\/uploads\/2025\/01\/image00019-1-16x12.jpeg 16w, https:\/\/kulturamoldava.sk\/wp-content\/uploads\/2025\/01\/image00019-1-580x435.jpeg 580w, https:\/\/kulturamoldava.sk\/wp-content\/uploads\/2025\/01\/image00019-1-860x645.jpeg 860w, https:\/\/kulturamoldava.sk\/wp-content\/uploads\/2025\/01\/image00019-1-1160x870.jpeg 1160w, https:\/\/kulturamoldava.sk\/wp-content\/uploads\/2025\/01\/image00019-1-1320x990.jpeg 1320w, https:\/\/kulturamoldava.sk\/wp-content\/uploads\/2025\/01\/image00019-1-600x450.jpeg 600w\" sizes=\"auto, (max-width: 1024px) 100vw, 1024px\" \/><\/a><\/figure>\n\n\n\n<figure class=\"wp-block-image size-large\"><a href=\"https:\/\/kulturamoldava.sk\/wp-content\/uploads\/2025\/01\/image00020-1-scaled.jpeg\"><img loading=\"lazy\" decoding=\"async\" width=\"1024\" height=\"768\" data-id=\"32262\" src=\"https:\/\/kulturamoldava.sk\/wp-content\/uploads\/2025\/01\/image00020-1-1024x768.jpeg\" alt=\"\" class=\"wp-image-32262\" srcset=\"https:\/\/kulturamoldava.sk\/wp-content\/uploads\/2025\/01\/image00020-1-1024x768.jpeg 1024w, https:\/\/kulturamoldava.sk\/wp-content\/uploads\/2025\/01\/image00020-1-300x225.jpeg 300w, https:\/\/kulturamoldava.sk\/wp-content\/uploads\/2025\/01\/image00020-1-768x576.jpeg 768w, https:\/\/kulturamoldava.sk\/wp-content\/uploads\/2025\/01\/image00020-1-1536x1152.jpeg 1536w, https:\/\/kulturamoldava.sk\/wp-content\/uploads\/2025\/01\/image00020-1-2048x1536.jpeg 2048w, https:\/\/kulturamoldava.sk\/wp-content\/uploads\/2025\/01\/image00020-1-16x12.jpeg 16w, https:\/\/kulturamoldava.sk\/wp-content\/uploads\/2025\/01\/image00020-1-580x435.jpeg 580w, https:\/\/kulturamoldava.sk\/wp-content\/uploads\/2025\/01\/image00020-1-860x645.jpeg 860w, https:\/\/kulturamoldava.sk\/wp-content\/uploads\/2025\/01\/image00020-1-1160x870.jpeg 1160w, https:\/\/kulturamoldava.sk\/wp-content\/uploads\/2025\/01\/image00020-1-1320x990.jpeg 1320w, https:\/\/kulturamoldava.sk\/wp-content\/uploads\/2025\/01\/image00020-1-600x450.jpeg 600w\" sizes=\"auto, (max-width: 1024px) 100vw, 1024px\" \/><\/a><\/figure>\n<\/figure>","protected":false},"excerpt":{"rendered":"<p>VE\u013dK\u00dd \u00daSPECH DIVADLA TH\u00c1LIA V BUDULOVE Divadlo Th\u00e1lia zav\u00edtalo 26.11.2024 do budulovsk\u00e9ho kult\u00farneho domu a jeho herci predstavili jedno z naj\u010dastej\u0161ie hranej a najob\u013e\u00fabenej\u0161ej veselohry IM\u00c1DLAK BAKKER v r\u00e9\u017eii Petra Dud\u00e1\u0161a. Bol to z\u00e1bavn\u00fd ve\u010der pre Budulov\u010danov a v\u0161etk\u00fdch div\u00e1kov zo \u0161irok\u00e9ho okolia Moldavy. Sme radi, \u017ee ste sa bavili a zaplnili s\u00e1lu kult\u00farneho domu&#8230;.<\/p>","protected":false},"author":1,"featured_media":32263,"comment_status":"closed","ping_status":"closed","sticky":false,"template":"","format":"standard","meta":{"ngg_post_thumbnail":0,"footnotes":""},"categories":[1],"tags":[],"class_list":["post-32247","post","type-post","status-publish","format-standard","has-post-thumbnail","hentry","category-nezaradene"],"yoast_head":"<!-- This site is optimized with the Yoast SEO plugin v27.4 - https:\/\/yoast.com\/product\/yoast-seo-wordpress\/ -->\n<title>DIVADLO TH\u00c1LIA SZ\u00cdNH\u00c1Z- IM\u00c1DLAK BAKKER 26.11.2024 - Mestsk\u00e9 kult\u00farne stredisko Moldava nad Bodvou<\/title>\n<meta name=\"robots\" content=\"index, follow, max-snippet:-1, max-image-preview:large, max-video-preview:-1\" \/>\n<link rel=\"canonical\" href=\"https:\/\/kulturamoldava.sk\/hu\/divadlo-thalia-szinhaz-imadlak-bakker-26-11-2024\/\" \/>\n<meta property=\"og:locale\" content=\"hu_HU\" \/>\n<meta property=\"og:type\" content=\"article\" \/>\n<meta property=\"og:title\" content=\"DIVADLO TH\u00c1LIA SZ\u00cdNH\u00c1Z- IM\u00c1DLAK BAKKER 26.11.2024 - Mestsk\u00e9 kult\u00farne stredisko Moldava nad Bodvou\" \/>\n<meta property=\"og:description\" content=\"VE\u013dK\u00dd \u00daSPECH DIVADLA TH\u00c1LIA V BUDULOVE Divadlo Th\u00e1lia zav\u00edtalo 26.11.2024 do budulovsk\u00e9ho kult\u00farneho domu a jeho herci predstavili jedno z naj\u010dastej\u0161ie hranej a najob\u013e\u00fabenej\u0161ej veselohry IM\u00c1DLAK BAKKER v r\u00e9\u017eii Petra Dud\u00e1\u0161a. Bol to z\u00e1bavn\u00fd ve\u010der pre Budulov\u010danov a v\u0161etk\u00fdch div\u00e1kov zo \u0161irok\u00e9ho okolia Moldavy. Sme radi, \u017ee ste sa bavili a zaplnili s\u00e1lu kult\u00farneho domu....\" \/>\n<meta property=\"og:url\" content=\"https:\/\/kulturamoldava.sk\/hu\/divadlo-thalia-szinhaz-imadlak-bakker-26-11-2024\/\" \/>\n<meta property=\"og:site_name\" content=\"Mestsk\u00e9 kult\u00farne stredisko Moldava nad Bodvou\" \/>\n<meta property=\"article:published_time\" content=\"2024-11-27T10:28:00+00:00\" \/>\n<meta property=\"article:modified_time\" content=\"2025-01-08T10:37:55+00:00\" \/>\n<meta property=\"og:image\" content=\"https:\/\/kulturamoldava.sk\/wp-content\/uploads\/2025\/01\/image00013-1-scaled.jpeg\" \/>\n\t<meta property=\"og:image:width\" content=\"2560\" \/>\n\t<meta property=\"og:image:height\" content=\"1920\" \/>\n\t<meta property=\"og:image:type\" content=\"image\/jpeg\" \/>\n<meta name=\"author\" content=\"kulturamoldava\" \/>\n<meta name=\"twitter:card\" content=\"summary_large_image\" \/>\n<meta name=\"twitter:label1\" content=\"Szerz\u0151:\" \/>\n\t<meta name=\"twitter:data1\" content=\"kulturamoldava\" \/>\n\t<meta name=\"twitter:label2\" content=\"Becs\u00fclt olvas\u00e1si id\u0151\" \/>\n\t<meta name=\"twitter:data2\" content=\"4 perc\" \/>\n<script type=\"application\/ld+json\" class=\"yoast-schema-graph\">{\"@context\":\"https:\\\/\\\/schema.org\",\"@graph\":[{\"@type\":\"Article\",\"@id\":\"https:\\\/\\\/kulturamoldava.sk\\\/divadlo-thalia-szinhaz-imadlak-bakker-26-11-2024\\\/#article\",\"isPartOf\":{\"@id\":\"https:\\\/\\\/kulturamoldava.sk\\\/divadlo-thalia-szinhaz-imadlak-bakker-26-11-2024\\\/\"},\"author\":{\"name\":\"kulturamoldava\",\"@id\":\"https:\\\/\\\/kulturamoldava.sk\\\/#\\\/schema\\\/person\\\/8eef072de6f42a5fd024b6987a0745d6\"},\"headline\":\"DIVADLO TH\u00c1LIA SZ\u00cdNH\u00c1Z- IM\u00c1DLAK BAKKER 26.11.2024\",\"datePublished\":\"2024-11-27T10:28:00+00:00\",\"dateModified\":\"2025-01-08T10:37:55+00:00\",\"mainEntityOfPage\":{\"@id\":\"https:\\\/\\\/kulturamoldava.sk\\\/divadlo-thalia-szinhaz-imadlak-bakker-26-11-2024\\\/\"},\"wordCount\":249,\"image\":{\"@id\":\"https:\\\/\\\/kulturamoldava.sk\\\/divadlo-thalia-szinhaz-imadlak-bakker-26-11-2024\\\/#primaryimage\"},\"thumbnailUrl\":\"https:\\\/\\\/kulturamoldava.sk\\\/wp-content\\\/uploads\\\/2025\\\/01\\\/image00013-1-scaled.jpeg\",\"articleSection\":[\"Nezaraden\u00e9\"],\"inLanguage\":\"hu\"},{\"@type\":\"WebPage\",\"@id\":\"https:\\\/\\\/kulturamoldava.sk\\\/divadlo-thalia-szinhaz-imadlak-bakker-26-11-2024\\\/\",\"url\":\"https:\\\/\\\/kulturamoldava.sk\\\/divadlo-thalia-szinhaz-imadlak-bakker-26-11-2024\\\/\",\"name\":\"DIVADLO TH\u00c1LIA SZ\u00cdNH\u00c1Z- IM\u00c1DLAK BAKKER 26.11.2024 - Mestsk\u00e9 kult\u00farne stredisko Moldava nad Bodvou\",\"isPartOf\":{\"@id\":\"https:\\\/\\\/kulturamoldava.sk\\\/#website\"},\"primaryImageOfPage\":{\"@id\":\"https:\\\/\\\/kulturamoldava.sk\\\/divadlo-thalia-szinhaz-imadlak-bakker-26-11-2024\\\/#primaryimage\"},\"image\":{\"@id\":\"https:\\\/\\\/kulturamoldava.sk\\\/divadlo-thalia-szinhaz-imadlak-bakker-26-11-2024\\\/#primaryimage\"},\"thumbnailUrl\":\"https:\\\/\\\/kulturamoldava.sk\\\/wp-content\\\/uploads\\\/2025\\\/01\\\/image00013-1-scaled.jpeg\",\"datePublished\":\"2024-11-27T10:28:00+00:00\",\"dateModified\":\"2025-01-08T10:37:55+00:00\",\"author\":{\"@id\":\"https:\\\/\\\/kulturamoldava.sk\\\/#\\\/schema\\\/person\\\/8eef072de6f42a5fd024b6987a0745d6\"},\"breadcrumb\":{\"@id\":\"https:\\\/\\\/kulturamoldava.sk\\\/divadlo-thalia-szinhaz-imadlak-bakker-26-11-2024\\\/#breadcrumb\"},\"inLanguage\":\"hu\",\"potentialAction\":[{\"@type\":\"ReadAction\",\"target\":[\"https:\\\/\\\/kulturamoldava.sk\\\/divadlo-thalia-szinhaz-imadlak-bakker-26-11-2024\\\/\"]}]},{\"@type\":\"ImageObject\",\"inLanguage\":\"hu\",\"@id\":\"https:\\\/\\\/kulturamoldava.sk\\\/divadlo-thalia-szinhaz-imadlak-bakker-26-11-2024\\\/#primaryimage\",\"url\":\"https:\\\/\\\/kulturamoldava.sk\\\/wp-content\\\/uploads\\\/2025\\\/01\\\/image00013-1-scaled.jpeg\",\"contentUrl\":\"https:\\\/\\\/kulturamoldava.sk\\\/wp-content\\\/uploads\\\/2025\\\/01\\\/image00013-1-scaled.jpeg\",\"width\":2560,\"height\":1920},{\"@type\":\"BreadcrumbList\",\"@id\":\"https:\\\/\\\/kulturamoldava.sk\\\/divadlo-thalia-szinhaz-imadlak-bakker-26-11-2024\\\/#breadcrumb\",\"itemListElement\":[{\"@type\":\"ListItem\",\"position\":1,\"name\":\"Home\",\"item\":\"https:\\\/\\\/kulturamoldava.sk\\\/\"},{\"@type\":\"ListItem\",\"position\":2,\"name\":\"DIVADLO TH\u00c1LIA SZ\u00cdNH\u00c1Z- IM\u00c1DLAK BAKKER 26.11.2024\"}]},{\"@type\":\"WebSite\",\"@id\":\"https:\\\/\\\/kulturamoldava.sk\\\/#website\",\"url\":\"https:\\\/\\\/kulturamoldava.sk\\\/\",\"name\":\"Mestsk\u00e9 kult\u00farne stredisko Moldava nad Bodvou\",\"description\":\"\",\"potentialAction\":[{\"@type\":\"SearchAction\",\"target\":{\"@type\":\"EntryPoint\",\"urlTemplate\":\"https:\\\/\\\/kulturamoldava.sk\\\/?s={search_term_string}\"},\"query-input\":{\"@type\":\"PropertyValueSpecification\",\"valueRequired\":true,\"valueName\":\"search_term_string\"}}],\"inLanguage\":\"hu\"},{\"@type\":\"Person\",\"@id\":\"https:\\\/\\\/kulturamoldava.sk\\\/#\\\/schema\\\/person\\\/8eef072de6f42a5fd024b6987a0745d6\",\"name\":\"kulturamoldava\",\"image\":{\"@type\":\"ImageObject\",\"inLanguage\":\"hu\",\"@id\":\"https:\\\/\\\/secure.gravatar.com\\\/avatar\\\/d6f6bf4cc0de0867347e805c1ac591b2391954abfd993ed9c457f5564a7576ca?s=96&d=mm&r=g\",\"url\":\"https:\\\/\\\/secure.gravatar.com\\\/avatar\\\/d6f6bf4cc0de0867347e805c1ac591b2391954abfd993ed9c457f5564a7576ca?s=96&d=mm&r=g\",\"contentUrl\":\"https:\\\/\\\/secure.gravatar.com\\\/avatar\\\/d6f6bf4cc0de0867347e805c1ac591b2391954abfd993ed9c457f5564a7576ca?s=96&d=mm&r=g\",\"caption\":\"kulturamoldava\"},\"url\":\"https:\\\/\\\/kulturamoldava.sk\\\/hu\\\/author\\\/kulturamoldava\\\/\"}]}<\/script>\n<!-- \/ Yoast SEO plugin. -->","yoast_head_json":{"title":"DIVADLO TH\u00c1LIA SZ\u00cdNH\u00c1Z- IM\u00c1DLAK BAKKER 26.11.2024 - Mestsk\u00e9 kult\u00farne stredisko Moldava nad Bodvou","robots":{"index":"index","follow":"follow","max-snippet":"max-snippet:-1","max-image-preview":"max-image-preview:large","max-video-preview":"max-video-preview:-1"},"canonical":"https:\/\/kulturamoldava.sk\/hu\/divadlo-thalia-szinhaz-imadlak-bakker-26-11-2024\/","og_locale":"hu_HU","og_type":"article","og_title":"DIVADLO TH\u00c1LIA SZ\u00cdNH\u00c1Z- IM\u00c1DLAK BAKKER 26.11.2024 - Mestsk\u00e9 kult\u00farne stredisko Moldava nad Bodvou","og_description":"VE\u013dK\u00dd \u00daSPECH DIVADLA TH\u00c1LIA V BUDULOVE Divadlo Th\u00e1lia zav\u00edtalo 26.11.2024 do budulovsk\u00e9ho kult\u00farneho domu a jeho herci predstavili jedno z naj\u010dastej\u0161ie hranej a najob\u013e\u00fabenej\u0161ej veselohry IM\u00c1DLAK BAKKER v r\u00e9\u017eii Petra Dud\u00e1\u0161a. Bol to z\u00e1bavn\u00fd ve\u010der pre Budulov\u010danov a v\u0161etk\u00fdch div\u00e1kov zo \u0161irok\u00e9ho okolia Moldavy. Sme radi, \u017ee ste sa bavili a zaplnili s\u00e1lu kult\u00farneho domu....","og_url":"https:\/\/kulturamoldava.sk\/hu\/divadlo-thalia-szinhaz-imadlak-bakker-26-11-2024\/","og_site_name":"Mestsk\u00e9 kult\u00farne stredisko Moldava nad Bodvou","article_published_time":"2024-11-27T10:28:00+00:00","article_modified_time":"2025-01-08T10:37:55+00:00","og_image":[{"width":2560,"height":1920,"url":"https:\/\/kulturamoldava.sk\/wp-content\/uploads\/2025\/01\/image00013-1-scaled.jpeg","type":"image\/jpeg"}],"author":"kulturamoldava","twitter_card":"summary_large_image","twitter_misc":{"Szerz\u0151:":"kulturamoldava","Becs\u00fclt olvas\u00e1si id\u0151":"4 perc"},"schema":{"@context":"https:\/\/schema.org","@graph":[{"@type":"Article","@id":"https:\/\/kulturamoldava.sk\/divadlo-thalia-szinhaz-imadlak-bakker-26-11-2024\/#article","isPartOf":{"@id":"https:\/\/kulturamoldava.sk\/divadlo-thalia-szinhaz-imadlak-bakker-26-11-2024\/"},"author":{"name":"kulturamoldava","@id":"https:\/\/kulturamoldava.sk\/#\/schema\/person\/8eef072de6f42a5fd024b6987a0745d6"},"headline":"DIVADLO TH\u00c1LIA SZ\u00cdNH\u00c1Z- IM\u00c1DLAK BAKKER 26.11.2024","datePublished":"2024-11-27T10:28:00+00:00","dateModified":"2025-01-08T10:37:55+00:00","mainEntityOfPage":{"@id":"https:\/\/kulturamoldava.sk\/divadlo-thalia-szinhaz-imadlak-bakker-26-11-2024\/"},"wordCount":249,"image":{"@id":"https:\/\/kulturamoldava.sk\/divadlo-thalia-szinhaz-imadlak-bakker-26-11-2024\/#primaryimage"},"thumbnailUrl":"https:\/\/kulturamoldava.sk\/wp-content\/uploads\/2025\/01\/image00013-1-scaled.jpeg","articleSection":["Nezaraden\u00e9"],"inLanguage":"hu"},{"@type":"WebPage","@id":"https:\/\/kulturamoldava.sk\/divadlo-thalia-szinhaz-imadlak-bakker-26-11-2024\/","url":"https:\/\/kulturamoldava.sk\/divadlo-thalia-szinhaz-imadlak-bakker-26-11-2024\/","name":"DIVADLO TH\u00c1LIA SZ\u00cdNH\u00c1Z- IM\u00c1DLAK BAKKER 26.11.2024 - Mestsk\u00e9 kult\u00farne stredisko Moldava nad Bodvou","isPartOf":{"@id":"https:\/\/kulturamoldava.sk\/#website"},"primaryImageOfPage":{"@id":"https:\/\/kulturamoldava.sk\/divadlo-thalia-szinhaz-imadlak-bakker-26-11-2024\/#primaryimage"},"image":{"@id":"https:\/\/kulturamoldava.sk\/divadlo-thalia-szinhaz-imadlak-bakker-26-11-2024\/#primaryimage"},"thumbnailUrl":"https:\/\/kulturamoldava.sk\/wp-content\/uploads\/2025\/01\/image00013-1-scaled.jpeg","datePublished":"2024-11-27T10:28:00+00:00","dateModified":"2025-01-08T10:37:55+00:00","author":{"@id":"https:\/\/kulturamoldava.sk\/#\/schema\/person\/8eef072de6f42a5fd024b6987a0745d6"},"breadcrumb":{"@id":"https:\/\/kulturamoldava.sk\/divadlo-thalia-szinhaz-imadlak-bakker-26-11-2024\/#breadcrumb"},"inLanguage":"hu","potentialAction":[{"@type":"ReadAction","target":["https:\/\/kulturamoldava.sk\/divadlo-thalia-szinhaz-imadlak-bakker-26-11-2024\/"]}]},{"@type":"ImageObject","inLanguage":"hu","@id":"https:\/\/kulturamoldava.sk\/divadlo-thalia-szinhaz-imadlak-bakker-26-11-2024\/#primaryimage","url":"https:\/\/kulturamoldava.sk\/wp-content\/uploads\/2025\/01\/image00013-1-scaled.jpeg","contentUrl":"https:\/\/kulturamoldava.sk\/wp-content\/uploads\/2025\/01\/image00013-1-scaled.jpeg","width":2560,"height":1920},{"@type":"BreadcrumbList","@id":"https:\/\/kulturamoldava.sk\/divadlo-thalia-szinhaz-imadlak-bakker-26-11-2024\/#breadcrumb","itemListElement":[{"@type":"ListItem","position":1,"name":"Home","item":"https:\/\/kulturamoldava.sk\/"},{"@type":"ListItem","position":2,"name":"DIVADLO TH\u00c1LIA SZ\u00cdNH\u00c1Z- IM\u00c1DLAK BAKKER 26.11.2024"}]},{"@type":"WebSite","@id":"https:\/\/kulturamoldava.sk\/#website","url":"https:\/\/kulturamoldava.sk\/","name":"Szepsi V\u00e1rosi M\u0171vel\u0151d\u00e9si K\u00f6zpont","description":"","potentialAction":[{"@type":"SearchAction","target":{"@type":"EntryPoint","urlTemplate":"https:\/\/kulturamoldava.sk\/?s={search_term_string}"},"query-input":{"@type":"PropertyValueSpecification","valueRequired":true,"valueName":"search_term_string"}}],"inLanguage":"hu"},{"@type":"Person","@id":"https:\/\/kulturamoldava.sk\/#\/schema\/person\/8eef072de6f42a5fd024b6987a0745d6","name":"kulturamoldava","image":{"@type":"ImageObject","inLanguage":"hu","@id":"https:\/\/secure.gravatar.com\/avatar\/d6f6bf4cc0de0867347e805c1ac591b2391954abfd993ed9c457f5564a7576ca?s=96&d=mm&r=g","url":"https:\/\/secure.gravatar.com\/avatar\/d6f6bf4cc0de0867347e805c1ac591b2391954abfd993ed9c457f5564a7576ca?s=96&d=mm&r=g","contentUrl":"https:\/\/secure.gravatar.com\/avatar\/d6f6bf4cc0de0867347e805c1ac591b2391954abfd993ed9c457f5564a7576ca?s=96&d=mm&r=g","caption":"kulturamoldava"},"url":"https:\/\/kulturamoldava.sk\/hu\/author\/kulturamoldava\/"}]}},"_links":{"self":[{"href":"https:\/\/kulturamoldava.sk\/hu\/wp-json\/wp\/v2\/posts\/32247","targetHints":{"allow":["GET"]}}],"collection":[{"href":"https:\/\/kulturamoldava.sk\/hu\/wp-json\/wp\/v2\/posts"}],"about":[{"href":"https:\/\/kulturamoldava.sk\/hu\/wp-json\/wp\/v2\/types\/post"}],"author":[{"embeddable":true,"href":"https:\/\/kulturamoldava.sk\/hu\/wp-json\/wp\/v2\/users\/1"}],"replies":[{"embeddable":true,"href":"https:\/\/kulturamoldava.sk\/hu\/wp-json\/wp\/v2\/comments?post=32247"}],"version-history":[{"count":1,"href":"https:\/\/kulturamoldava.sk\/hu\/wp-json\/wp\/v2\/posts\/32247\/revisions"}],"predecessor-version":[{"id":32267,"href":"https:\/\/kulturamoldava.sk\/hu\/wp-json\/wp\/v2\/posts\/32247\/revisions\/32267"}],"wp:featuredmedia":[{"embeddable":true,"href":"https:\/\/kulturamoldava.sk\/hu\/wp-json\/wp\/v2\/media\/32263"}],"wp:attachment":[{"href":"https:\/\/kulturamoldava.sk\/hu\/wp-json\/wp\/v2\/media?parent=32247"}],"wp:term":[{"taxonomy":"category","embeddable":true,"href":"https:\/\/kulturamoldava.sk\/hu\/wp-json\/wp\/v2\/categories?post=32247"},{"taxonomy":"post_tag","embeddable":true,"href":"https:\/\/kulturamoldava.sk\/hu\/wp-json\/wp\/v2\/tags?post=32247"}],"curies":[{"name":"wp","href":"https:\/\/api.w.org\/{rel}","templated":true}]}}