{"id":32217,"date":"2024-09-27T10:33:00","date_gmt":"2024-09-27T08:33:00","guid":{"rendered":"https:\/\/kulturamoldava.sk\/?p=32217"},"modified":"2025-01-08T11:25:31","modified_gmt":"2025-01-08T10:25:31","slug":"ifju-szivek-szabad","status":"publish","type":"post","link":"https:\/\/kulturamoldava.sk\/hu\/ifju-szivek-szabad\/","title":{"rendered":"IFJ\u00da SZIVEK- ,,SZABAD,,"},"content":{"rendered":"<p>Vo ve\u013ekej s\u00e1le Mestsk\u00e9ho kult\u00farneho strediska v Moldave nad Bodvou sa 26. septembra 2024 uskuto\u010dnilo jedine\u010dn\u00e9 kult\u00farne podujatie, ktor\u00e9 pril\u00e1kalo mno\u017estvo milovn\u00edkov umenia a folkl\u00f3ru. Ve\u010der bol pln\u00fd nezabudnute\u013en\u00fdch momentov, ktor\u00e9 priniesli energiu, eleganciu a autentickos\u0165 tradi\u010dn\u00e9ho ma\u010farsk\u00e9ho tanca.<\/p>\n\n\n\n<p>Hlavnou hviezdou tohto podujatia bolo <strong>Tane\u010dn\u00e9 divadlo IFJ\u00da SZIVEK,<\/strong> ktor\u00e9 je pova\u017eovan\u00e9 za jednu z najv\u00fdznamnej\u0161\u00edch umeleck\u00fdch dieln\u00ed ma\u010farsk\u00e9ho folkl\u00f3rneho hnutia na Slovensku. Svoju poves\u0165 si vybudovali nielen doma, ale aj na medzin\u00e1rodnej sc\u00e9ne, kde pravidelne zbieraj\u00fa uznania za svoje prec\u00edzne tane\u010dn\u00e9 choreografie, \u017eiv\u00fa hudbu a schopnos\u0165 prenies\u0165 div\u00e1ka do atmosf\u00e9ry stredoeur\u00f3pskych dedinsk\u00fdch z\u00e1bav. Ve\u010der vyvrcholil ich vyst\u00fapen\u00edm s n\u00e1zvom <strong>\u201eSZABAD\u201c<\/strong>, ktor\u00e9 div\u00e1kov prenieslo na cestu po tradi\u010dn\u00fdch tancoch a hudbe Karpatskej kotliny. Po\u010das predstavenia sa na javisku striedali r\u00f4zne tane\u010dn\u00e9 formy a \u0161t\u00fdly, pri\u010dom ka\u017ed\u00e9 \u010d\u00edslo bolo doplnen\u00e9 o jedine\u010dn\u00e9 hudobn\u00e9 sprievody. Ich dynamika, energia a prec\u00edten\u00e9 tane\u010dn\u00e9 kroky vyvolali siln\u00e9 em\u00f3cie a neut\u00edchaj\u00faci potlesk obecenstva. <\/p>\n\n\n\n<p><strong>Podujatie bolo realizovan\u00e9 s finan\u010dnou podporou Fondu na podporu kult\u00fary n\u00e1rodnostn\u00fdch men\u0161\u00edn<\/strong> <strong>KULTMINOR<\/strong>, \u010do dokazuje z\u00e1v\u00e4zok podporova\u0165 multikult\u00farnu rozmanitos\u0165 a zachov\u00e1vanie kult\u00farnych trad\u00edci\u00ed men\u0161\u00edn na Slovensku. T\u00e1to podpora umo\u017e\u0148uje umelcom, ako s\u00fa \u010dlenovia IFJ\u00da SZIVEK, prezentova\u0165 svoje umenie \u0161ir\u0161ej verejnosti a prispieva\u0165 tak k vz\u00e1jomn\u00e9mu porozumeniu a obohacovaniu spolo\u010densk\u00e9ho \u017eivota. \u010eakujeme v\u0161etk\u00fdm z\u00fa\u010dastnen\u00fdm, ktor\u00ed si pri\u0161li vychutna\u0165 kr\u00e1su tradi\u010dn\u00fdch tancov, a te\u0161\u00edme sa na \u010fal\u0161ie stretnutia s umen\u00edm, ktor\u00e9 buduje mosty medzi r\u00f4znymi kult\u00farami a gener\u00e1ciami.<\/p>\n\n\n\n<p><strong>HAGYOM\u00c1NYOS N\u00c9PI T\u00c1NCOK VAR\u00c1ZSOLT\u00c1K EL A K\u00d6Z\u00d6NS\u00c9GET SZEPSIBEN<\/strong><\/p>\n\n\n\n<p>A Szepsi V\u00e1rosi Kultur\u00e1lis K\u00f6zpont nagyterm\u00e9ben 2024 szeptember 26-\u00e1n egy k\u00fcl\u00f6nleges kultur\u00e1lis rendezv\u00e9nyre ker\u00fclt sor, a folkl\u00f3r kedvel\u0151k nagy \u00f6r\u00f6m\u00e9re. Az este felejthetetlen pillanatokkal telt, melyek bemutatt\u00e1k a hagyom\u00e1nyos magyar n\u00e9pi t\u00e1ncok dinamikuss\u00e1g\u00e1t, eleganci\u00e1j\u00e1t \u00e9s autentikuss\u00e1g\u00e1t.<\/p>\n\n\n\n<p>A nem mindennapi kultur\u00e1lis esem\u00e9ny f\u0151 fell\u00e9p\u0151 vend\u00e9ge az<strong> IFJ\u00da SZIVEK T\u00e1ncsz\u00ednh\u00e1z<\/strong> volt, amely a szlov\u00e1kiai magyar folkl\u00f3r mozgalom egyik legkiemelked\u0151bb m\u0171v\u00e9szeti m\u0171helyek\u00e9nt ismert. H\u00edrnev\u00fck hazai \u00e9s nemzetk\u00f6zi szinten is elismert. Az \u00e9l\u0151 zen\u00e9re pontosan megkoreograf\u00e1lt t\u00e1ncaik, a nagy\u00e9rdem\u0171 k\u00f6z\u00f6ns\u00e9get a k\u00f6z\u00e9p-eur\u00f3pai falusi mulats\u00e1gok hangulat\u00e1ba rep\u00edtik. Az el\u0151ad\u00e1suk f\u00e9nypontja a <strong>\u201eSZABAD\u201d<\/strong> c\u00edm\u0171 m\u0171sor volt, amely a n\u00e9z\u0151ket a K\u00e1rp\u00e1t-medence hagyom\u00e1nyos t\u00e1ncain \u00e9s zen\u00e9in kereszt\u00fcl egy utaz\u00e1sra invit\u00e1lta. Az produkci\u00f3 sor\u00e1n k\u00fcl\u00f6nb\u00f6z\u0151 t\u00e1ncform\u00e1k \u00e9s st\u00edlusok v\u00e1ltott\u00e1k egym\u00e1st a sz\u00ednpadon, \u00e9s minden egyes r\u00e9sz\u00e9t egyedi zenei k\u00eds\u00e9ret tett teljess\u00e9. A publikum sz\u0171nni nem akar\u00f3 tapssal m\u00e9ltatta az \u00e9rzelemd\u00fas, energikus t\u00e1ncm\u0171sort. <\/p>\n\n\n\n<p><strong>A rendezv\u00e9ny a Kisebbs\u00e9gi Kultur\u00e1lis Alap p\u00e9nz\u00fcgyi t\u00e1mogat\u00e1s\u00e1val val\u00f3sult meg<\/strong> <strong>KULTMINOR<\/strong>, \u00edgy bizony\u00edtva a k\u00f6t\u0151d\u00e9st a multikultur\u00e1lis soksz\u00edn\u0171s\u00e9g \u00e9s a kisebbs\u00e9gek kultur\u00e1lis hagyom\u00e1nyainak meg\u0151rz\u00e9se ir\u00e1nt Szlov\u00e1ki\u00e1ban. Ilyen \u00e9s ehhez hasonl\u00f3 t\u00e1mogat\u00e1sok \u00e1ltal v\u00e1lhat val\u00f3ra, hogy az el\u0151ad\u00f3m\u0171v\u00e9szek, mint az IFJ\u00da SZIVEK tagjai is, a m\u0171v\u00e9szet\u00fcket sz\u00e9lesebb k\u00f6z\u00f6ns\u00e9ggel tudj\u00e1k megismertetni, s ezzel nagyban hozz\u00e1j\u00e1ruljanak a t\u00e1rsadalmi \u00e9let gazdag\u00edt\u00e1s\u00e1hoz, soksz\u00edn\u0171s\u00e9g\u00e9hez. K\u00f6sz\u00f6nj\u00fck minden r\u00e9sztvev\u0151nek, aki jelenl\u00e9t\u00e9vel emelte az est sikeress\u00e9g\u00e9t. A csod\u00e1latos n\u00e9pi t\u00e1ncok sz\u00e9ps\u00e9ge mindenkit leny\u0171g\u00f6z\u00f6tt. Szeretettel v\u00e1rjuk \u00d6n\u00f6ket legk\u00f6zelebb is, hogy tov\u00e1bb \u00f6regb\u00edthess\u00fck k\u00f6z\u00f6sen a k\u00fcl\u00f6nb\u00f6z\u0151 kult\u00far\u00e1k \u00e9s gener\u00e1ci\u00f3k k\u00f6z\u00f6tt sz\u00fclet\u0151 m\u0171v\u00e9szetet. <\/p>\n\n\n\n<p><\/p>\n\n\n\n<figure class=\"wp-block-gallery has-nested-images columns-default is-cropped wp-block-gallery-1 is-layout-flex wp-block-gallery-is-layout-flex\">\n<figure class=\"wp-block-image size-large\"><a href=\"https:\/\/kulturamoldava.sk\/wp-content\/uploads\/2025\/01\/image00341.jpeg\"><img loading=\"lazy\" decoding=\"async\" width=\"1024\" height=\"683\" data-id=\"32221\" src=\"https:\/\/kulturamoldava.sk\/wp-content\/uploads\/2025\/01\/image00341-1024x683.jpeg\" alt=\"\" class=\"wp-image-32221\" srcset=\"https:\/\/kulturamoldava.sk\/wp-content\/uploads\/2025\/01\/image00341-1024x683.jpeg 1024w, https:\/\/kulturamoldava.sk\/wp-content\/uploads\/2025\/01\/image00341-300x200.jpeg 300w, https:\/\/kulturamoldava.sk\/wp-content\/uploads\/2025\/01\/image00341-768x512.jpeg 768w, https:\/\/kulturamoldava.sk\/wp-content\/uploads\/2025\/01\/image00341-1536x1024.jpeg 1536w, https:\/\/kulturamoldava.sk\/wp-content\/uploads\/2025\/01\/image00341-18x12.jpeg 18w, https:\/\/kulturamoldava.sk\/wp-content\/uploads\/2025\/01\/image00341-580x387.jpeg 580w, https:\/\/kulturamoldava.sk\/wp-content\/uploads\/2025\/01\/image00341-860x573.jpeg 860w, https:\/\/kulturamoldava.sk\/wp-content\/uploads\/2025\/01\/image00341-1160x773.jpeg 1160w, https:\/\/kulturamoldava.sk\/wp-content\/uploads\/2025\/01\/image00341-1320x880.jpeg 1320w, https:\/\/kulturamoldava.sk\/wp-content\/uploads\/2025\/01\/image00341-600x400.jpeg 600w, https:\/\/kulturamoldava.sk\/wp-content\/uploads\/2025\/01\/image00341.jpeg 2048w\" sizes=\"auto, (max-width: 1024px) 100vw, 1024px\" \/><\/a><\/figure>\n\n\n\n<figure class=\"wp-block-image size-large\"><a href=\"https:\/\/kulturamoldava.sk\/wp-content\/uploads\/2025\/01\/image00342.jpeg\"><img loading=\"lazy\" decoding=\"async\" width=\"1024\" height=\"683\" data-id=\"32231\" src=\"https:\/\/kulturamoldava.sk\/wp-content\/uploads\/2025\/01\/image00342-1024x683.jpeg\" alt=\"\" class=\"wp-image-32231\" srcset=\"https:\/\/kulturamoldava.sk\/wp-content\/uploads\/2025\/01\/image00342-1024x683.jpeg 1024w, https:\/\/kulturamoldava.sk\/wp-content\/uploads\/2025\/01\/image00342-300x200.jpeg 300w, https:\/\/kulturamoldava.sk\/wp-content\/uploads\/2025\/01\/image00342-768x512.jpeg 768w, https:\/\/kulturamoldava.sk\/wp-content\/uploads\/2025\/01\/image00342-1536x1024.jpeg 1536w, https:\/\/kulturamoldava.sk\/wp-content\/uploads\/2025\/01\/image00342-18x12.jpeg 18w, https:\/\/kulturamoldava.sk\/wp-content\/uploads\/2025\/01\/image00342-580x387.jpeg 580w, https:\/\/kulturamoldava.sk\/wp-content\/uploads\/2025\/01\/image00342-860x573.jpeg 860w, https:\/\/kulturamoldava.sk\/wp-content\/uploads\/2025\/01\/image00342-1160x773.jpeg 1160w, https:\/\/kulturamoldava.sk\/wp-content\/uploads\/2025\/01\/image00342-1320x880.jpeg 1320w, https:\/\/kulturamoldava.sk\/wp-content\/uploads\/2025\/01\/image00342-600x400.jpeg 600w, https:\/\/kulturamoldava.sk\/wp-content\/uploads\/2025\/01\/image00342.jpeg 2048w\" sizes=\"auto, (max-width: 1024px) 100vw, 1024px\" \/><\/a><\/figure>\n\n\n\n<figure class=\"wp-block-image size-large\"><a href=\"https:\/\/kulturamoldava.sk\/wp-content\/uploads\/2025\/01\/image00343.jpeg\"><img loading=\"lazy\" decoding=\"async\" width=\"1024\" height=\"683\" data-id=\"32233\" src=\"https:\/\/kulturamoldava.sk\/wp-content\/uploads\/2025\/01\/image00343-1024x683.jpeg\" alt=\"\" class=\"wp-image-32233\" srcset=\"https:\/\/kulturamoldava.sk\/wp-content\/uploads\/2025\/01\/image00343-1024x683.jpeg 1024w, https:\/\/kulturamoldava.sk\/wp-content\/uploads\/2025\/01\/image00343-300x200.jpeg 300w, https:\/\/kulturamoldava.sk\/wp-content\/uploads\/2025\/01\/image00343-768x512.jpeg 768w, https:\/\/kulturamoldava.sk\/wp-content\/uploads\/2025\/01\/image00343-1536x1024.jpeg 1536w, https:\/\/kulturamoldava.sk\/wp-content\/uploads\/2025\/01\/image00343-18x12.jpeg 18w, https:\/\/kulturamoldava.sk\/wp-content\/uploads\/2025\/01\/image00343-580x387.jpeg 580w, https:\/\/kulturamoldava.sk\/wp-content\/uploads\/2025\/01\/image00343-860x573.jpeg 860w, https:\/\/kulturamoldava.sk\/wp-content\/uploads\/2025\/01\/image00343-1160x773.jpeg 1160w, https:\/\/kulturamoldava.sk\/wp-content\/uploads\/2025\/01\/image00343-1320x880.jpeg 1320w, https:\/\/kulturamoldava.sk\/wp-content\/uploads\/2025\/01\/image00343-600x400.jpeg 600w, https:\/\/kulturamoldava.sk\/wp-content\/uploads\/2025\/01\/image00343.jpeg 2048w\" sizes=\"auto, (max-width: 1024px) 100vw, 1024px\" \/><\/a><\/figure>\n\n\n\n<figure class=\"wp-block-image size-large\"><a href=\"https:\/\/kulturamoldava.sk\/wp-content\/uploads\/2025\/01\/image00344.jpeg\"><img loading=\"lazy\" decoding=\"async\" width=\"1024\" height=\"683\" data-id=\"32237\" src=\"https:\/\/kulturamoldava.sk\/wp-content\/uploads\/2025\/01\/image00344-1024x683.jpeg\" alt=\"\" class=\"wp-image-32237\" srcset=\"https:\/\/kulturamoldava.sk\/wp-content\/uploads\/2025\/01\/image00344-1024x683.jpeg 1024w, https:\/\/kulturamoldava.sk\/wp-content\/uploads\/2025\/01\/image00344-300x200.jpeg 300w, https:\/\/kulturamoldava.sk\/wp-content\/uploads\/2025\/01\/image00344-768x512.jpeg 768w, https:\/\/kulturamoldava.sk\/wp-content\/uploads\/2025\/01\/image00344-1536x1024.jpeg 1536w, https:\/\/kulturamoldava.sk\/wp-content\/uploads\/2025\/01\/image00344-18x12.jpeg 18w, https:\/\/kulturamoldava.sk\/wp-content\/uploads\/2025\/01\/image00344-580x387.jpeg 580w, https:\/\/kulturamoldava.sk\/wp-content\/uploads\/2025\/01\/image00344-860x573.jpeg 860w, https:\/\/kulturamoldava.sk\/wp-content\/uploads\/2025\/01\/image00344-1160x773.jpeg 1160w, https:\/\/kulturamoldava.sk\/wp-content\/uploads\/2025\/01\/image00344-1320x880.jpeg 1320w, https:\/\/kulturamoldava.sk\/wp-content\/uploads\/2025\/01\/image00344-600x400.jpeg 600w, https:\/\/kulturamoldava.sk\/wp-content\/uploads\/2025\/01\/image00344.jpeg 2048w\" sizes=\"auto, (max-width: 1024px) 100vw, 1024px\" \/><\/a><\/figure>\n\n\n\n<figure class=\"wp-block-image size-large\"><a href=\"https:\/\/kulturamoldava.sk\/wp-content\/uploads\/2025\/01\/image00345.jpeg\"><img loading=\"lazy\" decoding=\"async\" width=\"1024\" height=\"683\" data-id=\"32226\" src=\"https:\/\/kulturamoldava.sk\/wp-content\/uploads\/2025\/01\/image00345-1024x683.jpeg\" alt=\"\" class=\"wp-image-32226\" srcset=\"https:\/\/kulturamoldava.sk\/wp-content\/uploads\/2025\/01\/image00345-1024x683.jpeg 1024w, https:\/\/kulturamoldava.sk\/wp-content\/uploads\/2025\/01\/image00345-300x200.jpeg 300w, https:\/\/kulturamoldava.sk\/wp-content\/uploads\/2025\/01\/image00345-768x512.jpeg 768w, https:\/\/kulturamoldava.sk\/wp-content\/uploads\/2025\/01\/image00345-1536x1024.jpeg 1536w, https:\/\/kulturamoldava.sk\/wp-content\/uploads\/2025\/01\/image00345-18x12.jpeg 18w, https:\/\/kulturamoldava.sk\/wp-content\/uploads\/2025\/01\/image00345-580x387.jpeg 580w, https:\/\/kulturamoldava.sk\/wp-content\/uploads\/2025\/01\/image00345-860x573.jpeg 860w, https:\/\/kulturamoldava.sk\/wp-content\/uploads\/2025\/01\/image00345-1160x773.jpeg 1160w, https:\/\/kulturamoldava.sk\/wp-content\/uploads\/2025\/01\/image00345-1320x880.jpeg 1320w, https:\/\/kulturamoldava.sk\/wp-content\/uploads\/2025\/01\/image00345-600x400.jpeg 600w, https:\/\/kulturamoldava.sk\/wp-content\/uploads\/2025\/01\/image00345.jpeg 2048w\" sizes=\"auto, (max-width: 1024px) 100vw, 1024px\" \/><\/a><\/figure>\n\n\n\n<figure class=\"wp-block-image size-large\"><a href=\"https:\/\/kulturamoldava.sk\/wp-content\/uploads\/2025\/01\/image00346.jpeg\"><img loading=\"lazy\" decoding=\"async\" width=\"1024\" height=\"683\" data-id=\"32235\" src=\"https:\/\/kulturamoldava.sk\/wp-content\/uploads\/2025\/01\/image00346-1024x683.jpeg\" alt=\"\" class=\"wp-image-32235\" srcset=\"https:\/\/kulturamoldava.sk\/wp-content\/uploads\/2025\/01\/image00346-1024x683.jpeg 1024w, https:\/\/kulturamoldava.sk\/wp-content\/uploads\/2025\/01\/image00346-300x200.jpeg 300w, https:\/\/kulturamoldava.sk\/wp-content\/uploads\/2025\/01\/image00346-768x512.jpeg 768w, https:\/\/kulturamoldava.sk\/wp-content\/uploads\/2025\/01\/image00346-1536x1024.jpeg 1536w, https:\/\/kulturamoldava.sk\/wp-content\/uploads\/2025\/01\/image00346-18x12.jpeg 18w, https:\/\/kulturamoldava.sk\/wp-content\/uploads\/2025\/01\/image00346-580x387.jpeg 580w, https:\/\/kulturamoldava.sk\/wp-content\/uploads\/2025\/01\/image00346-860x573.jpeg 860w, https:\/\/kulturamoldava.sk\/wp-content\/uploads\/2025\/01\/image00346-1160x773.jpeg 1160w, https:\/\/kulturamoldava.sk\/wp-content\/uploads\/2025\/01\/image00346-1320x880.jpeg 1320w, https:\/\/kulturamoldava.sk\/wp-content\/uploads\/2025\/01\/image00346-600x400.jpeg 600w, https:\/\/kulturamoldava.sk\/wp-content\/uploads\/2025\/01\/image00346.jpeg 2048w\" sizes=\"auto, (max-width: 1024px) 100vw, 1024px\" \/><\/a><\/figure>\n\n\n\n<figure class=\"wp-block-image size-large\"><a href=\"https:\/\/kulturamoldava.sk\/wp-content\/uploads\/2025\/01\/image00347.jpeg\"><img loading=\"lazy\" decoding=\"async\" width=\"1024\" height=\"683\" data-id=\"32224\" src=\"https:\/\/kulturamoldava.sk\/wp-content\/uploads\/2025\/01\/image00347-1024x683.jpeg\" alt=\"\" class=\"wp-image-32224\" srcset=\"https:\/\/kulturamoldava.sk\/wp-content\/uploads\/2025\/01\/image00347-1024x683.jpeg 1024w, https:\/\/kulturamoldava.sk\/wp-content\/uploads\/2025\/01\/image00347-300x200.jpeg 300w, https:\/\/kulturamoldava.sk\/wp-content\/uploads\/2025\/01\/image00347-768x512.jpeg 768w, https:\/\/kulturamoldava.sk\/wp-content\/uploads\/2025\/01\/image00347-1536x1024.jpeg 1536w, https:\/\/kulturamoldava.sk\/wp-content\/uploads\/2025\/01\/image00347-18x12.jpeg 18w, https:\/\/kulturamoldava.sk\/wp-content\/uploads\/2025\/01\/image00347-580x387.jpeg 580w, https:\/\/kulturamoldava.sk\/wp-content\/uploads\/2025\/01\/image00347-860x573.jpeg 860w, https:\/\/kulturamoldava.sk\/wp-content\/uploads\/2025\/01\/image00347-1160x773.jpeg 1160w, https:\/\/kulturamoldava.sk\/wp-content\/uploads\/2025\/01\/image00347-1320x880.jpeg 1320w, https:\/\/kulturamoldava.sk\/wp-content\/uploads\/2025\/01\/image00347-600x400.jpeg 600w, https:\/\/kulturamoldava.sk\/wp-content\/uploads\/2025\/01\/image00347.jpeg 2048w\" sizes=\"auto, (max-width: 1024px) 100vw, 1024px\" \/><\/a><\/figure>\n\n\n\n<figure class=\"wp-block-image size-large\"><a href=\"https:\/\/kulturamoldava.sk\/wp-content\/uploads\/2025\/01\/image00348.jpeg\"><img loading=\"lazy\" decoding=\"async\" width=\"1024\" height=\"683\" data-id=\"32229\" src=\"https:\/\/kulturamoldava.sk\/wp-content\/uploads\/2025\/01\/image00348-1024x683.jpeg\" alt=\"\" class=\"wp-image-32229\" srcset=\"https:\/\/kulturamoldava.sk\/wp-content\/uploads\/2025\/01\/image00348-1024x683.jpeg 1024w, https:\/\/kulturamoldava.sk\/wp-content\/uploads\/2025\/01\/image00348-300x200.jpeg 300w, https:\/\/kulturamoldava.sk\/wp-content\/uploads\/2025\/01\/image00348-768x512.jpeg 768w, https:\/\/kulturamoldava.sk\/wp-content\/uploads\/2025\/01\/image00348-1536x1024.jpeg 1536w, https:\/\/kulturamoldava.sk\/wp-content\/uploads\/2025\/01\/image00348-18x12.jpeg 18w, https:\/\/kulturamoldava.sk\/wp-content\/uploads\/2025\/01\/image00348-580x387.jpeg 580w, https:\/\/kulturamoldava.sk\/wp-content\/uploads\/2025\/01\/image00348-860x573.jpeg 860w, https:\/\/kulturamoldava.sk\/wp-content\/uploads\/2025\/01\/image00348-1160x773.jpeg 1160w, https:\/\/kulturamoldava.sk\/wp-content\/uploads\/2025\/01\/image00348-1320x880.jpeg 1320w, https:\/\/kulturamoldava.sk\/wp-content\/uploads\/2025\/01\/image00348-600x400.jpeg 600w, https:\/\/kulturamoldava.sk\/wp-content\/uploads\/2025\/01\/image00348.jpeg 2048w\" sizes=\"auto, (max-width: 1024px) 100vw, 1024px\" \/><\/a><\/figure>\n\n\n\n<figure class=\"wp-block-image size-large\"><a href=\"https:\/\/kulturamoldava.sk\/wp-content\/uploads\/2025\/01\/image00349.jpeg\"><img loading=\"lazy\" decoding=\"async\" width=\"1024\" height=\"683\" data-id=\"32218\" src=\"https:\/\/kulturamoldava.sk\/wp-content\/uploads\/2025\/01\/image00349-1024x683.jpeg\" alt=\"\" class=\"wp-image-32218\" srcset=\"https:\/\/kulturamoldava.sk\/wp-content\/uploads\/2025\/01\/image00349-1024x683.jpeg 1024w, https:\/\/kulturamoldava.sk\/wp-content\/uploads\/2025\/01\/image00349-300x200.jpeg 300w, https:\/\/kulturamoldava.sk\/wp-content\/uploads\/2025\/01\/image00349-768x512.jpeg 768w, https:\/\/kulturamoldava.sk\/wp-content\/uploads\/2025\/01\/image00349-1536x1024.jpeg 1536w, https:\/\/kulturamoldava.sk\/wp-content\/uploads\/2025\/01\/image00349-18x12.jpeg 18w, https:\/\/kulturamoldava.sk\/wp-content\/uploads\/2025\/01\/image00349-580x387.jpeg 580w, https:\/\/kulturamoldava.sk\/wp-content\/uploads\/2025\/01\/image00349-860x573.jpeg 860w, https:\/\/kulturamoldava.sk\/wp-content\/uploads\/2025\/01\/image00349-1160x773.jpeg 1160w, https:\/\/kulturamoldava.sk\/wp-content\/uploads\/2025\/01\/image00349-1320x880.jpeg 1320w, https:\/\/kulturamoldava.sk\/wp-content\/uploads\/2025\/01\/image00349-600x400.jpeg 600w, https:\/\/kulturamoldava.sk\/wp-content\/uploads\/2025\/01\/image00349.jpeg 2048w\" sizes=\"auto, (max-width: 1024px) 100vw, 1024px\" \/><\/a><\/figure>\n\n\n\n<figure class=\"wp-block-image size-large\"><a href=\"https:\/\/kulturamoldava.sk\/wp-content\/uploads\/2025\/01\/image00352.jpeg\"><img loading=\"lazy\" decoding=\"async\" width=\"1024\" height=\"683\" data-id=\"32236\" src=\"https:\/\/kulturamoldava.sk\/wp-content\/uploads\/2025\/01\/image00352-1024x683.jpeg\" alt=\"\" class=\"wp-image-32236\" srcset=\"https:\/\/kulturamoldava.sk\/wp-content\/uploads\/2025\/01\/image00352-1024x683.jpeg 1024w, https:\/\/kulturamoldava.sk\/wp-content\/uploads\/2025\/01\/image00352-300x200.jpeg 300w, https:\/\/kulturamoldava.sk\/wp-content\/uploads\/2025\/01\/image00352-768x512.jpeg 768w, https:\/\/kulturamoldava.sk\/wp-content\/uploads\/2025\/01\/image00352-1536x1024.jpeg 1536w, https:\/\/kulturamoldava.sk\/wp-content\/uploads\/2025\/01\/image00352-18x12.jpeg 18w, https:\/\/kulturamoldava.sk\/wp-content\/uploads\/2025\/01\/image00352-580x387.jpeg 580w, https:\/\/kulturamoldava.sk\/wp-content\/uploads\/2025\/01\/image00352-860x573.jpeg 860w, https:\/\/kulturamoldava.sk\/wp-content\/uploads\/2025\/01\/image00352-1160x773.jpeg 1160w, https:\/\/kulturamoldava.sk\/wp-content\/uploads\/2025\/01\/image00352-1320x880.jpeg 1320w, https:\/\/kulturamoldava.sk\/wp-content\/uploads\/2025\/01\/image00352-600x400.jpeg 600w, https:\/\/kulturamoldava.sk\/wp-content\/uploads\/2025\/01\/image00352.jpeg 2048w\" sizes=\"auto, (max-width: 1024px) 100vw, 1024px\" \/><\/a><\/figure>\n\n\n\n<figure class=\"wp-block-image size-large\"><a href=\"https:\/\/kulturamoldava.sk\/wp-content\/uploads\/2025\/01\/image00353.jpeg\"><img loading=\"lazy\" decoding=\"async\" width=\"1024\" height=\"683\" data-id=\"32225\" src=\"https:\/\/kulturamoldava.sk\/wp-content\/uploads\/2025\/01\/image00353-1024x683.jpeg\" alt=\"\" class=\"wp-image-32225\" srcset=\"https:\/\/kulturamoldava.sk\/wp-content\/uploads\/2025\/01\/image00353-1024x683.jpeg 1024w, https:\/\/kulturamoldava.sk\/wp-content\/uploads\/2025\/01\/image00353-300x200.jpeg 300w, https:\/\/kulturamoldava.sk\/wp-content\/uploads\/2025\/01\/image00353-768x512.jpeg 768w, https:\/\/kulturamoldava.sk\/wp-content\/uploads\/2025\/01\/image00353-1536x1024.jpeg 1536w, https:\/\/kulturamoldava.sk\/wp-content\/uploads\/2025\/01\/image00353-18x12.jpeg 18w, https:\/\/kulturamoldava.sk\/wp-content\/uploads\/2025\/01\/image00353-580x387.jpeg 580w, https:\/\/kulturamoldava.sk\/wp-content\/uploads\/2025\/01\/image00353-860x573.jpeg 860w, https:\/\/kulturamoldava.sk\/wp-content\/uploads\/2025\/01\/image00353-1160x773.jpeg 1160w, https:\/\/kulturamoldava.sk\/wp-content\/uploads\/2025\/01\/image00353-1320x880.jpeg 1320w, https:\/\/kulturamoldava.sk\/wp-content\/uploads\/2025\/01\/image00353-600x400.jpeg 600w, https:\/\/kulturamoldava.sk\/wp-content\/uploads\/2025\/01\/image00353.jpeg 2048w\" sizes=\"auto, (max-width: 1024px) 100vw, 1024px\" \/><\/a><\/figure>\n\n\n\n<figure class=\"wp-block-image size-large\"><a href=\"https:\/\/kulturamoldava.sk\/wp-content\/uploads\/2025\/01\/image00355.jpeg\"><img loading=\"lazy\" decoding=\"async\" width=\"1024\" height=\"683\" data-id=\"32234\" src=\"https:\/\/kulturamoldava.sk\/wp-content\/uploads\/2025\/01\/image00355-1024x683.jpeg\" alt=\"\" class=\"wp-image-32234\" srcset=\"https:\/\/kulturamoldava.sk\/wp-content\/uploads\/2025\/01\/image00355-1024x683.jpeg 1024w, https:\/\/kulturamoldava.sk\/wp-content\/uploads\/2025\/01\/image00355-300x200.jpeg 300w, https:\/\/kulturamoldava.sk\/wp-content\/uploads\/2025\/01\/image00355-768x512.jpeg 768w, https:\/\/kulturamoldava.sk\/wp-content\/uploads\/2025\/01\/image00355-1536x1024.jpeg 1536w, https:\/\/kulturamoldava.sk\/wp-content\/uploads\/2025\/01\/image00355-18x12.jpeg 18w, https:\/\/kulturamoldava.sk\/wp-content\/uploads\/2025\/01\/image00355-580x387.jpeg 580w, https:\/\/kulturamoldava.sk\/wp-content\/uploads\/2025\/01\/image00355-860x573.jpeg 860w, https:\/\/kulturamoldava.sk\/wp-content\/uploads\/2025\/01\/image00355-1160x773.jpeg 1160w, https:\/\/kulturamoldava.sk\/wp-content\/uploads\/2025\/01\/image00355-1320x880.jpeg 1320w, https:\/\/kulturamoldava.sk\/wp-content\/uploads\/2025\/01\/image00355-600x400.jpeg 600w, https:\/\/kulturamoldava.sk\/wp-content\/uploads\/2025\/01\/image00355.jpeg 2048w\" sizes=\"auto, (max-width: 1024px) 100vw, 1024px\" \/><\/a><\/figure>\n\n\n\n<figure class=\"wp-block-image size-large\"><a href=\"https:\/\/kulturamoldava.sk\/wp-content\/uploads\/2025\/01\/image00356.jpeg\"><img loading=\"lazy\" decoding=\"async\" width=\"1024\" height=\"683\" data-id=\"32219\" src=\"https:\/\/kulturamoldava.sk\/wp-content\/uploads\/2025\/01\/image00356-1024x683.jpeg\" alt=\"\" class=\"wp-image-32219\" srcset=\"https:\/\/kulturamoldava.sk\/wp-content\/uploads\/2025\/01\/image00356-1024x683.jpeg 1024w, https:\/\/kulturamoldava.sk\/wp-content\/uploads\/2025\/01\/image00356-300x200.jpeg 300w, https:\/\/kulturamoldava.sk\/wp-content\/uploads\/2025\/01\/image00356-768x512.jpeg 768w, https:\/\/kulturamoldava.sk\/wp-content\/uploads\/2025\/01\/image00356-1536x1024.jpeg 1536w, https:\/\/kulturamoldava.sk\/wp-content\/uploads\/2025\/01\/image00356-18x12.jpeg 18w, https:\/\/kulturamoldava.sk\/wp-content\/uploads\/2025\/01\/image00356-580x387.jpeg 580w, https:\/\/kulturamoldava.sk\/wp-content\/uploads\/2025\/01\/image00356-860x573.jpeg 860w, https:\/\/kulturamoldava.sk\/wp-content\/uploads\/2025\/01\/image00356-1160x773.jpeg 1160w, https:\/\/kulturamoldava.sk\/wp-content\/uploads\/2025\/01\/image00356-1320x880.jpeg 1320w, https:\/\/kulturamoldava.sk\/wp-content\/uploads\/2025\/01\/image00356-600x400.jpeg 600w, https:\/\/kulturamoldava.sk\/wp-content\/uploads\/2025\/01\/image00356.jpeg 2048w\" sizes=\"auto, (max-width: 1024px) 100vw, 1024px\" \/><\/a><\/figure>\n\n\n\n<figure class=\"wp-block-image size-large\"><a href=\"https:\/\/kulturamoldava.sk\/wp-content\/uploads\/2025\/01\/image00357.jpeg\"><img loading=\"lazy\" decoding=\"async\" width=\"1024\" height=\"683\" data-id=\"32220\" src=\"https:\/\/kulturamoldava.sk\/wp-content\/uploads\/2025\/01\/image00357-1024x683.jpeg\" alt=\"\" class=\"wp-image-32220\" srcset=\"https:\/\/kulturamoldava.sk\/wp-content\/uploads\/2025\/01\/image00357-1024x683.jpeg 1024w, https:\/\/kulturamoldava.sk\/wp-content\/uploads\/2025\/01\/image00357-300x200.jpeg 300w, https:\/\/kulturamoldava.sk\/wp-content\/uploads\/2025\/01\/image00357-768x512.jpeg 768w, https:\/\/kulturamoldava.sk\/wp-content\/uploads\/2025\/01\/image00357-1536x1024.jpeg 1536w, https:\/\/kulturamoldava.sk\/wp-content\/uploads\/2025\/01\/image00357-18x12.jpeg 18w, https:\/\/kulturamoldava.sk\/wp-content\/uploads\/2025\/01\/image00357-580x387.jpeg 580w, https:\/\/kulturamoldava.sk\/wp-content\/uploads\/2025\/01\/image00357-860x573.jpeg 860w, https:\/\/kulturamoldava.sk\/wp-content\/uploads\/2025\/01\/image00357-1160x773.jpeg 1160w, https:\/\/kulturamoldava.sk\/wp-content\/uploads\/2025\/01\/image00357-1320x880.jpeg 1320w, https:\/\/kulturamoldava.sk\/wp-content\/uploads\/2025\/01\/image00357-600x400.jpeg 600w, https:\/\/kulturamoldava.sk\/wp-content\/uploads\/2025\/01\/image00357.jpeg 2048w\" sizes=\"auto, (max-width: 1024px) 100vw, 1024px\" \/><\/a><\/figure>\n\n\n\n<figure class=\"wp-block-image size-large\"><a href=\"https:\/\/kulturamoldava.sk\/wp-content\/uploads\/2025\/01\/image00358.jpeg\"><img loading=\"lazy\" decoding=\"async\" width=\"1024\" height=\"683\" data-id=\"32228\" src=\"https:\/\/kulturamoldava.sk\/wp-content\/uploads\/2025\/01\/image00358-1024x683.jpeg\" alt=\"\" class=\"wp-image-32228\" srcset=\"https:\/\/kulturamoldava.sk\/wp-content\/uploads\/2025\/01\/image00358-1024x683.jpeg 1024w, https:\/\/kulturamoldava.sk\/wp-content\/uploads\/2025\/01\/image00358-300x200.jpeg 300w, https:\/\/kulturamoldava.sk\/wp-content\/uploads\/2025\/01\/image00358-768x512.jpeg 768w, https:\/\/kulturamoldava.sk\/wp-content\/uploads\/2025\/01\/image00358-1536x1024.jpeg 1536w, https:\/\/kulturamoldava.sk\/wp-content\/uploads\/2025\/01\/image00358-18x12.jpeg 18w, https:\/\/kulturamoldava.sk\/wp-content\/uploads\/2025\/01\/image00358-580x387.jpeg 580w, https:\/\/kulturamoldava.sk\/wp-content\/uploads\/2025\/01\/image00358-860x573.jpeg 860w, https:\/\/kulturamoldava.sk\/wp-content\/uploads\/2025\/01\/image00358-1160x773.jpeg 1160w, https:\/\/kulturamoldava.sk\/wp-content\/uploads\/2025\/01\/image00358-1320x880.jpeg 1320w, https:\/\/kulturamoldava.sk\/wp-content\/uploads\/2025\/01\/image00358-600x400.jpeg 600w, https:\/\/kulturamoldava.sk\/wp-content\/uploads\/2025\/01\/image00358.jpeg 2048w\" sizes=\"auto, (max-width: 1024px) 100vw, 1024px\" \/><\/a><\/figure>\n\n\n\n<figure class=\"wp-block-image size-large\"><a href=\"https:\/\/kulturamoldava.sk\/wp-content\/uploads\/2025\/01\/image00359.jpeg\"><img loading=\"lazy\" decoding=\"async\" width=\"1024\" height=\"683\" data-id=\"32227\" src=\"https:\/\/kulturamoldava.sk\/wp-content\/uploads\/2025\/01\/image00359-1024x683.jpeg\" alt=\"\" class=\"wp-image-32227\" srcset=\"https:\/\/kulturamoldava.sk\/wp-content\/uploads\/2025\/01\/image00359-1024x683.jpeg 1024w, https:\/\/kulturamoldava.sk\/wp-content\/uploads\/2025\/01\/image00359-300x200.jpeg 300w, https:\/\/kulturamoldava.sk\/wp-content\/uploads\/2025\/01\/image00359-768x512.jpeg 768w, https:\/\/kulturamoldava.sk\/wp-content\/uploads\/2025\/01\/image00359-1536x1024.jpeg 1536w, https:\/\/kulturamoldava.sk\/wp-content\/uploads\/2025\/01\/image00359-18x12.jpeg 18w, https:\/\/kulturamoldava.sk\/wp-content\/uploads\/2025\/01\/image00359-580x387.jpeg 580w, https:\/\/kulturamoldava.sk\/wp-content\/uploads\/2025\/01\/image00359-860x573.jpeg 860w, https:\/\/kulturamoldava.sk\/wp-content\/uploads\/2025\/01\/image00359-1160x773.jpeg 1160w, https:\/\/kulturamoldava.sk\/wp-content\/uploads\/2025\/01\/image00359-1320x880.jpeg 1320w, https:\/\/kulturamoldava.sk\/wp-content\/uploads\/2025\/01\/image00359-600x400.jpeg 600w, https:\/\/kulturamoldava.sk\/wp-content\/uploads\/2025\/01\/image00359.jpeg 2048w\" sizes=\"auto, (max-width: 1024px) 100vw, 1024px\" \/><\/a><\/figure>\n\n\n\n<figure class=\"wp-block-image size-large\"><a href=\"https:\/\/kulturamoldava.sk\/wp-content\/uploads\/2025\/01\/image00360.jpeg\"><img loading=\"lazy\" decoding=\"async\" width=\"1024\" height=\"683\" data-id=\"32230\" src=\"https:\/\/kulturamoldava.sk\/wp-content\/uploads\/2025\/01\/image00360-1024x683.jpeg\" alt=\"\" class=\"wp-image-32230\" srcset=\"https:\/\/kulturamoldava.sk\/wp-content\/uploads\/2025\/01\/image00360-1024x683.jpeg 1024w, https:\/\/kulturamoldava.sk\/wp-content\/uploads\/2025\/01\/image00360-300x200.jpeg 300w, https:\/\/kulturamoldava.sk\/wp-content\/uploads\/2025\/01\/image00360-768x512.jpeg 768w, https:\/\/kulturamoldava.sk\/wp-content\/uploads\/2025\/01\/image00360-1536x1024.jpeg 1536w, https:\/\/kulturamoldava.sk\/wp-content\/uploads\/2025\/01\/image00360-18x12.jpeg 18w, https:\/\/kulturamoldava.sk\/wp-content\/uploads\/2025\/01\/image00360-580x387.jpeg 580w, https:\/\/kulturamoldava.sk\/wp-content\/uploads\/2025\/01\/image00360-860x573.jpeg 860w, https:\/\/kulturamoldava.sk\/wp-content\/uploads\/2025\/01\/image00360-1160x773.jpeg 1160w, https:\/\/kulturamoldava.sk\/wp-content\/uploads\/2025\/01\/image00360-1320x880.jpeg 1320w, https:\/\/kulturamoldava.sk\/wp-content\/uploads\/2025\/01\/image00360-600x400.jpeg 600w, https:\/\/kulturamoldava.sk\/wp-content\/uploads\/2025\/01\/image00360.jpeg 2048w\" sizes=\"auto, (max-width: 1024px) 100vw, 1024px\" \/><\/a><\/figure>\n\n\n\n<figure class=\"wp-block-image size-large\"><a href=\"https:\/\/kulturamoldava.sk\/wp-content\/uploads\/2025\/01\/image00361.jpeg\"><img loading=\"lazy\" decoding=\"async\" width=\"1024\" height=\"683\" data-id=\"32232\" src=\"https:\/\/kulturamoldava.sk\/wp-content\/uploads\/2025\/01\/image00361-1024x683.jpeg\" alt=\"\" class=\"wp-image-32232\" srcset=\"https:\/\/kulturamoldava.sk\/wp-content\/uploads\/2025\/01\/image00361-1024x683.jpeg 1024w, https:\/\/kulturamoldava.sk\/wp-content\/uploads\/2025\/01\/image00361-300x200.jpeg 300w, https:\/\/kulturamoldava.sk\/wp-content\/uploads\/2025\/01\/image00361-768x512.jpeg 768w, https:\/\/kulturamoldava.sk\/wp-content\/uploads\/2025\/01\/image00361-1536x1024.jpeg 1536w, https:\/\/kulturamoldava.sk\/wp-content\/uploads\/2025\/01\/image00361-18x12.jpeg 18w, https:\/\/kulturamoldava.sk\/wp-content\/uploads\/2025\/01\/image00361-580x387.jpeg 580w, https:\/\/kulturamoldava.sk\/wp-content\/uploads\/2025\/01\/image00361-860x573.jpeg 860w, https:\/\/kulturamoldava.sk\/wp-content\/uploads\/2025\/01\/image00361-1160x773.jpeg 1160w, https:\/\/kulturamoldava.sk\/wp-content\/uploads\/2025\/01\/image00361-1320x880.jpeg 1320w, https:\/\/kulturamoldava.sk\/wp-content\/uploads\/2025\/01\/image00361-600x400.jpeg 600w, https:\/\/kulturamoldava.sk\/wp-content\/uploads\/2025\/01\/image00361.jpeg 2048w\" sizes=\"auto, (max-width: 1024px) 100vw, 1024px\" \/><\/a><\/figure>\n\n\n\n<figure class=\"wp-block-image size-large\"><a href=\"https:\/\/kulturamoldava.sk\/wp-content\/uploads\/2025\/01\/IMG_0337-scaled.jpeg\"><img loading=\"lazy\" decoding=\"async\" width=\"768\" height=\"1024\" data-id=\"32240\" src=\"https:\/\/kulturamoldava.sk\/wp-content\/uploads\/2025\/01\/IMG_0337-768x1024.jpeg\" alt=\"\" class=\"wp-image-32240\" srcset=\"https:\/\/kulturamoldava.sk\/wp-content\/uploads\/2025\/01\/IMG_0337-768x1024.jpeg 768w, https:\/\/kulturamoldava.sk\/wp-content\/uploads\/2025\/01\/IMG_0337-225x300.jpeg 225w, https:\/\/kulturamoldava.sk\/wp-content\/uploads\/2025\/01\/IMG_0337-1152x1536.jpeg 1152w, https:\/\/kulturamoldava.sk\/wp-content\/uploads\/2025\/01\/IMG_0337-1536x2048.jpeg 1536w, https:\/\/kulturamoldava.sk\/wp-content\/uploads\/2025\/01\/IMG_0337-9x12.jpeg 9w, https:\/\/kulturamoldava.sk\/wp-content\/uploads\/2025\/01\/IMG_0337-580x773.jpeg 580w, https:\/\/kulturamoldava.sk\/wp-content\/uploads\/2025\/01\/IMG_0337-860x1147.jpeg 860w, https:\/\/kulturamoldava.sk\/wp-content\/uploads\/2025\/01\/IMG_0337-1160x1547.jpeg 1160w, https:\/\/kulturamoldava.sk\/wp-content\/uploads\/2025\/01\/IMG_0337-1320x1760.jpeg 1320w, https:\/\/kulturamoldava.sk\/wp-content\/uploads\/2025\/01\/IMG_0337-600x800.jpeg 600w, https:\/\/kulturamoldava.sk\/wp-content\/uploads\/2025\/01\/IMG_0337-scaled.jpeg 1920w\" sizes=\"auto, (max-width: 768px) 100vw, 768px\" \/><\/a><\/figure>\n\n\n\n<figure class=\"wp-block-image size-large\"><a href=\"https:\/\/kulturamoldava.sk\/wp-content\/uploads\/2025\/01\/IMG_0340-scaled.jpeg\"><img loading=\"lazy\" decoding=\"async\" width=\"1024\" height=\"768\" data-id=\"32239\" src=\"https:\/\/kulturamoldava.sk\/wp-content\/uploads\/2025\/01\/IMG_0340-1024x768.jpeg\" alt=\"\" class=\"wp-image-32239\" srcset=\"https:\/\/kulturamoldava.sk\/wp-content\/uploads\/2025\/01\/IMG_0340-1024x768.jpeg 1024w, https:\/\/kulturamoldava.sk\/wp-content\/uploads\/2025\/01\/IMG_0340-300x225.jpeg 300w, https:\/\/kulturamoldava.sk\/wp-content\/uploads\/2025\/01\/IMG_0340-768x576.jpeg 768w, https:\/\/kulturamoldava.sk\/wp-content\/uploads\/2025\/01\/IMG_0340-1536x1152.jpeg 1536w, https:\/\/kulturamoldava.sk\/wp-content\/uploads\/2025\/01\/IMG_0340-2048x1536.jpeg 2048w, https:\/\/kulturamoldava.sk\/wp-content\/uploads\/2025\/01\/IMG_0340-16x12.jpeg 16w, https:\/\/kulturamoldava.sk\/wp-content\/uploads\/2025\/01\/IMG_0340-580x435.jpeg 580w, https:\/\/kulturamoldava.sk\/wp-content\/uploads\/2025\/01\/IMG_0340-860x645.jpeg 860w, https:\/\/kulturamoldava.sk\/wp-content\/uploads\/2025\/01\/IMG_0340-1160x870.jpeg 1160w, https:\/\/kulturamoldava.sk\/wp-content\/uploads\/2025\/01\/IMG_0340-1320x990.jpeg 1320w, https:\/\/kulturamoldava.sk\/wp-content\/uploads\/2025\/01\/IMG_0340-600x450.jpeg 600w\" sizes=\"auto, (max-width: 1024px) 100vw, 1024px\" \/><\/a><\/figure>\n\n\n\n<figure class=\"wp-block-image size-large\"><a href=\"https:\/\/kulturamoldava.sk\/wp-content\/uploads\/2025\/01\/IMG_0347-scaled.jpeg\"><img loading=\"lazy\" decoding=\"async\" width=\"768\" height=\"1024\" data-id=\"32238\" src=\"https:\/\/kulturamoldava.sk\/wp-content\/uploads\/2025\/01\/IMG_0347-768x1024.jpeg\" alt=\"\" class=\"wp-image-32238\" srcset=\"https:\/\/kulturamoldava.sk\/wp-content\/uploads\/2025\/01\/IMG_0347-768x1024.jpeg 768w, https:\/\/kulturamoldava.sk\/wp-content\/uploads\/2025\/01\/IMG_0347-225x300.jpeg 225w, https:\/\/kulturamoldava.sk\/wp-content\/uploads\/2025\/01\/IMG_0347-1152x1536.jpeg 1152w, https:\/\/kulturamoldava.sk\/wp-content\/uploads\/2025\/01\/IMG_0347-1536x2048.jpeg 1536w, https:\/\/kulturamoldava.sk\/wp-content\/uploads\/2025\/01\/IMG_0347-9x12.jpeg 9w, https:\/\/kulturamoldava.sk\/wp-content\/uploads\/2025\/01\/IMG_0347-580x773.jpeg 580w, https:\/\/kulturamoldava.sk\/wp-content\/uploads\/2025\/01\/IMG_0347-860x1147.jpeg 860w, https:\/\/kulturamoldava.sk\/wp-content\/uploads\/2025\/01\/IMG_0347-1160x1547.jpeg 1160w, https:\/\/kulturamoldava.sk\/wp-content\/uploads\/2025\/01\/IMG_0347-1320x1760.jpeg 1320w, https:\/\/kulturamoldava.sk\/wp-content\/uploads\/2025\/01\/IMG_0347-600x800.jpeg 600w, https:\/\/kulturamoldava.sk\/wp-content\/uploads\/2025\/01\/IMG_0347-scaled.jpeg 1920w\" sizes=\"auto, (max-width: 768px) 100vw, 768px\" \/><\/a><\/figure>\n\n\n\n<figure class=\"wp-block-image size-large\"><a href=\"https:\/\/kulturamoldava.sk\/wp-content\/uploads\/2025\/01\/IMG_0353-scaled.jpeg\"><img loading=\"lazy\" decoding=\"async\" width=\"768\" height=\"1024\" data-id=\"32243\" src=\"https:\/\/kulturamoldava.sk\/wp-content\/uploads\/2025\/01\/IMG_0353-768x1024.jpeg\" alt=\"\" class=\"wp-image-32243\" srcset=\"https:\/\/kulturamoldava.sk\/wp-content\/uploads\/2025\/01\/IMG_0353-768x1024.jpeg 768w, https:\/\/kulturamoldava.sk\/wp-content\/uploads\/2025\/01\/IMG_0353-225x300.jpeg 225w, https:\/\/kulturamoldava.sk\/wp-content\/uploads\/2025\/01\/IMG_0353-1152x1536.jpeg 1152w, https:\/\/kulturamoldava.sk\/wp-content\/uploads\/2025\/01\/IMG_0353-1536x2048.jpeg 1536w, https:\/\/kulturamoldava.sk\/wp-content\/uploads\/2025\/01\/IMG_0353-9x12.jpeg 9w, https:\/\/kulturamoldava.sk\/wp-content\/uploads\/2025\/01\/IMG_0353-580x773.jpeg 580w, https:\/\/kulturamoldava.sk\/wp-content\/uploads\/2025\/01\/IMG_0353-860x1147.jpeg 860w, https:\/\/kulturamoldava.sk\/wp-content\/uploads\/2025\/01\/IMG_0353-1160x1547.jpeg 1160w, https:\/\/kulturamoldava.sk\/wp-content\/uploads\/2025\/01\/IMG_0353-1320x1760.jpeg 1320w, https:\/\/kulturamoldava.sk\/wp-content\/uploads\/2025\/01\/IMG_0353-600x800.jpeg 600w, https:\/\/kulturamoldava.sk\/wp-content\/uploads\/2025\/01\/IMG_0353-scaled.jpeg 1920w\" sizes=\"auto, (max-width: 768px) 100vw, 768px\" \/><\/a><\/figure>\n\n\n\n<figure class=\"wp-block-image size-large\"><a href=\"https:\/\/kulturamoldava.sk\/wp-content\/uploads\/2025\/01\/IMG_03551-scaled.jpeg\"><img loading=\"lazy\" decoding=\"async\" width=\"1024\" height=\"768\" data-id=\"32241\" src=\"https:\/\/kulturamoldava.sk\/wp-content\/uploads\/2025\/01\/IMG_03551-1024x768.jpeg\" alt=\"\" class=\"wp-image-32241\" srcset=\"https:\/\/kulturamoldava.sk\/wp-content\/uploads\/2025\/01\/IMG_03551-1024x768.jpeg 1024w, https:\/\/kulturamoldava.sk\/wp-content\/uploads\/2025\/01\/IMG_03551-300x225.jpeg 300w, https:\/\/kulturamoldava.sk\/wp-content\/uploads\/2025\/01\/IMG_03551-768x576.jpeg 768w, https:\/\/kulturamoldava.sk\/wp-content\/uploads\/2025\/01\/IMG_03551-1536x1152.jpeg 1536w, https:\/\/kulturamoldava.sk\/wp-content\/uploads\/2025\/01\/IMG_03551-2048x1536.jpeg 2048w, https:\/\/kulturamoldava.sk\/wp-content\/uploads\/2025\/01\/IMG_03551-16x12.jpeg 16w, https:\/\/kulturamoldava.sk\/wp-content\/uploads\/2025\/01\/IMG_03551-580x435.jpeg 580w, https:\/\/kulturamoldava.sk\/wp-content\/uploads\/2025\/01\/IMG_03551-860x645.jpeg 860w, https:\/\/kulturamoldava.sk\/wp-content\/uploads\/2025\/01\/IMG_03551-1160x870.jpeg 1160w, https:\/\/kulturamoldava.sk\/wp-content\/uploads\/2025\/01\/IMG_03551-1320x990.jpeg 1320w, https:\/\/kulturamoldava.sk\/wp-content\/uploads\/2025\/01\/IMG_03551-600x450.jpeg 600w\" sizes=\"auto, (max-width: 1024px) 100vw, 1024px\" \/><\/a><\/figure>\n<\/figure>","protected":false},"excerpt":{"rendered":"<p>Vo ve\u013ekej s\u00e1le Mestsk\u00e9ho kult\u00farneho strediska v Moldave nad Bodvou sa 26. septembra 2024 uskuto\u010dnilo jedine\u010dn\u00e9 kult\u00farne podujatie, ktor\u00e9 pril\u00e1kalo mno\u017estvo milovn\u00edkov umenia a folkl\u00f3ru. Ve\u010der bol pln\u00fd nezabudnute\u013en\u00fdch momentov, ktor\u00e9 priniesli energiu, eleganciu a autentickos\u0165 tradi\u010dn\u00e9ho ma\u010farsk\u00e9ho tanca. Hlavnou hviezdou tohto podujatia bolo Tane\u010dn\u00e9 divadlo IFJ\u00da SZIVEK, ktor\u00e9 je pova\u017eovan\u00e9 za jednu z najv\u00fdznamnej\u0161\u00edch&#8230;<\/p>","protected":false},"author":1,"featured_media":32232,"comment_status":"closed","ping_status":"closed","sticky":false,"template":"","format":"standard","meta":{"ngg_post_thumbnail":0,"footnotes":""},"categories":[1],"tags":[],"class_list":["post-32217","post","type-post","status-publish","format-standard","has-post-thumbnail","hentry","category-nezaradene"],"yoast_head":"<!-- This site is optimized with the Yoast SEO plugin v27.4 - https:\/\/yoast.com\/product\/yoast-seo-wordpress\/ -->\n<title>IFJ\u00da SZIVEK- ,,SZABAD,, - Mestsk\u00e9 kult\u00farne stredisko Moldava nad Bodvou<\/title>\n<meta name=\"robots\" content=\"index, follow, max-snippet:-1, max-image-preview:large, max-video-preview:-1\" \/>\n<link rel=\"canonical\" href=\"https:\/\/kulturamoldava.sk\/hu\/ifju-szivek-szabad\/\" \/>\n<meta property=\"og:locale\" content=\"hu_HU\" \/>\n<meta property=\"og:type\" content=\"article\" \/>\n<meta property=\"og:title\" content=\"IFJ\u00da SZIVEK- ,,SZABAD,, - Mestsk\u00e9 kult\u00farne stredisko Moldava nad Bodvou\" \/>\n<meta property=\"og:description\" content=\"Vo ve\u013ekej s\u00e1le Mestsk\u00e9ho kult\u00farneho strediska v Moldave nad Bodvou sa 26. septembra 2024 uskuto\u010dnilo jedine\u010dn\u00e9 kult\u00farne podujatie, ktor\u00e9 pril\u00e1kalo mno\u017estvo milovn\u00edkov umenia a folkl\u00f3ru. Ve\u010der bol pln\u00fd nezabudnute\u013en\u00fdch momentov, ktor\u00e9 priniesli energiu, eleganciu a autentickos\u0165 tradi\u010dn\u00e9ho ma\u010farsk\u00e9ho tanca. Hlavnou hviezdou tohto podujatia bolo Tane\u010dn\u00e9 divadlo IFJ\u00da SZIVEK, ktor\u00e9 je pova\u017eovan\u00e9 za jednu z najv\u00fdznamnej\u0161\u00edch...\" \/>\n<meta property=\"og:url\" content=\"https:\/\/kulturamoldava.sk\/hu\/ifju-szivek-szabad\/\" \/>\n<meta property=\"og:site_name\" content=\"Mestsk\u00e9 kult\u00farne stredisko Moldava nad Bodvou\" \/>\n<meta property=\"article:published_time\" content=\"2024-09-27T08:33:00+00:00\" \/>\n<meta property=\"article:modified_time\" content=\"2025-01-08T10:25:31+00:00\" \/>\n<meta property=\"og:image\" content=\"https:\/\/kulturamoldava.sk\/wp-content\/uploads\/2025\/01\/image00361.jpeg\" \/>\n\t<meta property=\"og:image:width\" content=\"2048\" \/>\n\t<meta property=\"og:image:height\" content=\"1365\" \/>\n\t<meta property=\"og:image:type\" content=\"image\/jpeg\" \/>\n<meta name=\"author\" content=\"kulturamoldava\" \/>\n<meta name=\"twitter:card\" content=\"summary_large_image\" \/>\n<meta name=\"twitter:label1\" content=\"Szerz\u0151:\" \/>\n\t<meta name=\"twitter:data1\" content=\"kulturamoldava\" \/>\n\t<meta name=\"twitter:label2\" content=\"Becs\u00fclt olvas\u00e1si id\u0151\" \/>\n\t<meta name=\"twitter:data2\" content=\"8 perc\" \/>\n<script type=\"application\/ld+json\" class=\"yoast-schema-graph\">{\"@context\":\"https:\\\/\\\/schema.org\",\"@graph\":[{\"@type\":\"Article\",\"@id\":\"https:\\\/\\\/kulturamoldava.sk\\\/ifju-szivek-szabad\\\/#article\",\"isPartOf\":{\"@id\":\"https:\\\/\\\/kulturamoldava.sk\\\/ifju-szivek-szabad\\\/\"},\"author\":{\"name\":\"kulturamoldava\",\"@id\":\"https:\\\/\\\/kulturamoldava.sk\\\/#\\\/schema\\\/person\\\/8eef072de6f42a5fd024b6987a0745d6\"},\"headline\":\"IFJ\u00da SZIVEK- ,,SZABAD,,\",\"datePublished\":\"2024-09-27T08:33:00+00:00\",\"dateModified\":\"2025-01-08T10:25:31+00:00\",\"mainEntityOfPage\":{\"@id\":\"https:\\\/\\\/kulturamoldava.sk\\\/ifju-szivek-szabad\\\/\"},\"wordCount\":727,\"image\":{\"@id\":\"https:\\\/\\\/kulturamoldava.sk\\\/ifju-szivek-szabad\\\/#primaryimage\"},\"thumbnailUrl\":\"https:\\\/\\\/kulturamoldava.sk\\\/wp-content\\\/uploads\\\/2025\\\/01\\\/image00361.jpeg\",\"articleSection\":[\"Nezaraden\u00e9\"],\"inLanguage\":\"hu\"},{\"@type\":\"WebPage\",\"@id\":\"https:\\\/\\\/kulturamoldava.sk\\\/ifju-szivek-szabad\\\/\",\"url\":\"https:\\\/\\\/kulturamoldava.sk\\\/ifju-szivek-szabad\\\/\",\"name\":\"IFJ\u00da SZIVEK- ,,SZABAD,, - Mestsk\u00e9 kult\u00farne stredisko Moldava nad Bodvou\",\"isPartOf\":{\"@id\":\"https:\\\/\\\/kulturamoldava.sk\\\/#website\"},\"primaryImageOfPage\":{\"@id\":\"https:\\\/\\\/kulturamoldava.sk\\\/ifju-szivek-szabad\\\/#primaryimage\"},\"image\":{\"@id\":\"https:\\\/\\\/kulturamoldava.sk\\\/ifju-szivek-szabad\\\/#primaryimage\"},\"thumbnailUrl\":\"https:\\\/\\\/kulturamoldava.sk\\\/wp-content\\\/uploads\\\/2025\\\/01\\\/image00361.jpeg\",\"datePublished\":\"2024-09-27T08:33:00+00:00\",\"dateModified\":\"2025-01-08T10:25:31+00:00\",\"author\":{\"@id\":\"https:\\\/\\\/kulturamoldava.sk\\\/#\\\/schema\\\/person\\\/8eef072de6f42a5fd024b6987a0745d6\"},\"breadcrumb\":{\"@id\":\"https:\\\/\\\/kulturamoldava.sk\\\/ifju-szivek-szabad\\\/#breadcrumb\"},\"inLanguage\":\"hu\",\"potentialAction\":[{\"@type\":\"ReadAction\",\"target\":[\"https:\\\/\\\/kulturamoldava.sk\\\/ifju-szivek-szabad\\\/\"]}]},{\"@type\":\"ImageObject\",\"inLanguage\":\"hu\",\"@id\":\"https:\\\/\\\/kulturamoldava.sk\\\/ifju-szivek-szabad\\\/#primaryimage\",\"url\":\"https:\\\/\\\/kulturamoldava.sk\\\/wp-content\\\/uploads\\\/2025\\\/01\\\/image00361.jpeg\",\"contentUrl\":\"https:\\\/\\\/kulturamoldava.sk\\\/wp-content\\\/uploads\\\/2025\\\/01\\\/image00361.jpeg\",\"width\":2048,\"height\":1365},{\"@type\":\"BreadcrumbList\",\"@id\":\"https:\\\/\\\/kulturamoldava.sk\\\/ifju-szivek-szabad\\\/#breadcrumb\",\"itemListElement\":[{\"@type\":\"ListItem\",\"position\":1,\"name\":\"Home\",\"item\":\"https:\\\/\\\/kulturamoldava.sk\\\/\"},{\"@type\":\"ListItem\",\"position\":2,\"name\":\"IFJ\u00da SZIVEK- ,,SZABAD,,\"}]},{\"@type\":\"WebSite\",\"@id\":\"https:\\\/\\\/kulturamoldava.sk\\\/#website\",\"url\":\"https:\\\/\\\/kulturamoldava.sk\\\/\",\"name\":\"Mestsk\u00e9 kult\u00farne stredisko Moldava nad Bodvou\",\"description\":\"\",\"potentialAction\":[{\"@type\":\"SearchAction\",\"target\":{\"@type\":\"EntryPoint\",\"urlTemplate\":\"https:\\\/\\\/kulturamoldava.sk\\\/?s={search_term_string}\"},\"query-input\":{\"@type\":\"PropertyValueSpecification\",\"valueRequired\":true,\"valueName\":\"search_term_string\"}}],\"inLanguage\":\"hu\"},{\"@type\":\"Person\",\"@id\":\"https:\\\/\\\/kulturamoldava.sk\\\/#\\\/schema\\\/person\\\/8eef072de6f42a5fd024b6987a0745d6\",\"name\":\"kulturamoldava\",\"image\":{\"@type\":\"ImageObject\",\"inLanguage\":\"hu\",\"@id\":\"https:\\\/\\\/secure.gravatar.com\\\/avatar\\\/d6f6bf4cc0de0867347e805c1ac591b2391954abfd993ed9c457f5564a7576ca?s=96&d=mm&r=g\",\"url\":\"https:\\\/\\\/secure.gravatar.com\\\/avatar\\\/d6f6bf4cc0de0867347e805c1ac591b2391954abfd993ed9c457f5564a7576ca?s=96&d=mm&r=g\",\"contentUrl\":\"https:\\\/\\\/secure.gravatar.com\\\/avatar\\\/d6f6bf4cc0de0867347e805c1ac591b2391954abfd993ed9c457f5564a7576ca?s=96&d=mm&r=g\",\"caption\":\"kulturamoldava\"},\"url\":\"https:\\\/\\\/kulturamoldava.sk\\\/hu\\\/author\\\/kulturamoldava\\\/\"}]}<\/script>\n<!-- \/ Yoast SEO plugin. -->","yoast_head_json":{"title":"IFJ\u00da SZIVEK- ,,SZABAD,, - Mestsk\u00e9 kult\u00farne stredisko Moldava nad Bodvou","robots":{"index":"index","follow":"follow","max-snippet":"max-snippet:-1","max-image-preview":"max-image-preview:large","max-video-preview":"max-video-preview:-1"},"canonical":"https:\/\/kulturamoldava.sk\/hu\/ifju-szivek-szabad\/","og_locale":"hu_HU","og_type":"article","og_title":"IFJ\u00da SZIVEK- ,,SZABAD,, - Mestsk\u00e9 kult\u00farne stredisko Moldava nad Bodvou","og_description":"Vo ve\u013ekej s\u00e1le Mestsk\u00e9ho kult\u00farneho strediska v Moldave nad Bodvou sa 26. septembra 2024 uskuto\u010dnilo jedine\u010dn\u00e9 kult\u00farne podujatie, ktor\u00e9 pril\u00e1kalo mno\u017estvo milovn\u00edkov umenia a folkl\u00f3ru. Ve\u010der bol pln\u00fd nezabudnute\u013en\u00fdch momentov, ktor\u00e9 priniesli energiu, eleganciu a autentickos\u0165 tradi\u010dn\u00e9ho ma\u010farsk\u00e9ho tanca. Hlavnou hviezdou tohto podujatia bolo Tane\u010dn\u00e9 divadlo IFJ\u00da SZIVEK, ktor\u00e9 je pova\u017eovan\u00e9 za jednu z najv\u00fdznamnej\u0161\u00edch...","og_url":"https:\/\/kulturamoldava.sk\/hu\/ifju-szivek-szabad\/","og_site_name":"Mestsk\u00e9 kult\u00farne stredisko Moldava nad Bodvou","article_published_time":"2024-09-27T08:33:00+00:00","article_modified_time":"2025-01-08T10:25:31+00:00","og_image":[{"width":2048,"height":1365,"url":"https:\/\/kulturamoldava.sk\/wp-content\/uploads\/2025\/01\/image00361.jpeg","type":"image\/jpeg"}],"author":"kulturamoldava","twitter_card":"summary_large_image","twitter_misc":{"Szerz\u0151:":"kulturamoldava","Becs\u00fclt olvas\u00e1si id\u0151":"8 perc"},"schema":{"@context":"https:\/\/schema.org","@graph":[{"@type":"Article","@id":"https:\/\/kulturamoldava.sk\/ifju-szivek-szabad\/#article","isPartOf":{"@id":"https:\/\/kulturamoldava.sk\/ifju-szivek-szabad\/"},"author":{"name":"kulturamoldava","@id":"https:\/\/kulturamoldava.sk\/#\/schema\/person\/8eef072de6f42a5fd024b6987a0745d6"},"headline":"IFJ\u00da SZIVEK- ,,SZABAD,,","datePublished":"2024-09-27T08:33:00+00:00","dateModified":"2025-01-08T10:25:31+00:00","mainEntityOfPage":{"@id":"https:\/\/kulturamoldava.sk\/ifju-szivek-szabad\/"},"wordCount":727,"image":{"@id":"https:\/\/kulturamoldava.sk\/ifju-szivek-szabad\/#primaryimage"},"thumbnailUrl":"https:\/\/kulturamoldava.sk\/wp-content\/uploads\/2025\/01\/image00361.jpeg","articleSection":["Nezaraden\u00e9"],"inLanguage":"hu"},{"@type":"WebPage","@id":"https:\/\/kulturamoldava.sk\/ifju-szivek-szabad\/","url":"https:\/\/kulturamoldava.sk\/ifju-szivek-szabad\/","name":"IFJ\u00da SZIVEK- ,,SZABAD,, - Mestsk\u00e9 kult\u00farne stredisko Moldava nad Bodvou","isPartOf":{"@id":"https:\/\/kulturamoldava.sk\/#website"},"primaryImageOfPage":{"@id":"https:\/\/kulturamoldava.sk\/ifju-szivek-szabad\/#primaryimage"},"image":{"@id":"https:\/\/kulturamoldava.sk\/ifju-szivek-szabad\/#primaryimage"},"thumbnailUrl":"https:\/\/kulturamoldava.sk\/wp-content\/uploads\/2025\/01\/image00361.jpeg","datePublished":"2024-09-27T08:33:00+00:00","dateModified":"2025-01-08T10:25:31+00:00","author":{"@id":"https:\/\/kulturamoldava.sk\/#\/schema\/person\/8eef072de6f42a5fd024b6987a0745d6"},"breadcrumb":{"@id":"https:\/\/kulturamoldava.sk\/ifju-szivek-szabad\/#breadcrumb"},"inLanguage":"hu","potentialAction":[{"@type":"ReadAction","target":["https:\/\/kulturamoldava.sk\/ifju-szivek-szabad\/"]}]},{"@type":"ImageObject","inLanguage":"hu","@id":"https:\/\/kulturamoldava.sk\/ifju-szivek-szabad\/#primaryimage","url":"https:\/\/kulturamoldava.sk\/wp-content\/uploads\/2025\/01\/image00361.jpeg","contentUrl":"https:\/\/kulturamoldava.sk\/wp-content\/uploads\/2025\/01\/image00361.jpeg","width":2048,"height":1365},{"@type":"BreadcrumbList","@id":"https:\/\/kulturamoldava.sk\/ifju-szivek-szabad\/#breadcrumb","itemListElement":[{"@type":"ListItem","position":1,"name":"Home","item":"https:\/\/kulturamoldava.sk\/"},{"@type":"ListItem","position":2,"name":"IFJ\u00da SZIVEK- ,,SZABAD,,"}]},{"@type":"WebSite","@id":"https:\/\/kulturamoldava.sk\/#website","url":"https:\/\/kulturamoldava.sk\/","name":"Szepsi V\u00e1rosi M\u0171vel\u0151d\u00e9si K\u00f6zpont","description":"","potentialAction":[{"@type":"SearchAction","target":{"@type":"EntryPoint","urlTemplate":"https:\/\/kulturamoldava.sk\/?s={search_term_string}"},"query-input":{"@type":"PropertyValueSpecification","valueRequired":true,"valueName":"search_term_string"}}],"inLanguage":"hu"},{"@type":"Person","@id":"https:\/\/kulturamoldava.sk\/#\/schema\/person\/8eef072de6f42a5fd024b6987a0745d6","name":"kulturamoldava","image":{"@type":"ImageObject","inLanguage":"hu","@id":"https:\/\/secure.gravatar.com\/avatar\/d6f6bf4cc0de0867347e805c1ac591b2391954abfd993ed9c457f5564a7576ca?s=96&d=mm&r=g","url":"https:\/\/secure.gravatar.com\/avatar\/d6f6bf4cc0de0867347e805c1ac591b2391954abfd993ed9c457f5564a7576ca?s=96&d=mm&r=g","contentUrl":"https:\/\/secure.gravatar.com\/avatar\/d6f6bf4cc0de0867347e805c1ac591b2391954abfd993ed9c457f5564a7576ca?s=96&d=mm&r=g","caption":"kulturamoldava"},"url":"https:\/\/kulturamoldava.sk\/hu\/author\/kulturamoldava\/"}]}},"_links":{"self":[{"href":"https:\/\/kulturamoldava.sk\/hu\/wp-json\/wp\/v2\/posts\/32217","targetHints":{"allow":["GET"]}}],"collection":[{"href":"https:\/\/kulturamoldava.sk\/hu\/wp-json\/wp\/v2\/posts"}],"about":[{"href":"https:\/\/kulturamoldava.sk\/hu\/wp-json\/wp\/v2\/types\/post"}],"author":[{"embeddable":true,"href":"https:\/\/kulturamoldava.sk\/hu\/wp-json\/wp\/v2\/users\/1"}],"replies":[{"embeddable":true,"href":"https:\/\/kulturamoldava.sk\/hu\/wp-json\/wp\/v2\/comments?post=32217"}],"version-history":[{"count":2,"href":"https:\/\/kulturamoldava.sk\/hu\/wp-json\/wp\/v2\/posts\/32217\/revisions"}],"predecessor-version":[{"id":32246,"href":"https:\/\/kulturamoldava.sk\/hu\/wp-json\/wp\/v2\/posts\/32217\/revisions\/32246"}],"wp:featuredmedia":[{"embeddable":true,"href":"https:\/\/kulturamoldava.sk\/hu\/wp-json\/wp\/v2\/media\/32232"}],"wp:attachment":[{"href":"https:\/\/kulturamoldava.sk\/hu\/wp-json\/wp\/v2\/media?parent=32217"}],"wp:term":[{"taxonomy":"category","embeddable":true,"href":"https:\/\/kulturamoldava.sk\/hu\/wp-json\/wp\/v2\/categories?post=32217"},{"taxonomy":"post_tag","embeddable":true,"href":"https:\/\/kulturamoldava.sk\/hu\/wp-json\/wp\/v2\/tags?post=32217"}],"curies":[{"name":"wp","href":"https:\/\/api.w.org\/{rel}","templated":true}]}}