{"id":31826,"date":"2024-06-06T11:25:00","date_gmt":"2024-06-06T09:25:00","guid":{"rendered":"https:\/\/kulturamoldava.sk\/?p=31826"},"modified":"2024-09-06T11:37:36","modified_gmt":"2024-09-06T09:37:36","slug":"akvizicia-kniznice-vratit-knihu-do-ruk-ludom-2023-zrealizovany-projekt","status":"publish","type":"post","link":"https:\/\/kulturamoldava.sk\/hu\/akvizicia-kniznice-vratit-knihu-do-ruk-ludom-2023-zrealizovany-projekt\/","title":{"rendered":"AKVIZ\u00cdCIA KNI\u017dNICE &#8211; VR\u00c1TI\u0164 KNIHU DO R\u00daK \u013dU\u010eOM 2023, zrealizovan\u00fd projekt"},"content":{"rendered":"<p>Z\u00e1merom projektu bolo doplni\u0165 kni\u017eni\u010dn\u00fd fond o\u00a0publik\u00e1cie od slovensk\u00fdch a\u00a0svetov\u00fdch autorov s\u00a0prihliadnut\u00edm na\u00a0\u010ditate\u013esk\u00e9 z\u00e1ujmy a\u00a0potreby \u010ditate\u013eov, pou\u017e\u00edvate\u013eov kni\u017eni\u010dno- informa\u010dn\u00fdch slu\u017eieb a\u00a0n\u00e1v\u0161tevn\u00edkov kni\u017enice, ako i\u00a0zvidite\u013eni\u0165 kni\u017enicu ako modern\u00fa funguj\u00facu in\u0161tit\u00faciu s\u00a0verejno-prospe\u0161n\u00fdmi slu\u017ebami, pozdvihn\u00fa\u0165 v\u00fdznam kni\u017enice, zv\u00fd\u0161i\u0165 jej prest\u00ed\u017e a pouk\u00e1za\u0165 na\u00a0jej prospe\u0161nos\u0165.<br>Hlavn\u00fdm cie\u013eom projektu bolo a\u00a0je poskytn\u00fa\u0165 \u010ditate\u013eom v\u0161etk\u00fdch vekov\u00fdch kateg\u00f3ri\u00ed kni\u017en\u00e9 novinky v\u00a0slovenskom a\u00a0ma\u010farskom jazyku z\u00a0oblasti ich z\u00e1ujmu k\u00a0uspokojeniu ich kult\u00farnych, informa\u010dn\u00fdch a vzdel\u00e1vac\u00edch potrieb, a\u00a0t\u00fdm prispie\u0165 k\u00a0naplneniu z\u00e1kladn\u00fdch funkci\u00ed Mestskej kni\u017enice.<br>Z celkov\u00e9ho po\u010dtu <strong>234\u00a0nov\u00fdch kn\u00edh<\/strong> sa doplnil kni\u017eni\u010dn\u00fd fond nasledovne:<br>Beletria pre dospel\u00fdch \u2013 123\u00a0kn\u00edh<br>Beletria pre deti a\u00a0ml\u00e1de\u017e \u2013 56\u00a0kn\u00edh<br>N\u00e1u\u010dn\u00e1 literat\u00fara \u2013 48\u00a0kn\u00edh<br>Detsk\u00e1 n\u00e1u\u010dn\u00e1 literat\u00fara \u2013 7\u00a0kn\u00edh<br>Fond nak\u00fapen\u00fdch kn\u00edh tak obohatil na\u0161u kni\u017enicu o\u00a0r\u00f4zne tematick\u00e9 \u017e\u00e1nre. Ka\u017ed\u00fd \u010ditate\u013e si tu n\u00e1jde nie\u010do pre seba. V\u0161etky\u00a0 kni\u017eni\u010dn\u00e9\u00a0 jednotky\u00a0 nadobudnut\u00e9\u00a0 akviz\u00edciou\u00a0 s\u00fa\u00a0dostupn\u00e9 v\u0161etk\u00fdm pou\u017e\u00edvate\u013eom kni\u017enice. Ka\u017ed\u00e1 kniha zak\u00fapen\u00e1 s\u00a0<strong>podporou Fondu na\u00a0podporu umenia<\/strong> je ozna\u010den\u00e1<br>n\u00e1lepkou s\u00a0textom<strong> Z verejn\u00fdch zdrojov podporil a logo FPU.<\/strong><\/p>\n\n\n\n<figure class=\"wp-block-gallery has-nested-images columns-default is-cropped wp-block-gallery-1 is-layout-flex wp-block-gallery-is-layout-flex\">\n<figure class=\"wp-block-image size-large\"><a href=\"https:\/\/kulturamoldava.sk\/wp-content\/uploads\/2024\/09\/FPU_logo2_cierne-scaled.jpg\"><img loading=\"lazy\" decoding=\"async\" width=\"1024\" height=\"768\" data-id=\"31827\" src=\"https:\/\/kulturamoldava.sk\/wp-content\/uploads\/2024\/09\/FPU_logo2_cierne-1024x768.jpg\" alt=\"\" class=\"wp-image-31827\" srcset=\"https:\/\/kulturamoldava.sk\/wp-content\/uploads\/2024\/09\/FPU_logo2_cierne-1024x768.jpg 1024w, https:\/\/kulturamoldava.sk\/wp-content\/uploads\/2024\/09\/FPU_logo2_cierne-300x225.jpg 300w, https:\/\/kulturamoldava.sk\/wp-content\/uploads\/2024\/09\/FPU_logo2_cierne-768x576.jpg 768w, https:\/\/kulturamoldava.sk\/wp-content\/uploads\/2024\/09\/FPU_logo2_cierne-1536x1152.jpg 1536w, https:\/\/kulturamoldava.sk\/wp-content\/uploads\/2024\/09\/FPU_logo2_cierne-2048x1536.jpg 2048w, https:\/\/kulturamoldava.sk\/wp-content\/uploads\/2024\/09\/FPU_logo2_cierne-16x12.jpg 16w, https:\/\/kulturamoldava.sk\/wp-content\/uploads\/2024\/09\/FPU_logo2_cierne-580x435.jpg 580w, https:\/\/kulturamoldava.sk\/wp-content\/uploads\/2024\/09\/FPU_logo2_cierne-860x645.jpg 860w, https:\/\/kulturamoldava.sk\/wp-content\/uploads\/2024\/09\/FPU_logo2_cierne-1160x870.jpg 1160w, https:\/\/kulturamoldava.sk\/wp-content\/uploads\/2024\/09\/FPU_logo2_cierne-1320x990.jpg 1320w, https:\/\/kulturamoldava.sk\/wp-content\/uploads\/2024\/09\/FPU_logo2_cierne-600x450.jpg 600w\" sizes=\"auto, (max-width: 1024px) 100vw, 1024px\" \/><\/a><\/figure>\n<\/figure>\n\n\n\n<figure class=\"wp-block-gallery has-nested-images columns-default is-cropped wp-block-gallery-2 is-layout-flex wp-block-gallery-is-layout-flex\">\n<figure class=\"wp-block-image size-large\"><a href=\"https:\/\/kulturamoldava.sk\/wp-content\/uploads\/2024\/09\/knihy_foto1.jpg\"><img loading=\"lazy\" decoding=\"async\" width=\"1024\" height=\"771\" data-id=\"31828\" src=\"https:\/\/kulturamoldava.sk\/wp-content\/uploads\/2024\/09\/knihy_foto1-1024x771.jpg\" alt=\"\" class=\"wp-image-31828\" srcset=\"https:\/\/kulturamoldava.sk\/wp-content\/uploads\/2024\/09\/knihy_foto1-1024x771.jpg 1024w, https:\/\/kulturamoldava.sk\/wp-content\/uploads\/2024\/09\/knihy_foto1-300x226.jpg 300w, https:\/\/kulturamoldava.sk\/wp-content\/uploads\/2024\/09\/knihy_foto1-768x578.jpg 768w, https:\/\/kulturamoldava.sk\/wp-content\/uploads\/2024\/09\/knihy_foto1-1536x1157.jpg 1536w, https:\/\/kulturamoldava.sk\/wp-content\/uploads\/2024\/09\/knihy_foto1-16x12.jpg 16w, https:\/\/kulturamoldava.sk\/wp-content\/uploads\/2024\/09\/knihy_foto1-580x437.jpg 580w, https:\/\/kulturamoldava.sk\/wp-content\/uploads\/2024\/09\/knihy_foto1-860x648.jpg 860w, https:\/\/kulturamoldava.sk\/wp-content\/uploads\/2024\/09\/knihy_foto1-1160x873.jpg 1160w, https:\/\/kulturamoldava.sk\/wp-content\/uploads\/2024\/09\/knihy_foto1-1320x994.jpg 1320w, https:\/\/kulturamoldava.sk\/wp-content\/uploads\/2024\/09\/knihy_foto1-600x452.jpg 600w, https:\/\/kulturamoldava.sk\/wp-content\/uploads\/2024\/09\/knihy_foto1.jpg 2048w\" sizes=\"auto, (max-width: 1024px) 100vw, 1024px\" \/><\/a><\/figure>\n\n\n\n<figure class=\"wp-block-image size-large\"><a href=\"https:\/\/kulturamoldava.sk\/wp-content\/uploads\/2024\/09\/knihy_foto2.jpg\"><img loading=\"lazy\" decoding=\"async\" width=\"1024\" height=\"771\" data-id=\"31829\" src=\"https:\/\/kulturamoldava.sk\/wp-content\/uploads\/2024\/09\/knihy_foto2-1024x771.jpg\" alt=\"\" class=\"wp-image-31829\" srcset=\"https:\/\/kulturamoldava.sk\/wp-content\/uploads\/2024\/09\/knihy_foto2-1024x771.jpg 1024w, https:\/\/kulturamoldava.sk\/wp-content\/uploads\/2024\/09\/knihy_foto2-300x226.jpg 300w, https:\/\/kulturamoldava.sk\/wp-content\/uploads\/2024\/09\/knihy_foto2-768x578.jpg 768w, https:\/\/kulturamoldava.sk\/wp-content\/uploads\/2024\/09\/knihy_foto2-1536x1157.jpg 1536w, https:\/\/kulturamoldava.sk\/wp-content\/uploads\/2024\/09\/knihy_foto2-16x12.jpg 16w, https:\/\/kulturamoldava.sk\/wp-content\/uploads\/2024\/09\/knihy_foto2-580x437.jpg 580w, https:\/\/kulturamoldava.sk\/wp-content\/uploads\/2024\/09\/knihy_foto2-860x648.jpg 860w, https:\/\/kulturamoldava.sk\/wp-content\/uploads\/2024\/09\/knihy_foto2-1160x873.jpg 1160w, https:\/\/kulturamoldava.sk\/wp-content\/uploads\/2024\/09\/knihy_foto2-1320x994.jpg 1320w, https:\/\/kulturamoldava.sk\/wp-content\/uploads\/2024\/09\/knihy_foto2-600x452.jpg 600w, https:\/\/kulturamoldava.sk\/wp-content\/uploads\/2024\/09\/knihy_foto2.jpg 2048w\" sizes=\"auto, (max-width: 1024px) 100vw, 1024px\" \/><\/a><\/figure>\n\n\n\n<figure class=\"wp-block-image size-large\"><a href=\"https:\/\/kulturamoldava.sk\/wp-content\/uploads\/2024\/09\/knihy_foto3.jpg\"><img loading=\"lazy\" decoding=\"async\" width=\"1024\" height=\"771\" data-id=\"31831\" src=\"https:\/\/kulturamoldava.sk\/wp-content\/uploads\/2024\/09\/knihy_foto3-1024x771.jpg\" alt=\"\" class=\"wp-image-31831\" srcset=\"https:\/\/kulturamoldava.sk\/wp-content\/uploads\/2024\/09\/knihy_foto3-1024x771.jpg 1024w, https:\/\/kulturamoldava.sk\/wp-content\/uploads\/2024\/09\/knihy_foto3-300x226.jpg 300w, https:\/\/kulturamoldava.sk\/wp-content\/uploads\/2024\/09\/knihy_foto3-768x578.jpg 768w, https:\/\/kulturamoldava.sk\/wp-content\/uploads\/2024\/09\/knihy_foto3-1536x1157.jpg 1536w, https:\/\/kulturamoldava.sk\/wp-content\/uploads\/2024\/09\/knihy_foto3-16x12.jpg 16w, https:\/\/kulturamoldava.sk\/wp-content\/uploads\/2024\/09\/knihy_foto3-580x437.jpg 580w, https:\/\/kulturamoldava.sk\/wp-content\/uploads\/2024\/09\/knihy_foto3-860x648.jpg 860w, https:\/\/kulturamoldava.sk\/wp-content\/uploads\/2024\/09\/knihy_foto3-1160x873.jpg 1160w, https:\/\/kulturamoldava.sk\/wp-content\/uploads\/2024\/09\/knihy_foto3-1320x994.jpg 1320w, https:\/\/kulturamoldava.sk\/wp-content\/uploads\/2024\/09\/knihy_foto3-600x452.jpg 600w, https:\/\/kulturamoldava.sk\/wp-content\/uploads\/2024\/09\/knihy_foto3.jpg 2048w\" sizes=\"auto, (max-width: 1024px) 100vw, 1024px\" \/><\/a><\/figure>\n\n\n\n<figure class=\"wp-block-image size-large\"><a href=\"https:\/\/kulturamoldava.sk\/wp-content\/uploads\/2024\/09\/knihy_foto4.jpg\"><img loading=\"lazy\" decoding=\"async\" width=\"1024\" height=\"771\" data-id=\"31833\" src=\"https:\/\/kulturamoldava.sk\/wp-content\/uploads\/2024\/09\/knihy_foto4-1024x771.jpg\" alt=\"\" class=\"wp-image-31833\" srcset=\"https:\/\/kulturamoldava.sk\/wp-content\/uploads\/2024\/09\/knihy_foto4-1024x771.jpg 1024w, https:\/\/kulturamoldava.sk\/wp-content\/uploads\/2024\/09\/knihy_foto4-300x226.jpg 300w, https:\/\/kulturamoldava.sk\/wp-content\/uploads\/2024\/09\/knihy_foto4-768x578.jpg 768w, https:\/\/kulturamoldava.sk\/wp-content\/uploads\/2024\/09\/knihy_foto4-1536x1157.jpg 1536w, https:\/\/kulturamoldava.sk\/wp-content\/uploads\/2024\/09\/knihy_foto4-16x12.jpg 16w, https:\/\/kulturamoldava.sk\/wp-content\/uploads\/2024\/09\/knihy_foto4-580x437.jpg 580w, https:\/\/kulturamoldava.sk\/wp-content\/uploads\/2024\/09\/knihy_foto4-860x648.jpg 860w, https:\/\/kulturamoldava.sk\/wp-content\/uploads\/2024\/09\/knihy_foto4-1160x873.jpg 1160w, https:\/\/kulturamoldava.sk\/wp-content\/uploads\/2024\/09\/knihy_foto4-1320x994.jpg 1320w, https:\/\/kulturamoldava.sk\/wp-content\/uploads\/2024\/09\/knihy_foto4-600x452.jpg 600w, https:\/\/kulturamoldava.sk\/wp-content\/uploads\/2024\/09\/knihy_foto4.jpg 2048w\" sizes=\"auto, (max-width: 1024px) 100vw, 1024px\" \/><\/a><\/figure>\n\n\n\n<figure class=\"wp-block-image size-large\"><a href=\"https:\/\/kulturamoldava.sk\/wp-content\/uploads\/2024\/09\/knihy_foto5.jpg\"><img loading=\"lazy\" decoding=\"async\" width=\"1024\" height=\"771\" data-id=\"31830\" src=\"https:\/\/kulturamoldava.sk\/wp-content\/uploads\/2024\/09\/knihy_foto5-1024x771.jpg\" alt=\"\" class=\"wp-image-31830\" srcset=\"https:\/\/kulturamoldava.sk\/wp-content\/uploads\/2024\/09\/knihy_foto5-1024x771.jpg 1024w, https:\/\/kulturamoldava.sk\/wp-content\/uploads\/2024\/09\/knihy_foto5-300x226.jpg 300w, https:\/\/kulturamoldava.sk\/wp-content\/uploads\/2024\/09\/knihy_foto5-768x578.jpg 768w, https:\/\/kulturamoldava.sk\/wp-content\/uploads\/2024\/09\/knihy_foto5-1536x1157.jpg 1536w, https:\/\/kulturamoldava.sk\/wp-content\/uploads\/2024\/09\/knihy_foto5-16x12.jpg 16w, https:\/\/kulturamoldava.sk\/wp-content\/uploads\/2024\/09\/knihy_foto5-580x437.jpg 580w, https:\/\/kulturamoldava.sk\/wp-content\/uploads\/2024\/09\/knihy_foto5-860x648.jpg 860w, https:\/\/kulturamoldava.sk\/wp-content\/uploads\/2024\/09\/knihy_foto5-1160x873.jpg 1160w, https:\/\/kulturamoldava.sk\/wp-content\/uploads\/2024\/09\/knihy_foto5-1320x994.jpg 1320w, https:\/\/kulturamoldava.sk\/wp-content\/uploads\/2024\/09\/knihy_foto5-600x452.jpg 600w, https:\/\/kulturamoldava.sk\/wp-content\/uploads\/2024\/09\/knihy_foto5.jpg 2048w\" sizes=\"auto, (max-width: 1024px) 100vw, 1024px\" \/><\/a><\/figure>\n\n\n\n<figure class=\"wp-block-image size-large\"><a href=\"https:\/\/kulturamoldava.sk\/wp-content\/uploads\/2024\/09\/knihy_foto6_nalepka-scaled.jpg\"><img loading=\"lazy\" decoding=\"async\" width=\"1024\" height=\"771\" data-id=\"31834\" src=\"https:\/\/kulturamoldava.sk\/wp-content\/uploads\/2024\/09\/knihy_foto6_nalepka-1024x771.jpg\" alt=\"\" class=\"wp-image-31834\" srcset=\"https:\/\/kulturamoldava.sk\/wp-content\/uploads\/2024\/09\/knihy_foto6_nalepka-1024x771.jpg 1024w, https:\/\/kulturamoldava.sk\/wp-content\/uploads\/2024\/09\/knihy_foto6_nalepka-300x226.jpg 300w, https:\/\/kulturamoldava.sk\/wp-content\/uploads\/2024\/09\/knihy_foto6_nalepka-768x578.jpg 768w, https:\/\/kulturamoldava.sk\/wp-content\/uploads\/2024\/09\/knihy_foto6_nalepka-1536x1157.jpg 1536w, https:\/\/kulturamoldava.sk\/wp-content\/uploads\/2024\/09\/knihy_foto6_nalepka-2048x1542.jpg 2048w, https:\/\/kulturamoldava.sk\/wp-content\/uploads\/2024\/09\/knihy_foto6_nalepka-16x12.jpg 16w, https:\/\/kulturamoldava.sk\/wp-content\/uploads\/2024\/09\/knihy_foto6_nalepka-580x437.jpg 580w, https:\/\/kulturamoldava.sk\/wp-content\/uploads\/2024\/09\/knihy_foto6_nalepka-860x648.jpg 860w, https:\/\/kulturamoldava.sk\/wp-content\/uploads\/2024\/09\/knihy_foto6_nalepka-1160x873.jpg 1160w, https:\/\/kulturamoldava.sk\/wp-content\/uploads\/2024\/09\/knihy_foto6_nalepka-1320x994.jpg 1320w, https:\/\/kulturamoldava.sk\/wp-content\/uploads\/2024\/09\/knihy_foto6_nalepka-600x452.jpg 600w\" sizes=\"auto, (max-width: 1024px) 100vw, 1024px\" \/><\/a><\/figure>\n\n\n\n<figure class=\"wp-block-image size-large\"><a href=\"https:\/\/kulturamoldava.sk\/wp-content\/uploads\/2024\/09\/plagat_HU.jpg\"><img loading=\"lazy\" decoding=\"async\" width=\"636\" height=\"900\" data-id=\"31835\" src=\"https:\/\/kulturamoldava.sk\/wp-content\/uploads\/2024\/09\/plagat_HU.jpg\" alt=\"\" class=\"wp-image-31835\" srcset=\"https:\/\/kulturamoldava.sk\/wp-content\/uploads\/2024\/09\/plagat_HU.jpg 636w, https:\/\/kulturamoldava.sk\/wp-content\/uploads\/2024\/09\/plagat_HU-212x300.jpg 212w, https:\/\/kulturamoldava.sk\/wp-content\/uploads\/2024\/09\/plagat_HU-8x12.jpg 8w, https:\/\/kulturamoldava.sk\/wp-content\/uploads\/2024\/09\/plagat_HU-580x821.jpg 580w, https:\/\/kulturamoldava.sk\/wp-content\/uploads\/2024\/09\/plagat_HU-600x849.jpg 600w\" sizes=\"auto, (max-width: 636px) 100vw, 636px\" \/><\/a><\/figure>\n\n\n\n<figure class=\"wp-block-image size-large\"><a href=\"https:\/\/kulturamoldava.sk\/wp-content\/uploads\/2024\/09\/plagat_SK.jpg\"><img loading=\"lazy\" decoding=\"async\" width=\"636\" height=\"900\" data-id=\"31832\" src=\"https:\/\/kulturamoldava.sk\/wp-content\/uploads\/2024\/09\/plagat_SK.jpg\" alt=\"\" class=\"wp-image-31832\" srcset=\"https:\/\/kulturamoldava.sk\/wp-content\/uploads\/2024\/09\/plagat_SK.jpg 636w, https:\/\/kulturamoldava.sk\/wp-content\/uploads\/2024\/09\/plagat_SK-212x300.jpg 212w, https:\/\/kulturamoldava.sk\/wp-content\/uploads\/2024\/09\/plagat_SK-8x12.jpg 8w, https:\/\/kulturamoldava.sk\/wp-content\/uploads\/2024\/09\/plagat_SK-580x821.jpg 580w, https:\/\/kulturamoldava.sk\/wp-content\/uploads\/2024\/09\/plagat_SK-600x849.jpg 600w\" sizes=\"auto, (max-width: 636px) 100vw, 636px\" \/><\/a><\/figure>\n<\/figure>","protected":false},"excerpt":{"rendered":"<p>Z\u00e1merom projektu bolo doplni\u0165 kni\u017eni\u010dn\u00fd fond o\u00a0publik\u00e1cie od slovensk\u00fdch a\u00a0svetov\u00fdch autorov s\u00a0prihliadnut\u00edm na\u00a0\u010ditate\u013esk\u00e9 z\u00e1ujmy a\u00a0potreby \u010ditate\u013eov, pou\u017e\u00edvate\u013eov kni\u017eni\u010dno- informa\u010dn\u00fdch slu\u017eieb a\u00a0n\u00e1v\u0161tevn\u00edkov kni\u017enice, ako i\u00a0zvidite\u013eni\u0165 kni\u017enicu ako modern\u00fa funguj\u00facu in\u0161tit\u00faciu s\u00a0verejno-prospe\u0161n\u00fdmi slu\u017ebami, pozdvihn\u00fa\u0165 v\u00fdznam kni\u017enice, zv\u00fd\u0161i\u0165 jej prest\u00ed\u017e a pouk\u00e1za\u0165 na\u00a0jej prospe\u0161nos\u0165.Hlavn\u00fdm cie\u013eom projektu bolo a\u00a0je poskytn\u00fa\u0165 \u010ditate\u013eom v\u0161etk\u00fdch vekov\u00fdch kateg\u00f3ri\u00ed kni\u017en\u00e9 novinky v\u00a0slovenskom a\u00a0ma\u010farskom jazyku&#8230;<\/p>","protected":false},"author":1,"featured_media":31833,"comment_status":"closed","ping_status":"closed","sticky":false,"template":"","format":"standard","meta":{"ngg_post_thumbnail":0,"footnotes":""},"categories":[1],"tags":[],"class_list":["post-31826","post","type-post","status-publish","format-standard","has-post-thumbnail","hentry","category-nezaradene"],"yoast_head":"<!-- This site is optimized with the Yoast SEO plugin v27.4 - https:\/\/yoast.com\/product\/yoast-seo-wordpress\/ -->\n<title>AKVIZ\u00cdCIA KNI\u017dNICE - VR\u00c1TI\u0164 KNIHU DO R\u00daK \u013dU\u010eOM 2023, zrealizovan\u00fd projekt - Mestsk\u00e9 kult\u00farne stredisko Moldava nad Bodvou<\/title>\n<meta name=\"robots\" content=\"index, follow, max-snippet:-1, max-image-preview:large, max-video-preview:-1\" \/>\n<link rel=\"canonical\" href=\"https:\/\/kulturamoldava.sk\/hu\/akvizicia-kniznice-vratit-knihu-do-ruk-ludom-2023-zrealizovany-projekt\/\" \/>\n<meta property=\"og:locale\" content=\"hu_HU\" \/>\n<meta property=\"og:type\" content=\"article\" \/>\n<meta property=\"og:title\" content=\"AKVIZ\u00cdCIA KNI\u017dNICE - VR\u00c1TI\u0164 KNIHU DO R\u00daK \u013dU\u010eOM 2023, zrealizovan\u00fd projekt - Mestsk\u00e9 kult\u00farne stredisko Moldava nad Bodvou\" \/>\n<meta property=\"og:description\" content=\"Z\u00e1merom projektu bolo doplni\u0165 kni\u017eni\u010dn\u00fd fond o\u00a0publik\u00e1cie od slovensk\u00fdch a\u00a0svetov\u00fdch autorov s\u00a0prihliadnut\u00edm na\u00a0\u010ditate\u013esk\u00e9 z\u00e1ujmy a\u00a0potreby \u010ditate\u013eov, pou\u017e\u00edvate\u013eov kni\u017eni\u010dno- informa\u010dn\u00fdch slu\u017eieb a\u00a0n\u00e1v\u0161tevn\u00edkov kni\u017enice, ako i\u00a0zvidite\u013eni\u0165 kni\u017enicu ako modern\u00fa funguj\u00facu in\u0161tit\u00faciu s\u00a0verejno-prospe\u0161n\u00fdmi slu\u017ebami, pozdvihn\u00fa\u0165 v\u00fdznam kni\u017enice, zv\u00fd\u0161i\u0165 jej prest\u00ed\u017e a pouk\u00e1za\u0165 na\u00a0jej prospe\u0161nos\u0165.Hlavn\u00fdm cie\u013eom projektu bolo a\u00a0je poskytn\u00fa\u0165 \u010ditate\u013eom v\u0161etk\u00fdch vekov\u00fdch kateg\u00f3ri\u00ed kni\u017en\u00e9 novinky v\u00a0slovenskom a\u00a0ma\u010farskom jazyku...\" \/>\n<meta property=\"og:url\" content=\"https:\/\/kulturamoldava.sk\/hu\/akvizicia-kniznice-vratit-knihu-do-ruk-ludom-2023-zrealizovany-projekt\/\" \/>\n<meta property=\"og:site_name\" content=\"Mestsk\u00e9 kult\u00farne stredisko Moldava nad Bodvou\" \/>\n<meta property=\"article:published_time\" content=\"2024-06-06T09:25:00+00:00\" \/>\n<meta property=\"article:modified_time\" content=\"2024-09-06T09:37:36+00:00\" \/>\n<meta property=\"og:image\" content=\"https:\/\/kulturamoldava.sk\/wp-content\/uploads\/2024\/09\/knihy_foto4.jpg\" \/>\n\t<meta property=\"og:image:width\" content=\"2048\" \/>\n\t<meta property=\"og:image:height\" content=\"1542\" \/>\n\t<meta property=\"og:image:type\" content=\"image\/jpeg\" \/>\n<meta name=\"author\" content=\"kulturamoldava\" \/>\n<meta name=\"twitter:card\" content=\"summary_large_image\" \/>\n<meta name=\"twitter:label1\" content=\"Szerz\u0151:\" \/>\n\t<meta name=\"twitter:data1\" content=\"kulturamoldava\" \/>\n\t<meta name=\"twitter:label2\" content=\"Becs\u00fclt olvas\u00e1si id\u0151\" \/>\n\t<meta name=\"twitter:data2\" content=\"3 perc\" \/>\n<script type=\"application\/ld+json\" class=\"yoast-schema-graph\">{\"@context\":\"https:\\\/\\\/schema.org\",\"@graph\":[{\"@type\":\"Article\",\"@id\":\"https:\\\/\\\/kulturamoldava.sk\\\/akvizicia-kniznice-vratit-knihu-do-ruk-ludom-2023-zrealizovany-projekt\\\/#article\",\"isPartOf\":{\"@id\":\"https:\\\/\\\/kulturamoldava.sk\\\/akvizicia-kniznice-vratit-knihu-do-ruk-ludom-2023-zrealizovany-projekt\\\/\"},\"author\":{\"name\":\"kulturamoldava\",\"@id\":\"https:\\\/\\\/kulturamoldava.sk\\\/#\\\/schema\\\/person\\\/8eef072de6f42a5fd024b6987a0745d6\"},\"headline\":\"AKVIZ\u00cdCIA KNI\u017dNICE &#8211; VR\u00c1TI\u0164 KNIHU DO R\u00daK \u013dU\u010eOM 2023, zrealizovan\u00fd projekt\",\"datePublished\":\"2024-06-06T09:25:00+00:00\",\"dateModified\":\"2024-09-06T09:37:36+00:00\",\"mainEntityOfPage\":{\"@id\":\"https:\\\/\\\/kulturamoldava.sk\\\/akvizicia-kniznice-vratit-knihu-do-ruk-ludom-2023-zrealizovany-projekt\\\/\"},\"wordCount\":271,\"image\":{\"@id\":\"https:\\\/\\\/kulturamoldava.sk\\\/akvizicia-kniznice-vratit-knihu-do-ruk-ludom-2023-zrealizovany-projekt\\\/#primaryimage\"},\"thumbnailUrl\":\"https:\\\/\\\/kulturamoldava.sk\\\/wp-content\\\/uploads\\\/2024\\\/09\\\/knihy_foto4.jpg\",\"articleSection\":[\"Nezaraden\u00e9\"],\"inLanguage\":\"hu\"},{\"@type\":\"WebPage\",\"@id\":\"https:\\\/\\\/kulturamoldava.sk\\\/akvizicia-kniznice-vratit-knihu-do-ruk-ludom-2023-zrealizovany-projekt\\\/\",\"url\":\"https:\\\/\\\/kulturamoldava.sk\\\/akvizicia-kniznice-vratit-knihu-do-ruk-ludom-2023-zrealizovany-projekt\\\/\",\"name\":\"AKVIZ\u00cdCIA KNI\u017dNICE - VR\u00c1TI\u0164 KNIHU DO R\u00daK \u013dU\u010eOM 2023, zrealizovan\u00fd projekt - Mestsk\u00e9 kult\u00farne stredisko Moldava nad Bodvou\",\"isPartOf\":{\"@id\":\"https:\\\/\\\/kulturamoldava.sk\\\/#website\"},\"primaryImageOfPage\":{\"@id\":\"https:\\\/\\\/kulturamoldava.sk\\\/akvizicia-kniznice-vratit-knihu-do-ruk-ludom-2023-zrealizovany-projekt\\\/#primaryimage\"},\"image\":{\"@id\":\"https:\\\/\\\/kulturamoldava.sk\\\/akvizicia-kniznice-vratit-knihu-do-ruk-ludom-2023-zrealizovany-projekt\\\/#primaryimage\"},\"thumbnailUrl\":\"https:\\\/\\\/kulturamoldava.sk\\\/wp-content\\\/uploads\\\/2024\\\/09\\\/knihy_foto4.jpg\",\"datePublished\":\"2024-06-06T09:25:00+00:00\",\"dateModified\":\"2024-09-06T09:37:36+00:00\",\"author\":{\"@id\":\"https:\\\/\\\/kulturamoldava.sk\\\/#\\\/schema\\\/person\\\/8eef072de6f42a5fd024b6987a0745d6\"},\"breadcrumb\":{\"@id\":\"https:\\\/\\\/kulturamoldava.sk\\\/akvizicia-kniznice-vratit-knihu-do-ruk-ludom-2023-zrealizovany-projekt\\\/#breadcrumb\"},\"inLanguage\":\"hu\",\"potentialAction\":[{\"@type\":\"ReadAction\",\"target\":[\"https:\\\/\\\/kulturamoldava.sk\\\/akvizicia-kniznice-vratit-knihu-do-ruk-ludom-2023-zrealizovany-projekt\\\/\"]}]},{\"@type\":\"ImageObject\",\"inLanguage\":\"hu\",\"@id\":\"https:\\\/\\\/kulturamoldava.sk\\\/akvizicia-kniznice-vratit-knihu-do-ruk-ludom-2023-zrealizovany-projekt\\\/#primaryimage\",\"url\":\"https:\\\/\\\/kulturamoldava.sk\\\/wp-content\\\/uploads\\\/2024\\\/09\\\/knihy_foto4.jpg\",\"contentUrl\":\"https:\\\/\\\/kulturamoldava.sk\\\/wp-content\\\/uploads\\\/2024\\\/09\\\/knihy_foto4.jpg\",\"width\":2048,\"height\":1542},{\"@type\":\"BreadcrumbList\",\"@id\":\"https:\\\/\\\/kulturamoldava.sk\\\/akvizicia-kniznice-vratit-knihu-do-ruk-ludom-2023-zrealizovany-projekt\\\/#breadcrumb\",\"itemListElement\":[{\"@type\":\"ListItem\",\"position\":1,\"name\":\"Home\",\"item\":\"https:\\\/\\\/kulturamoldava.sk\\\/\"},{\"@type\":\"ListItem\",\"position\":2,\"name\":\"AKVIZ\u00cdCIA KNI\u017dNICE &#8211; VR\u00c1TI\u0164 KNIHU DO R\u00daK \u013dU\u010eOM 2023, zrealizovan\u00fd projekt\"}]},{\"@type\":\"WebSite\",\"@id\":\"https:\\\/\\\/kulturamoldava.sk\\\/#website\",\"url\":\"https:\\\/\\\/kulturamoldava.sk\\\/\",\"name\":\"Mestsk\u00e9 kult\u00farne stredisko Moldava nad Bodvou\",\"description\":\"\",\"potentialAction\":[{\"@type\":\"SearchAction\",\"target\":{\"@type\":\"EntryPoint\",\"urlTemplate\":\"https:\\\/\\\/kulturamoldava.sk\\\/?s={search_term_string}\"},\"query-input\":{\"@type\":\"PropertyValueSpecification\",\"valueRequired\":true,\"valueName\":\"search_term_string\"}}],\"inLanguage\":\"hu\"},{\"@type\":\"Person\",\"@id\":\"https:\\\/\\\/kulturamoldava.sk\\\/#\\\/schema\\\/person\\\/8eef072de6f42a5fd024b6987a0745d6\",\"name\":\"kulturamoldava\",\"image\":{\"@type\":\"ImageObject\",\"inLanguage\":\"hu\",\"@id\":\"https:\\\/\\\/secure.gravatar.com\\\/avatar\\\/d6f6bf4cc0de0867347e805c1ac591b2391954abfd993ed9c457f5564a7576ca?s=96&d=mm&r=g\",\"url\":\"https:\\\/\\\/secure.gravatar.com\\\/avatar\\\/d6f6bf4cc0de0867347e805c1ac591b2391954abfd993ed9c457f5564a7576ca?s=96&d=mm&r=g\",\"contentUrl\":\"https:\\\/\\\/secure.gravatar.com\\\/avatar\\\/d6f6bf4cc0de0867347e805c1ac591b2391954abfd993ed9c457f5564a7576ca?s=96&d=mm&r=g\",\"caption\":\"kulturamoldava\"},\"url\":\"https:\\\/\\\/kulturamoldava.sk\\\/hu\\\/author\\\/kulturamoldava\\\/\"}]}<\/script>\n<!-- \/ Yoast SEO plugin. -->","yoast_head_json":{"title":"AKVIZ\u00cdCIA KNI\u017dNICE - VR\u00c1TI\u0164 KNIHU DO R\u00daK \u013dU\u010eOM 2023, zrealizovan\u00fd projekt - Mestsk\u00e9 kult\u00farne stredisko Moldava nad Bodvou","robots":{"index":"index","follow":"follow","max-snippet":"max-snippet:-1","max-image-preview":"max-image-preview:large","max-video-preview":"max-video-preview:-1"},"canonical":"https:\/\/kulturamoldava.sk\/hu\/akvizicia-kniznice-vratit-knihu-do-ruk-ludom-2023-zrealizovany-projekt\/","og_locale":"hu_HU","og_type":"article","og_title":"AKVIZ\u00cdCIA KNI\u017dNICE - VR\u00c1TI\u0164 KNIHU DO R\u00daK \u013dU\u010eOM 2023, zrealizovan\u00fd projekt - Mestsk\u00e9 kult\u00farne stredisko Moldava nad Bodvou","og_description":"Z\u00e1merom projektu bolo doplni\u0165 kni\u017eni\u010dn\u00fd fond o\u00a0publik\u00e1cie od slovensk\u00fdch a\u00a0svetov\u00fdch autorov s\u00a0prihliadnut\u00edm na\u00a0\u010ditate\u013esk\u00e9 z\u00e1ujmy a\u00a0potreby \u010ditate\u013eov, pou\u017e\u00edvate\u013eov kni\u017eni\u010dno- informa\u010dn\u00fdch slu\u017eieb a\u00a0n\u00e1v\u0161tevn\u00edkov kni\u017enice, ako i\u00a0zvidite\u013eni\u0165 kni\u017enicu ako modern\u00fa funguj\u00facu in\u0161tit\u00faciu s\u00a0verejno-prospe\u0161n\u00fdmi slu\u017ebami, pozdvihn\u00fa\u0165 v\u00fdznam kni\u017enice, zv\u00fd\u0161i\u0165 jej prest\u00ed\u017e a pouk\u00e1za\u0165 na\u00a0jej prospe\u0161nos\u0165.Hlavn\u00fdm cie\u013eom projektu bolo a\u00a0je poskytn\u00fa\u0165 \u010ditate\u013eom v\u0161etk\u00fdch vekov\u00fdch kateg\u00f3ri\u00ed kni\u017en\u00e9 novinky v\u00a0slovenskom a\u00a0ma\u010farskom jazyku...","og_url":"https:\/\/kulturamoldava.sk\/hu\/akvizicia-kniznice-vratit-knihu-do-ruk-ludom-2023-zrealizovany-projekt\/","og_site_name":"Mestsk\u00e9 kult\u00farne stredisko Moldava nad Bodvou","article_published_time":"2024-06-06T09:25:00+00:00","article_modified_time":"2024-09-06T09:37:36+00:00","og_image":[{"width":2048,"height":1542,"url":"https:\/\/kulturamoldava.sk\/wp-content\/uploads\/2024\/09\/knihy_foto4.jpg","type":"image\/jpeg"}],"author":"kulturamoldava","twitter_card":"summary_large_image","twitter_misc":{"Szerz\u0151:":"kulturamoldava","Becs\u00fclt olvas\u00e1si id\u0151":"3 perc"},"schema":{"@context":"https:\/\/schema.org","@graph":[{"@type":"Article","@id":"https:\/\/kulturamoldava.sk\/akvizicia-kniznice-vratit-knihu-do-ruk-ludom-2023-zrealizovany-projekt\/#article","isPartOf":{"@id":"https:\/\/kulturamoldava.sk\/akvizicia-kniznice-vratit-knihu-do-ruk-ludom-2023-zrealizovany-projekt\/"},"author":{"name":"kulturamoldava","@id":"https:\/\/kulturamoldava.sk\/#\/schema\/person\/8eef072de6f42a5fd024b6987a0745d6"},"headline":"AKVIZ\u00cdCIA KNI\u017dNICE &#8211; VR\u00c1TI\u0164 KNIHU DO R\u00daK \u013dU\u010eOM 2023, zrealizovan\u00fd projekt","datePublished":"2024-06-06T09:25:00+00:00","dateModified":"2024-09-06T09:37:36+00:00","mainEntityOfPage":{"@id":"https:\/\/kulturamoldava.sk\/akvizicia-kniznice-vratit-knihu-do-ruk-ludom-2023-zrealizovany-projekt\/"},"wordCount":271,"image":{"@id":"https:\/\/kulturamoldava.sk\/akvizicia-kniznice-vratit-knihu-do-ruk-ludom-2023-zrealizovany-projekt\/#primaryimage"},"thumbnailUrl":"https:\/\/kulturamoldava.sk\/wp-content\/uploads\/2024\/09\/knihy_foto4.jpg","articleSection":["Nezaraden\u00e9"],"inLanguage":"hu"},{"@type":"WebPage","@id":"https:\/\/kulturamoldava.sk\/akvizicia-kniznice-vratit-knihu-do-ruk-ludom-2023-zrealizovany-projekt\/","url":"https:\/\/kulturamoldava.sk\/akvizicia-kniznice-vratit-knihu-do-ruk-ludom-2023-zrealizovany-projekt\/","name":"AKVIZ\u00cdCIA KNI\u017dNICE - VR\u00c1TI\u0164 KNIHU DO R\u00daK \u013dU\u010eOM 2023, zrealizovan\u00fd projekt - Mestsk\u00e9 kult\u00farne stredisko Moldava nad Bodvou","isPartOf":{"@id":"https:\/\/kulturamoldava.sk\/#website"},"primaryImageOfPage":{"@id":"https:\/\/kulturamoldava.sk\/akvizicia-kniznice-vratit-knihu-do-ruk-ludom-2023-zrealizovany-projekt\/#primaryimage"},"image":{"@id":"https:\/\/kulturamoldava.sk\/akvizicia-kniznice-vratit-knihu-do-ruk-ludom-2023-zrealizovany-projekt\/#primaryimage"},"thumbnailUrl":"https:\/\/kulturamoldava.sk\/wp-content\/uploads\/2024\/09\/knihy_foto4.jpg","datePublished":"2024-06-06T09:25:00+00:00","dateModified":"2024-09-06T09:37:36+00:00","author":{"@id":"https:\/\/kulturamoldava.sk\/#\/schema\/person\/8eef072de6f42a5fd024b6987a0745d6"},"breadcrumb":{"@id":"https:\/\/kulturamoldava.sk\/akvizicia-kniznice-vratit-knihu-do-ruk-ludom-2023-zrealizovany-projekt\/#breadcrumb"},"inLanguage":"hu","potentialAction":[{"@type":"ReadAction","target":["https:\/\/kulturamoldava.sk\/akvizicia-kniznice-vratit-knihu-do-ruk-ludom-2023-zrealizovany-projekt\/"]}]},{"@type":"ImageObject","inLanguage":"hu","@id":"https:\/\/kulturamoldava.sk\/akvizicia-kniznice-vratit-knihu-do-ruk-ludom-2023-zrealizovany-projekt\/#primaryimage","url":"https:\/\/kulturamoldava.sk\/wp-content\/uploads\/2024\/09\/knihy_foto4.jpg","contentUrl":"https:\/\/kulturamoldava.sk\/wp-content\/uploads\/2024\/09\/knihy_foto4.jpg","width":2048,"height":1542},{"@type":"BreadcrumbList","@id":"https:\/\/kulturamoldava.sk\/akvizicia-kniznice-vratit-knihu-do-ruk-ludom-2023-zrealizovany-projekt\/#breadcrumb","itemListElement":[{"@type":"ListItem","position":1,"name":"Home","item":"https:\/\/kulturamoldava.sk\/"},{"@type":"ListItem","position":2,"name":"AKVIZ\u00cdCIA KNI\u017dNICE &#8211; VR\u00c1TI\u0164 KNIHU DO R\u00daK \u013dU\u010eOM 2023, zrealizovan\u00fd projekt"}]},{"@type":"WebSite","@id":"https:\/\/kulturamoldava.sk\/#website","url":"https:\/\/kulturamoldava.sk\/","name":"Szepsi V\u00e1rosi M\u0171vel\u0151d\u00e9si K\u00f6zpont","description":"","potentialAction":[{"@type":"SearchAction","target":{"@type":"EntryPoint","urlTemplate":"https:\/\/kulturamoldava.sk\/?s={search_term_string}"},"query-input":{"@type":"PropertyValueSpecification","valueRequired":true,"valueName":"search_term_string"}}],"inLanguage":"hu"},{"@type":"Person","@id":"https:\/\/kulturamoldava.sk\/#\/schema\/person\/8eef072de6f42a5fd024b6987a0745d6","name":"kulturamoldava","image":{"@type":"ImageObject","inLanguage":"hu","@id":"https:\/\/secure.gravatar.com\/avatar\/d6f6bf4cc0de0867347e805c1ac591b2391954abfd993ed9c457f5564a7576ca?s=96&d=mm&r=g","url":"https:\/\/secure.gravatar.com\/avatar\/d6f6bf4cc0de0867347e805c1ac591b2391954abfd993ed9c457f5564a7576ca?s=96&d=mm&r=g","contentUrl":"https:\/\/secure.gravatar.com\/avatar\/d6f6bf4cc0de0867347e805c1ac591b2391954abfd993ed9c457f5564a7576ca?s=96&d=mm&r=g","caption":"kulturamoldava"},"url":"https:\/\/kulturamoldava.sk\/hu\/author\/kulturamoldava\/"}]}},"_links":{"self":[{"href":"https:\/\/kulturamoldava.sk\/hu\/wp-json\/wp\/v2\/posts\/31826","targetHints":{"allow":["GET"]}}],"collection":[{"href":"https:\/\/kulturamoldava.sk\/hu\/wp-json\/wp\/v2\/posts"}],"about":[{"href":"https:\/\/kulturamoldava.sk\/hu\/wp-json\/wp\/v2\/types\/post"}],"author":[{"embeddable":true,"href":"https:\/\/kulturamoldava.sk\/hu\/wp-json\/wp\/v2\/users\/1"}],"replies":[{"embeddable":true,"href":"https:\/\/kulturamoldava.sk\/hu\/wp-json\/wp\/v2\/comments?post=31826"}],"version-history":[{"count":2,"href":"https:\/\/kulturamoldava.sk\/hu\/wp-json\/wp\/v2\/posts\/31826\/revisions"}],"predecessor-version":[{"id":31838,"href":"https:\/\/kulturamoldava.sk\/hu\/wp-json\/wp\/v2\/posts\/31826\/revisions\/31838"}],"wp:featuredmedia":[{"embeddable":true,"href":"https:\/\/kulturamoldava.sk\/hu\/wp-json\/wp\/v2\/media\/31833"}],"wp:attachment":[{"href":"https:\/\/kulturamoldava.sk\/hu\/wp-json\/wp\/v2\/media?parent=31826"}],"wp:term":[{"taxonomy":"category","embeddable":true,"href":"https:\/\/kulturamoldava.sk\/hu\/wp-json\/wp\/v2\/categories?post=31826"},{"taxonomy":"post_tag","embeddable":true,"href":"https:\/\/kulturamoldava.sk\/hu\/wp-json\/wp\/v2\/tags?post=31826"}],"curies":[{"name":"wp","href":"https:\/\/api.w.org\/{rel}","templated":true}]}}