{"id":31623,"date":"2024-05-10T22:19:00","date_gmt":"2024-05-10T20:19:00","guid":{"rendered":"https:\/\/kulturamoldava.sk\/?p=31623"},"modified":"2024-08-20T12:40:31","modified_gmt":"2024-08-20T10:40:31","slug":"tarcal-vrucne-privital-moldavcanov-na-tradicnom-folklornom-podujati-10-5-2024","status":"publish","type":"post","link":"https:\/\/kulturamoldava.sk\/hu\/tarcal-vrucne-privital-moldavcanov-na-tradicnom-folklornom-podujati-10-5-2024\/","title":{"rendered":"TARCAL VR\u00daCNE PRIV\u00cdTAL MOLDAV\u010cANOV NA TRADI\u010cNOM FOLKL\u00d3RNOM PODUJAT\u00cd 10.5.2024"},"content":{"rendered":"<p>De\u0148 pln\u00fd z\u00e1\u017eitkov a pozit\u00edvnych em\u00f3ci\u00ed d\u0148a 10.5.2024 na folkl\u00f3rnom podujat\u00ed v Tarcali \u010dakal na s\u00fabor <strong>B\u00fazakal\u00e1sz,<\/strong> ktor\u00fd reprezentoval Moldavu a Budulov spolu s riadite\u013ekou Mestsk\u00e9ho kult\u00farneho strediska <strong>Adrianou Szil\u00e1gyiovou<\/strong> a poslancom mestsk\u00e9ho zastupite\u013estva <strong>Vojtechom Bodn\u00e1rom.<\/strong> V n\u00e1dhernom prostred\u00ed \u201e<strong>6 Puttonyos Borfalu<\/strong>\u201c ich priv\u00edtali riadite\u013eka miestneho kult\u00farneho strediska <strong>M\u00e1ria Ujv\u00e1ri<\/strong> a starosta Tarcalu<strong> L\u00e1szl\u00f3 Butta<\/strong>. O\u017eivenie trad\u00edci\u00ed, priate\u013esk\u00e9 rozhovory sprev\u00e1dzali cel\u00e9 podujatie. <\/p>\n\n\n\n<p>Budovanie partnerstva s partnerskou obcou Tarcal v Bor\u0161odsko-abovsko-zempl\u00ednskej \u017eupe na kult\u00farnej \u00farovni m\u00e1 svoje opodstatnenie vo v\u00fdmene sk\u00fasenost\u00ed a vz\u00e1jomnej in\u0161pir\u00e1cii. Okrem toho niet nad skuto\u010dn\u00e9 priate\u013estv\u00e1 medzi obyvate\u013emi, ktor\u00e9 n\u00e1s pos\u00favaj\u00fa vpred. Jeden de\u0148, mili\u00f3n z\u00e1\u017eitkov v Tarcali. Doniesli sme si so sebou kr\u00e1sne spomienky. \u010eakujeme ve\u013emi pekne a radi v\u00e1s priv\u00edtame v na\u0161om meste na na\u0161ich podujatiach.&nbsp;<\/p>\n\n\n\n<p>TARCAL SZIV\u00c9LYESEN \u00dcDV\u00d6Z\u00d6LTE A SZEPSIEKET A HAGYOM\u00c1NYOS \u00dcNNEPS\u00c9GEN \u00c9lm\u00e9nyekkel \u00e9s pozit\u00edv \u00e9rzelmekkel teli nap v\u00e1rta a bodoll\u00f3i B\u00fazakal\u00e1sz hagyom\u00e1ny\u0151rz\u0151 n\u0151i \u00e9nekl\u0151csoportot, Szil\u00e1gyi Adrian\u00e1t a Szepsi V\u00e1rosi M\u0171vel\u0151d\u00e9si K\u00f6zpont igazgat\u00f3j\u00e1t \u00e9s Bodn\u00e1r B\u00e9l\u00e1t, v\u00e1rosi k\u00e9pvisel\u0151t akik egy\u00fctt k\u00e9pviselt\u00e9k Szepsit a 2024. m\u00e1jus 10-i tarcali folkl\u00f3rrendezv\u00e9nyen. A &#8222;6 Puttonyos Borfalu&#8220; gy\u00f6ny\u00f6r\u0171 k\u00f6rnyezet\u00e9ben fogadta \u0151ket Ujv\u00e1ri M\u00e1ria Marika \u00dajv\u00e1ri, a helyi kultur\u00e1lis k\u00f6zpont igazgat\u00f3ja \u00e9s Butta L\u00e1szl\u00f3, Tarcal polg\u00e1rmestere. Hagyom\u00e1nyok feleleven\u00edt\u00e9se, bar\u00e1ti besz\u00e9lget\u00e9sek k\u00eds\u00e9rt\u00e9k az eg\u00e9sz rendezv\u00e9nyt. <\/p>\n\n\n\n<p>A partners\u00e9g \u00e1pol\u00e1s\u00e1nak a Borsod-Aba\u00faj-Zempl\u00e9n megyei Tarcal partnertelep\u00fcl\u00e9ssel kultur\u00e1lis szinten a tapasztalatcser\u00e9ben \u00e9s a k\u00f6lcs\u00f6n\u00f6s inspir\u00e1ci\u00f3ban van megval\u00f3s\u00edtva. Emellett semmi sem jelent t\u00f6bbet, mint a lakosok k\u00f6z\u00f6tti val\u00f3di bar\u00e1ts\u00e1gok. Egy nap, milli\u00f3nyi \u00e9lm\u00e9ny Tarcalban. Sz\u00e9p eml\u00e9keket hoztunk magunkkal. K\u00f6sz\u00f6nj\u00fck sz\u00e9pen, \u00e9s \u00f6r\u00f6mmel v\u00e1rjuk \u00d6n\u00f6ket v\u00e1rosunkban rendezv\u00e9nyeinkre.<\/p>\n\n\n\n<figure class=\"wp-block-gallery has-nested-images columns-default wp-block-gallery-1 is-layout-flex wp-block-gallery-is-layout-flex\">\n<figure class=\"wp-block-image size-large\"><a href=\"https:\/\/kulturamoldava.sk\/wp-content\/uploads\/2024\/08\/image00022-1-scaled.jpeg\"><img loading=\"lazy\" decoding=\"async\" width=\"1024\" height=\"768\" data-id=\"31624\" src=\"https:\/\/kulturamoldava.sk\/wp-content\/uploads\/2024\/08\/image00022-1-1024x768.jpeg\" alt=\"\" class=\"wp-image-31624\" srcset=\"https:\/\/kulturamoldava.sk\/wp-content\/uploads\/2024\/08\/image00022-1-1024x768.jpeg 1024w, https:\/\/kulturamoldava.sk\/wp-content\/uploads\/2024\/08\/image00022-1-300x225.jpeg 300w, https:\/\/kulturamoldava.sk\/wp-content\/uploads\/2024\/08\/image00022-1-768x576.jpeg 768w, https:\/\/kulturamoldava.sk\/wp-content\/uploads\/2024\/08\/image00022-1-1536x1152.jpeg 1536w, https:\/\/kulturamoldava.sk\/wp-content\/uploads\/2024\/08\/image00022-1-2048x1536.jpeg 2048w, https:\/\/kulturamoldava.sk\/wp-content\/uploads\/2024\/08\/image00022-1-16x12.jpeg 16w, https:\/\/kulturamoldava.sk\/wp-content\/uploads\/2024\/08\/image00022-1-580x435.jpeg 580w, https:\/\/kulturamoldava.sk\/wp-content\/uploads\/2024\/08\/image00022-1-860x645.jpeg 860w, https:\/\/kulturamoldava.sk\/wp-content\/uploads\/2024\/08\/image00022-1-1160x870.jpeg 1160w, https:\/\/kulturamoldava.sk\/wp-content\/uploads\/2024\/08\/image00022-1-1320x990.jpeg 1320w, https:\/\/kulturamoldava.sk\/wp-content\/uploads\/2024\/08\/image00022-1-600x450.jpeg 600w\" sizes=\"auto, (max-width: 1024px) 100vw, 1024px\" \/><\/a><\/figure>\n\n\n\n<figure class=\"wp-block-image size-large\"><a href=\"https:\/\/kulturamoldava.sk\/wp-content\/uploads\/2024\/08\/image00001-1-scaled.jpeg\"><img loading=\"lazy\" decoding=\"async\" width=\"768\" height=\"1024\" data-id=\"31637\" src=\"https:\/\/kulturamoldava.sk\/wp-content\/uploads\/2024\/08\/image00001-1-768x1024.jpeg\" alt=\"\" class=\"wp-image-31637\" srcset=\"https:\/\/kulturamoldava.sk\/wp-content\/uploads\/2024\/08\/image00001-1-768x1024.jpeg 768w, https:\/\/kulturamoldava.sk\/wp-content\/uploads\/2024\/08\/image00001-1-225x300.jpeg 225w, https:\/\/kulturamoldava.sk\/wp-content\/uploads\/2024\/08\/image00001-1-1152x1536.jpeg 1152w, https:\/\/kulturamoldava.sk\/wp-content\/uploads\/2024\/08\/image00001-1-1536x2048.jpeg 1536w, https:\/\/kulturamoldava.sk\/wp-content\/uploads\/2024\/08\/image00001-1-9x12.jpeg 9w, https:\/\/kulturamoldava.sk\/wp-content\/uploads\/2024\/08\/image00001-1-580x773.jpeg 580w, https:\/\/kulturamoldava.sk\/wp-content\/uploads\/2024\/08\/image00001-1-860x1147.jpeg 860w, https:\/\/kulturamoldava.sk\/wp-content\/uploads\/2024\/08\/image00001-1-1160x1547.jpeg 1160w, https:\/\/kulturamoldava.sk\/wp-content\/uploads\/2024\/08\/image00001-1-1320x1760.jpeg 1320w, https:\/\/kulturamoldava.sk\/wp-content\/uploads\/2024\/08\/image00001-1-600x800.jpeg 600w, https:\/\/kulturamoldava.sk\/wp-content\/uploads\/2024\/08\/image00001-1-scaled.jpeg 1920w\" sizes=\"auto, (max-width: 768px) 100vw, 768px\" \/><\/a><\/figure>\n\n\n\n<figure class=\"wp-block-image size-large\"><a href=\"https:\/\/kulturamoldava.sk\/wp-content\/uploads\/2024\/08\/image00002-2-scaled.jpeg\"><img loading=\"lazy\" decoding=\"async\" width=\"1024\" height=\"768\" data-id=\"31631\" src=\"https:\/\/kulturamoldava.sk\/wp-content\/uploads\/2024\/08\/image00002-2-1024x768.jpeg\" alt=\"\" class=\"wp-image-31631\" srcset=\"https:\/\/kulturamoldava.sk\/wp-content\/uploads\/2024\/08\/image00002-2-1024x768.jpeg 1024w, https:\/\/kulturamoldava.sk\/wp-content\/uploads\/2024\/08\/image00002-2-300x225.jpeg 300w, https:\/\/kulturamoldava.sk\/wp-content\/uploads\/2024\/08\/image00002-2-768x576.jpeg 768w, https:\/\/kulturamoldava.sk\/wp-content\/uploads\/2024\/08\/image00002-2-1536x1152.jpeg 1536w, https:\/\/kulturamoldava.sk\/wp-content\/uploads\/2024\/08\/image00002-2-2048x1536.jpeg 2048w, https:\/\/kulturamoldava.sk\/wp-content\/uploads\/2024\/08\/image00002-2-16x12.jpeg 16w, https:\/\/kulturamoldava.sk\/wp-content\/uploads\/2024\/08\/image00002-2-580x435.jpeg 580w, https:\/\/kulturamoldava.sk\/wp-content\/uploads\/2024\/08\/image00002-2-860x645.jpeg 860w, https:\/\/kulturamoldava.sk\/wp-content\/uploads\/2024\/08\/image00002-2-1160x870.jpeg 1160w, https:\/\/kulturamoldava.sk\/wp-content\/uploads\/2024\/08\/image00002-2-1320x990.jpeg 1320w, https:\/\/kulturamoldava.sk\/wp-content\/uploads\/2024\/08\/image00002-2-600x450.jpeg 600w\" sizes=\"auto, (max-width: 1024px) 100vw, 1024px\" \/><\/a><\/figure>\n\n\n\n<figure class=\"wp-block-image size-large\"><a href=\"https:\/\/kulturamoldava.sk\/wp-content\/uploads\/2024\/08\/image00004-2-scaled.jpeg\"><img loading=\"lazy\" decoding=\"async\" width=\"1024\" height=\"768\" data-id=\"31634\" src=\"https:\/\/kulturamoldava.sk\/wp-content\/uploads\/2024\/08\/image00004-2-1024x768.jpeg\" alt=\"\" class=\"wp-image-31634\" srcset=\"https:\/\/kulturamoldava.sk\/wp-content\/uploads\/2024\/08\/image00004-2-1024x768.jpeg 1024w, https:\/\/kulturamoldava.sk\/wp-content\/uploads\/2024\/08\/image00004-2-300x225.jpeg 300w, https:\/\/kulturamoldava.sk\/wp-content\/uploads\/2024\/08\/image00004-2-768x576.jpeg 768w, https:\/\/kulturamoldava.sk\/wp-content\/uploads\/2024\/08\/image00004-2-1536x1152.jpeg 1536w, https:\/\/kulturamoldava.sk\/wp-content\/uploads\/2024\/08\/image00004-2-2048x1536.jpeg 2048w, https:\/\/kulturamoldava.sk\/wp-content\/uploads\/2024\/08\/image00004-2-16x12.jpeg 16w, https:\/\/kulturamoldava.sk\/wp-content\/uploads\/2024\/08\/image00004-2-580x435.jpeg 580w, https:\/\/kulturamoldava.sk\/wp-content\/uploads\/2024\/08\/image00004-2-860x645.jpeg 860w, https:\/\/kulturamoldava.sk\/wp-content\/uploads\/2024\/08\/image00004-2-1160x870.jpeg 1160w, https:\/\/kulturamoldava.sk\/wp-content\/uploads\/2024\/08\/image00004-2-1320x990.jpeg 1320w, https:\/\/kulturamoldava.sk\/wp-content\/uploads\/2024\/08\/image00004-2-600x450.jpeg 600w\" sizes=\"auto, (max-width: 1024px) 100vw, 1024px\" \/><\/a><\/figure>\n\n\n\n<figure class=\"wp-block-image size-large\"><a href=\"https:\/\/kulturamoldava.sk\/wp-content\/uploads\/2024\/08\/image00006-2-scaled.jpeg\"><img loading=\"lazy\" decoding=\"async\" width=\"1024\" height=\"768\" data-id=\"31633\" src=\"https:\/\/kulturamoldava.sk\/wp-content\/uploads\/2024\/08\/image00006-2-1024x768.jpeg\" alt=\"\" class=\"wp-image-31633\" srcset=\"https:\/\/kulturamoldava.sk\/wp-content\/uploads\/2024\/08\/image00006-2-1024x768.jpeg 1024w, https:\/\/kulturamoldava.sk\/wp-content\/uploads\/2024\/08\/image00006-2-300x225.jpeg 300w, https:\/\/kulturamoldava.sk\/wp-content\/uploads\/2024\/08\/image00006-2-768x576.jpeg 768w, https:\/\/kulturamoldava.sk\/wp-content\/uploads\/2024\/08\/image00006-2-1536x1152.jpeg 1536w, https:\/\/kulturamoldava.sk\/wp-content\/uploads\/2024\/08\/image00006-2-2048x1536.jpeg 2048w, https:\/\/kulturamoldava.sk\/wp-content\/uploads\/2024\/08\/image00006-2-16x12.jpeg 16w, https:\/\/kulturamoldava.sk\/wp-content\/uploads\/2024\/08\/image00006-2-580x435.jpeg 580w, https:\/\/kulturamoldava.sk\/wp-content\/uploads\/2024\/08\/image00006-2-860x645.jpeg 860w, https:\/\/kulturamoldava.sk\/wp-content\/uploads\/2024\/08\/image00006-2-1160x870.jpeg 1160w, https:\/\/kulturamoldava.sk\/wp-content\/uploads\/2024\/08\/image00006-2-1320x990.jpeg 1320w, https:\/\/kulturamoldava.sk\/wp-content\/uploads\/2024\/08\/image00006-2-600x450.jpeg 600w\" sizes=\"auto, (max-width: 1024px) 100vw, 1024px\" \/><\/a><\/figure>\n\n\n\n<figure class=\"wp-block-image size-large\"><a href=\"https:\/\/kulturamoldava.sk\/wp-content\/uploads\/2024\/08\/image00009-2-scaled.jpeg\"><img loading=\"lazy\" decoding=\"async\" width=\"1024\" height=\"768\" data-id=\"31627\" src=\"https:\/\/kulturamoldava.sk\/wp-content\/uploads\/2024\/08\/image00009-2-1024x768.jpeg\" alt=\"\" class=\"wp-image-31627\" srcset=\"https:\/\/kulturamoldava.sk\/wp-content\/uploads\/2024\/08\/image00009-2-1024x768.jpeg 1024w, https:\/\/kulturamoldava.sk\/wp-content\/uploads\/2024\/08\/image00009-2-300x225.jpeg 300w, https:\/\/kulturamoldava.sk\/wp-content\/uploads\/2024\/08\/image00009-2-768x576.jpeg 768w, https:\/\/kulturamoldava.sk\/wp-content\/uploads\/2024\/08\/image00009-2-1536x1152.jpeg 1536w, https:\/\/kulturamoldava.sk\/wp-content\/uploads\/2024\/08\/image00009-2-2048x1536.jpeg 2048w, https:\/\/kulturamoldava.sk\/wp-content\/uploads\/2024\/08\/image00009-2-16x12.jpeg 16w, https:\/\/kulturamoldava.sk\/wp-content\/uploads\/2024\/08\/image00009-2-580x435.jpeg 580w, https:\/\/kulturamoldava.sk\/wp-content\/uploads\/2024\/08\/image00009-2-860x645.jpeg 860w, https:\/\/kulturamoldava.sk\/wp-content\/uploads\/2024\/08\/image00009-2-1160x870.jpeg 1160w, https:\/\/kulturamoldava.sk\/wp-content\/uploads\/2024\/08\/image00009-2-1320x990.jpeg 1320w, https:\/\/kulturamoldava.sk\/wp-content\/uploads\/2024\/08\/image00009-2-600x450.jpeg 600w\" sizes=\"auto, (max-width: 1024px) 100vw, 1024px\" \/><\/a><\/figure>\n\n\n\n<figure class=\"wp-block-image size-large\"><a href=\"https:\/\/kulturamoldava.sk\/wp-content\/uploads\/2024\/08\/image00010-2-scaled.jpeg\"><img loading=\"lazy\" decoding=\"async\" width=\"1024\" height=\"768\" data-id=\"31636\" src=\"https:\/\/kulturamoldava.sk\/wp-content\/uploads\/2024\/08\/image00010-2-1024x768.jpeg\" alt=\"\" class=\"wp-image-31636\" srcset=\"https:\/\/kulturamoldava.sk\/wp-content\/uploads\/2024\/08\/image00010-2-1024x768.jpeg 1024w, https:\/\/kulturamoldava.sk\/wp-content\/uploads\/2024\/08\/image00010-2-300x225.jpeg 300w, https:\/\/kulturamoldava.sk\/wp-content\/uploads\/2024\/08\/image00010-2-768x576.jpeg 768w, https:\/\/kulturamoldava.sk\/wp-content\/uploads\/2024\/08\/image00010-2-1536x1152.jpeg 1536w, https:\/\/kulturamoldava.sk\/wp-content\/uploads\/2024\/08\/image00010-2-2048x1536.jpeg 2048w, https:\/\/kulturamoldava.sk\/wp-content\/uploads\/2024\/08\/image00010-2-16x12.jpeg 16w, https:\/\/kulturamoldava.sk\/wp-content\/uploads\/2024\/08\/image00010-2-580x435.jpeg 580w, https:\/\/kulturamoldava.sk\/wp-content\/uploads\/2024\/08\/image00010-2-860x645.jpeg 860w, https:\/\/kulturamoldava.sk\/wp-content\/uploads\/2024\/08\/image00010-2-1160x870.jpeg 1160w, https:\/\/kulturamoldava.sk\/wp-content\/uploads\/2024\/08\/image00010-2-1320x990.jpeg 1320w, https:\/\/kulturamoldava.sk\/wp-content\/uploads\/2024\/08\/image00010-2-600x450.jpeg 600w\" sizes=\"auto, (max-width: 1024px) 100vw, 1024px\" \/><\/a><\/figure>\n\n\n\n<figure class=\"wp-block-image size-large\"><a href=\"https:\/\/kulturamoldava.sk\/wp-content\/uploads\/2024\/08\/image00012-1-scaled.jpeg\"><img loading=\"lazy\" decoding=\"async\" width=\"1024\" height=\"768\" data-id=\"31641\" src=\"https:\/\/kulturamoldava.sk\/wp-content\/uploads\/2024\/08\/image00012-1-1024x768.jpeg\" alt=\"\" class=\"wp-image-31641\" srcset=\"https:\/\/kulturamoldava.sk\/wp-content\/uploads\/2024\/08\/image00012-1-1024x768.jpeg 1024w, https:\/\/kulturamoldava.sk\/wp-content\/uploads\/2024\/08\/image00012-1-300x225.jpeg 300w, https:\/\/kulturamoldava.sk\/wp-content\/uploads\/2024\/08\/image00012-1-768x576.jpeg 768w, https:\/\/kulturamoldava.sk\/wp-content\/uploads\/2024\/08\/image00012-1-1536x1152.jpeg 1536w, https:\/\/kulturamoldava.sk\/wp-content\/uploads\/2024\/08\/image00012-1-2048x1536.jpeg 2048w, https:\/\/kulturamoldava.sk\/wp-content\/uploads\/2024\/08\/image00012-1-16x12.jpeg 16w, https:\/\/kulturamoldava.sk\/wp-content\/uploads\/2024\/08\/image00012-1-580x435.jpeg 580w, https:\/\/kulturamoldava.sk\/wp-content\/uploads\/2024\/08\/image00012-1-860x645.jpeg 860w, https:\/\/kulturamoldava.sk\/wp-content\/uploads\/2024\/08\/image00012-1-1160x870.jpeg 1160w, https:\/\/kulturamoldava.sk\/wp-content\/uploads\/2024\/08\/image00012-1-1320x990.jpeg 1320w, https:\/\/kulturamoldava.sk\/wp-content\/uploads\/2024\/08\/image00012-1-600x450.jpeg 600w\" sizes=\"auto, (max-width: 1024px) 100vw, 1024px\" \/><\/a><\/figure>\n\n\n\n<figure class=\"wp-block-image size-large\"><a href=\"https:\/\/kulturamoldava.sk\/wp-content\/uploads\/2024\/08\/image00013-1-scaled.jpeg\"><img loading=\"lazy\" decoding=\"async\" width=\"1024\" height=\"768\" data-id=\"31630\" src=\"https:\/\/kulturamoldava.sk\/wp-content\/uploads\/2024\/08\/image00013-1-1024x768.jpeg\" alt=\"\" class=\"wp-image-31630\" srcset=\"https:\/\/kulturamoldava.sk\/wp-content\/uploads\/2024\/08\/image00013-1-1024x768.jpeg 1024w, https:\/\/kulturamoldava.sk\/wp-content\/uploads\/2024\/08\/image00013-1-300x225.jpeg 300w, https:\/\/kulturamoldava.sk\/wp-content\/uploads\/2024\/08\/image00013-1-768x576.jpeg 768w, https:\/\/kulturamoldava.sk\/wp-content\/uploads\/2024\/08\/image00013-1-1536x1152.jpeg 1536w, https:\/\/kulturamoldava.sk\/wp-content\/uploads\/2024\/08\/image00013-1-2048x1536.jpeg 2048w, https:\/\/kulturamoldava.sk\/wp-content\/uploads\/2024\/08\/image00013-1-16x12.jpeg 16w, https:\/\/kulturamoldava.sk\/wp-content\/uploads\/2024\/08\/image00013-1-580x435.jpeg 580w, https:\/\/kulturamoldava.sk\/wp-content\/uploads\/2024\/08\/image00013-1-860x645.jpeg 860w, https:\/\/kulturamoldava.sk\/wp-content\/uploads\/2024\/08\/image00013-1-1160x870.jpeg 1160w, https:\/\/kulturamoldava.sk\/wp-content\/uploads\/2024\/08\/image00013-1-1320x990.jpeg 1320w, https:\/\/kulturamoldava.sk\/wp-content\/uploads\/2024\/08\/image00013-1-600x450.jpeg 600w\" sizes=\"auto, (max-width: 1024px) 100vw, 1024px\" \/><\/a><\/figure>\n\n\n\n<figure class=\"wp-block-image size-large\"><a href=\"https:\/\/kulturamoldava.sk\/wp-content\/uploads\/2024\/08\/image00014-1-scaled.jpeg\"><img loading=\"lazy\" decoding=\"async\" width=\"1024\" height=\"768\" data-id=\"31626\" src=\"https:\/\/kulturamoldava.sk\/wp-content\/uploads\/2024\/08\/image00014-1-1024x768.jpeg\" alt=\"\" class=\"wp-image-31626\" srcset=\"https:\/\/kulturamoldava.sk\/wp-content\/uploads\/2024\/08\/image00014-1-1024x768.jpeg 1024w, https:\/\/kulturamoldava.sk\/wp-content\/uploads\/2024\/08\/image00014-1-300x225.jpeg 300w, https:\/\/kulturamoldava.sk\/wp-content\/uploads\/2024\/08\/image00014-1-768x576.jpeg 768w, https:\/\/kulturamoldava.sk\/wp-content\/uploads\/2024\/08\/image00014-1-1536x1152.jpeg 1536w, https:\/\/kulturamoldava.sk\/wp-content\/uploads\/2024\/08\/image00014-1-2048x1536.jpeg 2048w, https:\/\/kulturamoldava.sk\/wp-content\/uploads\/2024\/08\/image00014-1-16x12.jpeg 16w, https:\/\/kulturamoldava.sk\/wp-content\/uploads\/2024\/08\/image00014-1-580x435.jpeg 580w, https:\/\/kulturamoldava.sk\/wp-content\/uploads\/2024\/08\/image00014-1-860x645.jpeg 860w, https:\/\/kulturamoldava.sk\/wp-content\/uploads\/2024\/08\/image00014-1-1160x870.jpeg 1160w, https:\/\/kulturamoldava.sk\/wp-content\/uploads\/2024\/08\/image00014-1-1320x990.jpeg 1320w, https:\/\/kulturamoldava.sk\/wp-content\/uploads\/2024\/08\/image00014-1-600x450.jpeg 600w\" sizes=\"auto, (max-width: 1024px) 100vw, 1024px\" \/><\/a><\/figure>\n\n\n\n<figure class=\"wp-block-image size-large\"><a href=\"https:\/\/kulturamoldava.sk\/wp-content\/uploads\/2024\/08\/image00016-1-scaled.jpeg\"><img loading=\"lazy\" decoding=\"async\" width=\"1024\" height=\"768\" data-id=\"31640\" src=\"https:\/\/kulturamoldava.sk\/wp-content\/uploads\/2024\/08\/image00016-1-1024x768.jpeg\" alt=\"\" class=\"wp-image-31640\" srcset=\"https:\/\/kulturamoldava.sk\/wp-content\/uploads\/2024\/08\/image00016-1-1024x768.jpeg 1024w, https:\/\/kulturamoldava.sk\/wp-content\/uploads\/2024\/08\/image00016-1-300x225.jpeg 300w, https:\/\/kulturamoldava.sk\/wp-content\/uploads\/2024\/08\/image00016-1-768x576.jpeg 768w, https:\/\/kulturamoldava.sk\/wp-content\/uploads\/2024\/08\/image00016-1-1536x1152.jpeg 1536w, https:\/\/kulturamoldava.sk\/wp-content\/uploads\/2024\/08\/image00016-1-2048x1536.jpeg 2048w, https:\/\/kulturamoldava.sk\/wp-content\/uploads\/2024\/08\/image00016-1-16x12.jpeg 16w, https:\/\/kulturamoldava.sk\/wp-content\/uploads\/2024\/08\/image00016-1-580x435.jpeg 580w, https:\/\/kulturamoldava.sk\/wp-content\/uploads\/2024\/08\/image00016-1-860x645.jpeg 860w, https:\/\/kulturamoldava.sk\/wp-content\/uploads\/2024\/08\/image00016-1-1160x870.jpeg 1160w, https:\/\/kulturamoldava.sk\/wp-content\/uploads\/2024\/08\/image00016-1-1320x990.jpeg 1320w, https:\/\/kulturamoldava.sk\/wp-content\/uploads\/2024\/08\/image00016-1-600x450.jpeg 600w\" sizes=\"auto, (max-width: 1024px) 100vw, 1024px\" \/><\/a><\/figure>\n\n\n\n<figure class=\"wp-block-image size-large\"><a href=\"https:\/\/kulturamoldava.sk\/wp-content\/uploads\/2024\/08\/image00017-1-scaled.jpeg\"><img loading=\"lazy\" decoding=\"async\" width=\"1024\" height=\"768\" data-id=\"31629\" src=\"https:\/\/kulturamoldava.sk\/wp-content\/uploads\/2024\/08\/image00017-1-1024x768.jpeg\" alt=\"\" class=\"wp-image-31629\" srcset=\"https:\/\/kulturamoldava.sk\/wp-content\/uploads\/2024\/08\/image00017-1-1024x768.jpeg 1024w, https:\/\/kulturamoldava.sk\/wp-content\/uploads\/2024\/08\/image00017-1-300x225.jpeg 300w, https:\/\/kulturamoldava.sk\/wp-content\/uploads\/2024\/08\/image00017-1-768x576.jpeg 768w, https:\/\/kulturamoldava.sk\/wp-content\/uploads\/2024\/08\/image00017-1-1536x1152.jpeg 1536w, https:\/\/kulturamoldava.sk\/wp-content\/uploads\/2024\/08\/image00017-1-2048x1536.jpeg 2048w, https:\/\/kulturamoldava.sk\/wp-content\/uploads\/2024\/08\/image00017-1-16x12.jpeg 16w, https:\/\/kulturamoldava.sk\/wp-content\/uploads\/2024\/08\/image00017-1-580x435.jpeg 580w, https:\/\/kulturamoldava.sk\/wp-content\/uploads\/2024\/08\/image00017-1-860x645.jpeg 860w, https:\/\/kulturamoldava.sk\/wp-content\/uploads\/2024\/08\/image00017-1-1160x870.jpeg 1160w, https:\/\/kulturamoldava.sk\/wp-content\/uploads\/2024\/08\/image00017-1-1320x990.jpeg 1320w, https:\/\/kulturamoldava.sk\/wp-content\/uploads\/2024\/08\/image00017-1-600x450.jpeg 600w\" sizes=\"auto, (max-width: 1024px) 100vw, 1024px\" \/><\/a><\/figure>\n\n\n\n<figure class=\"wp-block-image size-large\"><a href=\"https:\/\/kulturamoldava.sk\/wp-content\/uploads\/2024\/08\/image00018-1-scaled.jpeg\"><img loading=\"lazy\" decoding=\"async\" width=\"1024\" height=\"768\" data-id=\"31628\" src=\"https:\/\/kulturamoldava.sk\/wp-content\/uploads\/2024\/08\/image00018-1-1024x768.jpeg\" alt=\"\" class=\"wp-image-31628\" srcset=\"https:\/\/kulturamoldava.sk\/wp-content\/uploads\/2024\/08\/image00018-1-1024x768.jpeg 1024w, https:\/\/kulturamoldava.sk\/wp-content\/uploads\/2024\/08\/image00018-1-300x225.jpeg 300w, https:\/\/kulturamoldava.sk\/wp-content\/uploads\/2024\/08\/image00018-1-768x576.jpeg 768w, https:\/\/kulturamoldava.sk\/wp-content\/uploads\/2024\/08\/image00018-1-1536x1152.jpeg 1536w, https:\/\/kulturamoldava.sk\/wp-content\/uploads\/2024\/08\/image00018-1-2048x1536.jpeg 2048w, https:\/\/kulturamoldava.sk\/wp-content\/uploads\/2024\/08\/image00018-1-16x12.jpeg 16w, https:\/\/kulturamoldava.sk\/wp-content\/uploads\/2024\/08\/image00018-1-580x435.jpeg 580w, https:\/\/kulturamoldava.sk\/wp-content\/uploads\/2024\/08\/image00018-1-860x645.jpeg 860w, https:\/\/kulturamoldava.sk\/wp-content\/uploads\/2024\/08\/image00018-1-1160x870.jpeg 1160w, https:\/\/kulturamoldava.sk\/wp-content\/uploads\/2024\/08\/image00018-1-1320x990.jpeg 1320w, https:\/\/kulturamoldava.sk\/wp-content\/uploads\/2024\/08\/image00018-1-600x450.jpeg 600w\" sizes=\"auto, (max-width: 1024px) 100vw, 1024px\" \/><\/a><\/figure>\n\n\n\n<figure class=\"wp-block-image size-large\"><a href=\"https:\/\/kulturamoldava.sk\/wp-content\/uploads\/2024\/08\/image00019-1-scaled.jpeg\"><img loading=\"lazy\" decoding=\"async\" width=\"1024\" height=\"768\" data-id=\"31638\" src=\"https:\/\/kulturamoldava.sk\/wp-content\/uploads\/2024\/08\/image00019-1-1024x768.jpeg\" alt=\"\" class=\"wp-image-31638\" srcset=\"https:\/\/kulturamoldava.sk\/wp-content\/uploads\/2024\/08\/image00019-1-1024x768.jpeg 1024w, https:\/\/kulturamoldava.sk\/wp-content\/uploads\/2024\/08\/image00019-1-300x225.jpeg 300w, https:\/\/kulturamoldava.sk\/wp-content\/uploads\/2024\/08\/image00019-1-768x576.jpeg 768w, https:\/\/kulturamoldava.sk\/wp-content\/uploads\/2024\/08\/image00019-1-1536x1152.jpeg 1536w, https:\/\/kulturamoldava.sk\/wp-content\/uploads\/2024\/08\/image00019-1-2048x1536.jpeg 2048w, https:\/\/kulturamoldava.sk\/wp-content\/uploads\/2024\/08\/image00019-1-16x12.jpeg 16w, https:\/\/kulturamoldava.sk\/wp-content\/uploads\/2024\/08\/image00019-1-580x435.jpeg 580w, https:\/\/kulturamoldava.sk\/wp-content\/uploads\/2024\/08\/image00019-1-860x645.jpeg 860w, https:\/\/kulturamoldava.sk\/wp-content\/uploads\/2024\/08\/image00019-1-1160x870.jpeg 1160w, https:\/\/kulturamoldava.sk\/wp-content\/uploads\/2024\/08\/image00019-1-1320x990.jpeg 1320w, https:\/\/kulturamoldava.sk\/wp-content\/uploads\/2024\/08\/image00019-1-600x450.jpeg 600w\" sizes=\"auto, (max-width: 1024px) 100vw, 1024px\" \/><\/a><\/figure>\n\n\n\n<figure class=\"wp-block-image size-large\"><a href=\"https:\/\/kulturamoldava.sk\/wp-content\/uploads\/2024\/08\/image00026-1-scaled.jpeg\"><img loading=\"lazy\" decoding=\"async\" width=\"1024\" height=\"768\" data-id=\"31635\" src=\"https:\/\/kulturamoldava.sk\/wp-content\/uploads\/2024\/08\/image00026-1-1024x768.jpeg\" alt=\"\" class=\"wp-image-31635\" srcset=\"https:\/\/kulturamoldava.sk\/wp-content\/uploads\/2024\/08\/image00026-1-1024x768.jpeg 1024w, https:\/\/kulturamoldava.sk\/wp-content\/uploads\/2024\/08\/image00026-1-300x225.jpeg 300w, https:\/\/kulturamoldava.sk\/wp-content\/uploads\/2024\/08\/image00026-1-768x576.jpeg 768w, https:\/\/kulturamoldava.sk\/wp-content\/uploads\/2024\/08\/image00026-1-1536x1152.jpeg 1536w, https:\/\/kulturamoldava.sk\/wp-content\/uploads\/2024\/08\/image00026-1-2048x1536.jpeg 2048w, https:\/\/kulturamoldava.sk\/wp-content\/uploads\/2024\/08\/image00026-1-16x12.jpeg 16w, https:\/\/kulturamoldava.sk\/wp-content\/uploads\/2024\/08\/image00026-1-580x435.jpeg 580w, https:\/\/kulturamoldava.sk\/wp-content\/uploads\/2024\/08\/image00026-1-860x645.jpeg 860w, https:\/\/kulturamoldava.sk\/wp-content\/uploads\/2024\/08\/image00026-1-1160x870.jpeg 1160w, https:\/\/kulturamoldava.sk\/wp-content\/uploads\/2024\/08\/image00026-1-1320x990.jpeg 1320w, https:\/\/kulturamoldava.sk\/wp-content\/uploads\/2024\/08\/image00026-1-600x450.jpeg 600w\" sizes=\"auto, (max-width: 1024px) 100vw, 1024px\" \/><\/a><\/figure>\n\n\n\n<figure class=\"wp-block-image size-large\"><a href=\"https:\/\/kulturamoldava.sk\/wp-content\/uploads\/2024\/08\/image00027-1-scaled.jpeg\"><img loading=\"lazy\" decoding=\"async\" width=\"1024\" height=\"768\" data-id=\"31639\" src=\"https:\/\/kulturamoldava.sk\/wp-content\/uploads\/2024\/08\/image00027-1-1024x768.jpeg\" alt=\"\" class=\"wp-image-31639\" srcset=\"https:\/\/kulturamoldava.sk\/wp-content\/uploads\/2024\/08\/image00027-1-1024x768.jpeg 1024w, https:\/\/kulturamoldava.sk\/wp-content\/uploads\/2024\/08\/image00027-1-300x225.jpeg 300w, https:\/\/kulturamoldava.sk\/wp-content\/uploads\/2024\/08\/image00027-1-768x576.jpeg 768w, https:\/\/kulturamoldava.sk\/wp-content\/uploads\/2024\/08\/image00027-1-1536x1152.jpeg 1536w, https:\/\/kulturamoldava.sk\/wp-content\/uploads\/2024\/08\/image00027-1-2048x1536.jpeg 2048w, https:\/\/kulturamoldava.sk\/wp-content\/uploads\/2024\/08\/image00027-1-16x12.jpeg 16w, https:\/\/kulturamoldava.sk\/wp-content\/uploads\/2024\/08\/image00027-1-580x435.jpeg 580w, https:\/\/kulturamoldava.sk\/wp-content\/uploads\/2024\/08\/image00027-1-860x645.jpeg 860w, https:\/\/kulturamoldava.sk\/wp-content\/uploads\/2024\/08\/image00027-1-1160x870.jpeg 1160w, https:\/\/kulturamoldava.sk\/wp-content\/uploads\/2024\/08\/image00027-1-1320x990.jpeg 1320w, https:\/\/kulturamoldava.sk\/wp-content\/uploads\/2024\/08\/image00027-1-600x450.jpeg 600w\" sizes=\"auto, (max-width: 1024px) 100vw, 1024px\" \/><\/a><\/figure>\n<\/figure>","protected":false},"excerpt":{"rendered":"<p>De\u0148 pln\u00fd z\u00e1\u017eitkov a pozit\u00edvnych em\u00f3ci\u00ed d\u0148a 10.5.2024 na folkl\u00f3rnom podujat\u00ed v Tarcali \u010dakal na s\u00fabor B\u00fazakal\u00e1sz, ktor\u00fd reprezentoval Moldavu a Budulov spolu s riadite\u013ekou Mestsk\u00e9ho kult\u00farneho strediska Adrianou Szil\u00e1gyiovou a poslancom mestsk\u00e9ho zastupite\u013estva Vojtechom Bodn\u00e1rom. V n\u00e1dhernom prostred\u00ed \u201e6 Puttonyos Borfalu\u201c ich priv\u00edtali riadite\u013eka miestneho kult\u00farneho strediska M\u00e1ria Ujv\u00e1ri a starosta Tarcalu L\u00e1szl\u00f3 Butta&#8230;.<\/p>","protected":false},"author":1,"featured_media":31642,"comment_status":"closed","ping_status":"closed","sticky":false,"template":"","format":"standard","meta":{"ngg_post_thumbnail":0,"footnotes":""},"categories":[1],"tags":[],"class_list":["post-31623","post","type-post","status-publish","format-standard","has-post-thumbnail","hentry","category-nezaradene"],"yoast_head":"<!-- This site is optimized with the Yoast SEO plugin v28.3 - https:\/\/yoast.com\/product\/yoast-seo-wordpress\/ -->\n<title>TARCAL VR\u00daCNE PRIV\u00cdTAL MOLDAV\u010cANOV NA TRADI\u010cNOM FOLKL\u00d3RNOM PODUJAT\u00cd 10.5.2024 - Mestsk\u00e9 kult\u00farne stredisko Moldava nad Bodvou<\/title>\n<meta name=\"robots\" content=\"index, follow, max-snippet:-1, max-image-preview:large, max-video-preview:-1\" \/>\n<link rel=\"canonical\" href=\"https:\/\/kulturamoldava.sk\/hu\/tarcal-vrucne-privital-moldavcanov-na-tradicnom-folklornom-podujati-10-5-2024\/\" \/>\n<meta property=\"og:locale\" content=\"hu_HU\" \/>\n<meta property=\"og:type\" content=\"article\" \/>\n<meta property=\"og:title\" content=\"TARCAL VR\u00daCNE PRIV\u00cdTAL MOLDAV\u010cANOV NA TRADI\u010cNOM FOLKL\u00d3RNOM PODUJAT\u00cd 10.5.2024 - Mestsk\u00e9 kult\u00farne stredisko Moldava nad Bodvou\" \/>\n<meta property=\"og:description\" content=\"De\u0148 pln\u00fd z\u00e1\u017eitkov a pozit\u00edvnych em\u00f3ci\u00ed d\u0148a 10.5.2024 na folkl\u00f3rnom podujat\u00ed v Tarcali \u010dakal na s\u00fabor B\u00fazakal\u00e1sz, ktor\u00fd reprezentoval Moldavu a Budulov spolu s riadite\u013ekou Mestsk\u00e9ho kult\u00farneho strediska Adrianou Szil\u00e1gyiovou a poslancom mestsk\u00e9ho zastupite\u013estva Vojtechom Bodn\u00e1rom. V n\u00e1dhernom prostred\u00ed \u201e6 Puttonyos Borfalu\u201c ich priv\u00edtali riadite\u013eka miestneho kult\u00farneho strediska M\u00e1ria Ujv\u00e1ri a starosta Tarcalu L\u00e1szl\u00f3 Butta....\" \/>\n<meta property=\"og:url\" content=\"https:\/\/kulturamoldava.sk\/hu\/tarcal-vrucne-privital-moldavcanov-na-tradicnom-folklornom-podujati-10-5-2024\/\" \/>\n<meta property=\"og:site_name\" content=\"Mestsk\u00e9 kult\u00farne stredisko Moldava nad Bodvou\" \/>\n<meta property=\"article:published_time\" content=\"2024-05-10T20:19:00+00:00\" \/>\n<meta property=\"article:modified_time\" content=\"2024-08-20T10:40:31+00:00\" \/>\n<meta property=\"og:image\" content=\"https:\/\/kulturamoldava.sk\/wp-content\/uploads\/2024\/08\/image00022-2-scaled.jpeg\" \/>\n\t<meta property=\"og:image:width\" content=\"2560\" \/>\n\t<meta property=\"og:image:height\" content=\"1920\" \/>\n\t<meta property=\"og:image:type\" content=\"image\/jpeg\" \/>\n<meta name=\"author\" content=\"kulturamoldava\" \/>\n<meta name=\"twitter:card\" content=\"summary_large_image\" \/>\n<meta name=\"twitter:label1\" content=\"Szerz\u0151:\" \/>\n\t<meta name=\"twitter:data1\" content=\"kulturamoldava\" \/>\n\t<meta name=\"twitter:label2\" content=\"Becs\u00fclt olvas\u00e1si id\u0151\" \/>\n\t<meta name=\"twitter:data2\" content=\"5 perc\" \/>\n<script type=\"application\/ld+json\" class=\"yoast-schema-graph\">{\"@context\":\"https:\\\/\\\/schema.org\",\"@graph\":[{\"@type\":\"Article\",\"@id\":\"https:\\\/\\\/kulturamoldava.sk\\\/tarcal-vrucne-privital-moldavcanov-na-tradicnom-folklornom-podujati-10-5-2024\\\/#article\",\"isPartOf\":{\"@id\":\"https:\\\/\\\/kulturamoldava.sk\\\/tarcal-vrucne-privital-moldavcanov-na-tradicnom-folklornom-podujati-10-5-2024\\\/\"},\"author\":{\"name\":\"kulturamoldava\",\"@id\":\"https:\\\/\\\/kulturamoldava.sk\\\/#\\\/schema\\\/person\\\/8eef072de6f42a5fd024b6987a0745d6\"},\"headline\":\"TARCAL VR\u00daCNE PRIV\u00cdTAL MOLDAV\u010cANOV NA TRADI\u010cNOM FOLKL\u00d3RNOM PODUJAT\u00cd 10.5.2024\",\"datePublished\":\"2024-05-10T20:19:00+00:00\",\"dateModified\":\"2024-08-20T10:40:31+00:00\",\"mainEntityOfPage\":{\"@id\":\"https:\\\/\\\/kulturamoldava.sk\\\/tarcal-vrucne-privital-moldavcanov-na-tradicnom-folklornom-podujati-10-5-2024\\\/\"},\"wordCount\":392,\"image\":{\"@id\":\"https:\\\/\\\/kulturamoldava.sk\\\/tarcal-vrucne-privital-moldavcanov-na-tradicnom-folklornom-podujati-10-5-2024\\\/#primaryimage\"},\"thumbnailUrl\":\"https:\\\/\\\/kulturamoldava.sk\\\/wp-content\\\/uploads\\\/2024\\\/08\\\/image00022-2-scaled.jpeg\",\"articleSection\":[\"Nezaraden\u00e9\"],\"inLanguage\":\"hu\"},{\"@type\":\"WebPage\",\"@id\":\"https:\\\/\\\/kulturamoldava.sk\\\/tarcal-vrucne-privital-moldavcanov-na-tradicnom-folklornom-podujati-10-5-2024\\\/\",\"url\":\"https:\\\/\\\/kulturamoldava.sk\\\/tarcal-vrucne-privital-moldavcanov-na-tradicnom-folklornom-podujati-10-5-2024\\\/\",\"name\":\"TARCAL VR\u00daCNE PRIV\u00cdTAL MOLDAV\u010cANOV NA TRADI\u010cNOM FOLKL\u00d3RNOM PODUJAT\u00cd 10.5.2024 - Mestsk\u00e9 kult\u00farne stredisko Moldava nad Bodvou\",\"isPartOf\":{\"@id\":\"https:\\\/\\\/kulturamoldava.sk\\\/#website\"},\"primaryImageOfPage\":{\"@id\":\"https:\\\/\\\/kulturamoldava.sk\\\/tarcal-vrucne-privital-moldavcanov-na-tradicnom-folklornom-podujati-10-5-2024\\\/#primaryimage\"},\"image\":{\"@id\":\"https:\\\/\\\/kulturamoldava.sk\\\/tarcal-vrucne-privital-moldavcanov-na-tradicnom-folklornom-podujati-10-5-2024\\\/#primaryimage\"},\"thumbnailUrl\":\"https:\\\/\\\/kulturamoldava.sk\\\/wp-content\\\/uploads\\\/2024\\\/08\\\/image00022-2-scaled.jpeg\",\"datePublished\":\"2024-05-10T20:19:00+00:00\",\"dateModified\":\"2024-08-20T10:40:31+00:00\",\"author\":{\"@id\":\"https:\\\/\\\/kulturamoldava.sk\\\/#\\\/schema\\\/person\\\/8eef072de6f42a5fd024b6987a0745d6\"},\"breadcrumb\":{\"@id\":\"https:\\\/\\\/kulturamoldava.sk\\\/tarcal-vrucne-privital-moldavcanov-na-tradicnom-folklornom-podujati-10-5-2024\\\/#breadcrumb\"},\"inLanguage\":\"hu\",\"potentialAction\":[{\"@type\":\"ReadAction\",\"target\":[\"https:\\\/\\\/kulturamoldava.sk\\\/tarcal-vrucne-privital-moldavcanov-na-tradicnom-folklornom-podujati-10-5-2024\\\/\"]}]},{\"@type\":\"ImageObject\",\"inLanguage\":\"hu\",\"@id\":\"https:\\\/\\\/kulturamoldava.sk\\\/tarcal-vrucne-privital-moldavcanov-na-tradicnom-folklornom-podujati-10-5-2024\\\/#primaryimage\",\"url\":\"https:\\\/\\\/kulturamoldava.sk\\\/wp-content\\\/uploads\\\/2024\\\/08\\\/image00022-2-scaled.jpeg\",\"contentUrl\":\"https:\\\/\\\/kulturamoldava.sk\\\/wp-content\\\/uploads\\\/2024\\\/08\\\/image00022-2-scaled.jpeg\",\"width\":2560,\"height\":1920},{\"@type\":\"BreadcrumbList\",\"@id\":\"https:\\\/\\\/kulturamoldava.sk\\\/tarcal-vrucne-privital-moldavcanov-na-tradicnom-folklornom-podujati-10-5-2024\\\/#breadcrumb\",\"itemListElement\":[{\"@type\":\"ListItem\",\"position\":1,\"name\":\"Home\",\"item\":\"https:\\\/\\\/kulturamoldava.sk\\\/\"},{\"@type\":\"ListItem\",\"position\":2,\"name\":\"TARCAL VR\u00daCNE PRIV\u00cdTAL MOLDAV\u010cANOV NA TRADI\u010cNOM FOLKL\u00d3RNOM PODUJAT\u00cd 10.5.2024\"}]},{\"@type\":\"WebSite\",\"@id\":\"https:\\\/\\\/kulturamoldava.sk\\\/#website\",\"url\":\"https:\\\/\\\/kulturamoldava.sk\\\/\",\"name\":\"Mestsk\u00e9 kult\u00farne stredisko Moldava nad Bodvou\",\"description\":\"\",\"potentialAction\":[{\"@type\":\"SearchAction\",\"target\":{\"@type\":\"EntryPoint\",\"urlTemplate\":\"https:\\\/\\\/kulturamoldava.sk\\\/?s={search_term_string}\"},\"query-input\":{\"@type\":\"PropertyValueSpecification\",\"valueRequired\":true,\"valueName\":\"search_term_string\"}}],\"inLanguage\":\"hu\"},{\"@type\":\"Person\",\"@id\":\"https:\\\/\\\/kulturamoldava.sk\\\/#\\\/schema\\\/person\\\/8eef072de6f42a5fd024b6987a0745d6\",\"name\":\"kulturamoldava\",\"image\":{\"@type\":\"ImageObject\",\"inLanguage\":\"hu\",\"@id\":\"https:\\\/\\\/secure.gravatar.com\\\/avatar\\\/d6f6bf4cc0de0867347e805c1ac591b2391954abfd993ed9c457f5564a7576ca?s=96&d=mm&r=g\",\"url\":\"https:\\\/\\\/secure.gravatar.com\\\/avatar\\\/d6f6bf4cc0de0867347e805c1ac591b2391954abfd993ed9c457f5564a7576ca?s=96&d=mm&r=g\",\"contentUrl\":\"https:\\\/\\\/secure.gravatar.com\\\/avatar\\\/d6f6bf4cc0de0867347e805c1ac591b2391954abfd993ed9c457f5564a7576ca?s=96&d=mm&r=g\",\"caption\":\"kulturamoldava\"},\"url\":\"https:\\\/\\\/kulturamoldava.sk\\\/hu\\\/author\\\/kulturamoldava\\\/\"}]}<\/script>\n<!-- \/ Yoast SEO plugin. -->","yoast_head_json":{"title":"TARCAL VR\u00daCNE PRIV\u00cdTAL MOLDAV\u010cANOV NA TRADI\u010cNOM FOLKL\u00d3RNOM PODUJAT\u00cd 10.5.2024 - Mestsk\u00e9 kult\u00farne stredisko Moldava nad Bodvou","robots":{"index":"index","follow":"follow","max-snippet":"max-snippet:-1","max-image-preview":"max-image-preview:large","max-video-preview":"max-video-preview:-1"},"canonical":"https:\/\/kulturamoldava.sk\/hu\/tarcal-vrucne-privital-moldavcanov-na-tradicnom-folklornom-podujati-10-5-2024\/","og_locale":"hu_HU","og_type":"article","og_title":"TARCAL VR\u00daCNE PRIV\u00cdTAL MOLDAV\u010cANOV NA TRADI\u010cNOM FOLKL\u00d3RNOM PODUJAT\u00cd 10.5.2024 - Mestsk\u00e9 kult\u00farne stredisko Moldava nad Bodvou","og_description":"De\u0148 pln\u00fd z\u00e1\u017eitkov a pozit\u00edvnych em\u00f3ci\u00ed d\u0148a 10.5.2024 na folkl\u00f3rnom podujat\u00ed v Tarcali \u010dakal na s\u00fabor B\u00fazakal\u00e1sz, ktor\u00fd reprezentoval Moldavu a Budulov spolu s riadite\u013ekou Mestsk\u00e9ho kult\u00farneho strediska Adrianou Szil\u00e1gyiovou a poslancom mestsk\u00e9ho zastupite\u013estva Vojtechom Bodn\u00e1rom. V n\u00e1dhernom prostred\u00ed \u201e6 Puttonyos Borfalu\u201c ich priv\u00edtali riadite\u013eka miestneho kult\u00farneho strediska M\u00e1ria Ujv\u00e1ri a starosta Tarcalu L\u00e1szl\u00f3 Butta....","og_url":"https:\/\/kulturamoldava.sk\/hu\/tarcal-vrucne-privital-moldavcanov-na-tradicnom-folklornom-podujati-10-5-2024\/","og_site_name":"Mestsk\u00e9 kult\u00farne stredisko Moldava nad Bodvou","article_published_time":"2024-05-10T20:19:00+00:00","article_modified_time":"2024-08-20T10:40:31+00:00","og_image":[{"width":2560,"height":1920,"url":"https:\/\/kulturamoldava.sk\/wp-content\/uploads\/2024\/08\/image00022-2-scaled.jpeg","type":"image\/jpeg"}],"author":"kulturamoldava","twitter_card":"summary_large_image","twitter_misc":{"Szerz\u0151:":"kulturamoldava","Becs\u00fclt olvas\u00e1si id\u0151":"5 perc"},"schema":{"@context":"https:\/\/schema.org","@graph":[{"@type":"Article","@id":"https:\/\/kulturamoldava.sk\/tarcal-vrucne-privital-moldavcanov-na-tradicnom-folklornom-podujati-10-5-2024\/#article","isPartOf":{"@id":"https:\/\/kulturamoldava.sk\/tarcal-vrucne-privital-moldavcanov-na-tradicnom-folklornom-podujati-10-5-2024\/"},"author":{"name":"kulturamoldava","@id":"https:\/\/kulturamoldava.sk\/#\/schema\/person\/8eef072de6f42a5fd024b6987a0745d6"},"headline":"TARCAL VR\u00daCNE PRIV\u00cdTAL MOLDAV\u010cANOV NA TRADI\u010cNOM FOLKL\u00d3RNOM PODUJAT\u00cd 10.5.2024","datePublished":"2024-05-10T20:19:00+00:00","dateModified":"2024-08-20T10:40:31+00:00","mainEntityOfPage":{"@id":"https:\/\/kulturamoldava.sk\/tarcal-vrucne-privital-moldavcanov-na-tradicnom-folklornom-podujati-10-5-2024\/"},"wordCount":392,"image":{"@id":"https:\/\/kulturamoldava.sk\/tarcal-vrucne-privital-moldavcanov-na-tradicnom-folklornom-podujati-10-5-2024\/#primaryimage"},"thumbnailUrl":"https:\/\/kulturamoldava.sk\/wp-content\/uploads\/2024\/08\/image00022-2-scaled.jpeg","articleSection":["Nezaraden\u00e9"],"inLanguage":"hu"},{"@type":"WebPage","@id":"https:\/\/kulturamoldava.sk\/tarcal-vrucne-privital-moldavcanov-na-tradicnom-folklornom-podujati-10-5-2024\/","url":"https:\/\/kulturamoldava.sk\/tarcal-vrucne-privital-moldavcanov-na-tradicnom-folklornom-podujati-10-5-2024\/","name":"TARCAL VR\u00daCNE PRIV\u00cdTAL MOLDAV\u010cANOV NA TRADI\u010cNOM FOLKL\u00d3RNOM PODUJAT\u00cd 10.5.2024 - Mestsk\u00e9 kult\u00farne stredisko Moldava nad Bodvou","isPartOf":{"@id":"https:\/\/kulturamoldava.sk\/#website"},"primaryImageOfPage":{"@id":"https:\/\/kulturamoldava.sk\/tarcal-vrucne-privital-moldavcanov-na-tradicnom-folklornom-podujati-10-5-2024\/#primaryimage"},"image":{"@id":"https:\/\/kulturamoldava.sk\/tarcal-vrucne-privital-moldavcanov-na-tradicnom-folklornom-podujati-10-5-2024\/#primaryimage"},"thumbnailUrl":"https:\/\/kulturamoldava.sk\/wp-content\/uploads\/2024\/08\/image00022-2-scaled.jpeg","datePublished":"2024-05-10T20:19:00+00:00","dateModified":"2024-08-20T10:40:31+00:00","author":{"@id":"https:\/\/kulturamoldava.sk\/#\/schema\/person\/8eef072de6f42a5fd024b6987a0745d6"},"breadcrumb":{"@id":"https:\/\/kulturamoldava.sk\/tarcal-vrucne-privital-moldavcanov-na-tradicnom-folklornom-podujati-10-5-2024\/#breadcrumb"},"inLanguage":"hu","potentialAction":[{"@type":"ReadAction","target":["https:\/\/kulturamoldava.sk\/tarcal-vrucne-privital-moldavcanov-na-tradicnom-folklornom-podujati-10-5-2024\/"]}]},{"@type":"ImageObject","inLanguage":"hu","@id":"https:\/\/kulturamoldava.sk\/tarcal-vrucne-privital-moldavcanov-na-tradicnom-folklornom-podujati-10-5-2024\/#primaryimage","url":"https:\/\/kulturamoldava.sk\/wp-content\/uploads\/2024\/08\/image00022-2-scaled.jpeg","contentUrl":"https:\/\/kulturamoldava.sk\/wp-content\/uploads\/2024\/08\/image00022-2-scaled.jpeg","width":2560,"height":1920},{"@type":"BreadcrumbList","@id":"https:\/\/kulturamoldava.sk\/tarcal-vrucne-privital-moldavcanov-na-tradicnom-folklornom-podujati-10-5-2024\/#breadcrumb","itemListElement":[{"@type":"ListItem","position":1,"name":"Home","item":"https:\/\/kulturamoldava.sk\/"},{"@type":"ListItem","position":2,"name":"TARCAL VR\u00daCNE PRIV\u00cdTAL MOLDAV\u010cANOV NA TRADI\u010cNOM FOLKL\u00d3RNOM PODUJAT\u00cd 10.5.2024"}]},{"@type":"WebSite","@id":"https:\/\/kulturamoldava.sk\/#website","url":"https:\/\/kulturamoldava.sk\/","name":"Szepsi V\u00e1rosi M\u0171vel\u0151d\u00e9si K\u00f6zpont","description":"","potentialAction":[{"@type":"SearchAction","target":{"@type":"EntryPoint","urlTemplate":"https:\/\/kulturamoldava.sk\/?s={search_term_string}"},"query-input":{"@type":"PropertyValueSpecification","valueRequired":true,"valueName":"search_term_string"}}],"inLanguage":"hu"},{"@type":"Person","@id":"https:\/\/kulturamoldava.sk\/#\/schema\/person\/8eef072de6f42a5fd024b6987a0745d6","name":"kulturamoldava","image":{"@type":"ImageObject","inLanguage":"hu","@id":"https:\/\/secure.gravatar.com\/avatar\/d6f6bf4cc0de0867347e805c1ac591b2391954abfd993ed9c457f5564a7576ca?s=96&d=mm&r=g","url":"https:\/\/secure.gravatar.com\/avatar\/d6f6bf4cc0de0867347e805c1ac591b2391954abfd993ed9c457f5564a7576ca?s=96&d=mm&r=g","contentUrl":"https:\/\/secure.gravatar.com\/avatar\/d6f6bf4cc0de0867347e805c1ac591b2391954abfd993ed9c457f5564a7576ca?s=96&d=mm&r=g","caption":"kulturamoldava"},"url":"https:\/\/kulturamoldava.sk\/hu\/author\/kulturamoldava\/"}]}},"_links":{"self":[{"href":"https:\/\/kulturamoldava.sk\/hu\/wp-json\/wp\/v2\/posts\/31623","targetHints":{"allow":["GET"]}}],"collection":[{"href":"https:\/\/kulturamoldava.sk\/hu\/wp-json\/wp\/v2\/posts"}],"about":[{"href":"https:\/\/kulturamoldava.sk\/hu\/wp-json\/wp\/v2\/types\/post"}],"author":[{"embeddable":true,"href":"https:\/\/kulturamoldava.sk\/hu\/wp-json\/wp\/v2\/users\/1"}],"replies":[{"embeddable":true,"href":"https:\/\/kulturamoldava.sk\/hu\/wp-json\/wp\/v2\/comments?post=31623"}],"version-history":[{"count":3,"href":"https:\/\/kulturamoldava.sk\/hu\/wp-json\/wp\/v2\/posts\/31623\/revisions"}],"predecessor-version":[{"id":31646,"href":"https:\/\/kulturamoldava.sk\/hu\/wp-json\/wp\/v2\/posts\/31623\/revisions\/31646"}],"wp:featuredmedia":[{"embeddable":true,"href":"https:\/\/kulturamoldava.sk\/hu\/wp-json\/wp\/v2\/media\/31642"}],"wp:attachment":[{"href":"https:\/\/kulturamoldava.sk\/hu\/wp-json\/wp\/v2\/media?parent=31623"}],"wp:term":[{"taxonomy":"category","embeddable":true,"href":"https:\/\/kulturamoldava.sk\/hu\/wp-json\/wp\/v2\/categories?post=31623"},{"taxonomy":"post_tag","embeddable":true,"href":"https:\/\/kulturamoldava.sk\/hu\/wp-json\/wp\/v2\/tags?post=31623"}],"curies":[{"name":"wp","href":"https:\/\/api.w.org\/{rel}","templated":true}]}}