{"id":31369,"date":"2024-08-17T23:44:00","date_gmt":"2024-08-17T21:44:00","guid":{"rendered":"https:\/\/kulturamoldava.sk\/?p=31369"},"modified":"2024-08-20T10:22:29","modified_gmt":"2024-08-20T08:22:29","slug":"film-nikdy-nehovor-nikdy-zaujal-moldavskych-divakov","status":"publish","type":"post","link":"https:\/\/kulturamoldava.sk\/hu\/film-nikdy-nehovor-nikdy-zaujal-moldavskych-divakov\/","title":{"rendered":"FILM NIKDY NEHOVOR NIKDY ZAUJAL MOLDAVSK\u00ddCH DIV\u00c1KOV 17.8.2024"},"content":{"rendered":"<p>T\u00falav\u00e9 kino zav\u00edtalo do n\u00e1\u0161ho mesta aj tento rok a pod hviezdami letnej oblohy n\u00e1m poskytlo kinematografick\u00fd z\u00e1\u017eitok s popcornom v ruk\u00e1ch. N\u00e1mestie \u013dudov\u00edta \u0160t\u00fara sa tak v tento ve\u010der stalo centrom z\u00e1bavy. V pohodl\u00ed kresiel a na dek\u00e1ch si div\u00e1ci u\u017eili rodinn\u00fa romantick\u00fa kom\u00e9diu so z\u00e1pletkou a \u0161\u0165astn\u00fdm koncom. Po skon\u010den\u00ed filmu odch\u00e1dzalo spokojn\u00e9 a vysmiate publikum. Sme radi, \u017ee sme v\u00e1m poskytli z\u00e1\u017eitok v podobe kina pod hviezdami letnej oblohy.<\/p>\n\n\n\n<figure class=\"wp-block-gallery has-nested-images columns-default is-cropped wp-block-gallery-1 is-layout-flex wp-block-gallery-is-layout-flex\">\n<figure class=\"wp-block-image size-large\"><a href=\"https:\/\/kulturamoldava.sk\/wp-content\/uploads\/2024\/08\/image00001-scaled.jpeg\"><img loading=\"lazy\" decoding=\"async\" width=\"1024\" height=\"768\" data-id=\"31370\" src=\"https:\/\/kulturamoldava.sk\/wp-content\/uploads\/2024\/08\/image00001-1024x768.jpeg\" alt=\"\" class=\"wp-image-31370\" srcset=\"https:\/\/kulturamoldava.sk\/wp-content\/uploads\/2024\/08\/image00001-1024x768.jpeg 1024w, https:\/\/kulturamoldava.sk\/wp-content\/uploads\/2024\/08\/image00001-300x225.jpeg 300w, https:\/\/kulturamoldava.sk\/wp-content\/uploads\/2024\/08\/image00001-768x576.jpeg 768w, https:\/\/kulturamoldava.sk\/wp-content\/uploads\/2024\/08\/image00001-1536x1152.jpeg 1536w, https:\/\/kulturamoldava.sk\/wp-content\/uploads\/2024\/08\/image00001-2048x1536.jpeg 2048w, https:\/\/kulturamoldava.sk\/wp-content\/uploads\/2024\/08\/image00001-16x12.jpeg 16w, https:\/\/kulturamoldava.sk\/wp-content\/uploads\/2024\/08\/image00001-580x435.jpeg 580w, https:\/\/kulturamoldava.sk\/wp-content\/uploads\/2024\/08\/image00001-860x645.jpeg 860w, https:\/\/kulturamoldava.sk\/wp-content\/uploads\/2024\/08\/image00001-1160x870.jpeg 1160w, https:\/\/kulturamoldava.sk\/wp-content\/uploads\/2024\/08\/image00001-1320x990.jpeg 1320w, https:\/\/kulturamoldava.sk\/wp-content\/uploads\/2024\/08\/image00001-600x450.jpeg 600w\" sizes=\"auto, (max-width: 1024px) 100vw, 1024px\" \/><\/a><\/figure>\n\n\n\n<figure class=\"wp-block-image size-large\"><a href=\"https:\/\/kulturamoldava.sk\/wp-content\/uploads\/2024\/08\/image00002-scaled.jpeg\"><img loading=\"lazy\" decoding=\"async\" width=\"1024\" height=\"768\" data-id=\"31373\" src=\"https:\/\/kulturamoldava.sk\/wp-content\/uploads\/2024\/08\/image00002-1024x768.jpeg\" alt=\"\" class=\"wp-image-31373\" srcset=\"https:\/\/kulturamoldava.sk\/wp-content\/uploads\/2024\/08\/image00002-1024x768.jpeg 1024w, https:\/\/kulturamoldava.sk\/wp-content\/uploads\/2024\/08\/image00002-300x225.jpeg 300w, https:\/\/kulturamoldava.sk\/wp-content\/uploads\/2024\/08\/image00002-768x576.jpeg 768w, https:\/\/kulturamoldava.sk\/wp-content\/uploads\/2024\/08\/image00002-1536x1152.jpeg 1536w, https:\/\/kulturamoldava.sk\/wp-content\/uploads\/2024\/08\/image00002-2048x1536.jpeg 2048w, https:\/\/kulturamoldava.sk\/wp-content\/uploads\/2024\/08\/image00002-16x12.jpeg 16w, https:\/\/kulturamoldava.sk\/wp-content\/uploads\/2024\/08\/image00002-580x435.jpeg 580w, https:\/\/kulturamoldava.sk\/wp-content\/uploads\/2024\/08\/image00002-860x645.jpeg 860w, https:\/\/kulturamoldava.sk\/wp-content\/uploads\/2024\/08\/image00002-1160x870.jpeg 1160w, https:\/\/kulturamoldava.sk\/wp-content\/uploads\/2024\/08\/image00002-1320x990.jpeg 1320w, https:\/\/kulturamoldava.sk\/wp-content\/uploads\/2024\/08\/image00002-600x450.jpeg 600w\" sizes=\"auto, (max-width: 1024px) 100vw, 1024px\" \/><\/a><\/figure>\n\n\n\n<figure class=\"wp-block-image size-large\"><a href=\"https:\/\/kulturamoldava.sk\/wp-content\/uploads\/2024\/08\/image00003-scaled.jpeg\"><img loading=\"lazy\" decoding=\"async\" width=\"1024\" height=\"768\" data-id=\"31379\" src=\"https:\/\/kulturamoldava.sk\/wp-content\/uploads\/2024\/08\/image00003-1024x768.jpeg\" alt=\"\" class=\"wp-image-31379\" srcset=\"https:\/\/kulturamoldava.sk\/wp-content\/uploads\/2024\/08\/image00003-1024x768.jpeg 1024w, https:\/\/kulturamoldava.sk\/wp-content\/uploads\/2024\/08\/image00003-300x225.jpeg 300w, https:\/\/kulturamoldava.sk\/wp-content\/uploads\/2024\/08\/image00003-768x576.jpeg 768w, https:\/\/kulturamoldava.sk\/wp-content\/uploads\/2024\/08\/image00003-1536x1152.jpeg 1536w, https:\/\/kulturamoldava.sk\/wp-content\/uploads\/2024\/08\/image00003-2048x1536.jpeg 2048w, https:\/\/kulturamoldava.sk\/wp-content\/uploads\/2024\/08\/image00003-16x12.jpeg 16w, https:\/\/kulturamoldava.sk\/wp-content\/uploads\/2024\/08\/image00003-580x435.jpeg 580w, https:\/\/kulturamoldava.sk\/wp-content\/uploads\/2024\/08\/image00003-860x645.jpeg 860w, https:\/\/kulturamoldava.sk\/wp-content\/uploads\/2024\/08\/image00003-1160x870.jpeg 1160w, https:\/\/kulturamoldava.sk\/wp-content\/uploads\/2024\/08\/image00003-1320x990.jpeg 1320w, https:\/\/kulturamoldava.sk\/wp-content\/uploads\/2024\/08\/image00003-600x450.jpeg 600w\" sizes=\"auto, (max-width: 1024px) 100vw, 1024px\" \/><\/a><\/figure>\n\n\n\n<figure class=\"wp-block-image size-large\"><a href=\"https:\/\/kulturamoldava.sk\/wp-content\/uploads\/2024\/08\/image00004-scaled.jpeg\"><img loading=\"lazy\" decoding=\"async\" width=\"1024\" height=\"768\" data-id=\"31377\" src=\"https:\/\/kulturamoldava.sk\/wp-content\/uploads\/2024\/08\/image00004-1024x768.jpeg\" alt=\"\" class=\"wp-image-31377\" srcset=\"https:\/\/kulturamoldava.sk\/wp-content\/uploads\/2024\/08\/image00004-1024x768.jpeg 1024w, https:\/\/kulturamoldava.sk\/wp-content\/uploads\/2024\/08\/image00004-300x225.jpeg 300w, https:\/\/kulturamoldava.sk\/wp-content\/uploads\/2024\/08\/image00004-768x576.jpeg 768w, https:\/\/kulturamoldava.sk\/wp-content\/uploads\/2024\/08\/image00004-1536x1152.jpeg 1536w, https:\/\/kulturamoldava.sk\/wp-content\/uploads\/2024\/08\/image00004-2048x1536.jpeg 2048w, https:\/\/kulturamoldava.sk\/wp-content\/uploads\/2024\/08\/image00004-16x12.jpeg 16w, https:\/\/kulturamoldava.sk\/wp-content\/uploads\/2024\/08\/image00004-580x435.jpeg 580w, https:\/\/kulturamoldava.sk\/wp-content\/uploads\/2024\/08\/image00004-860x645.jpeg 860w, https:\/\/kulturamoldava.sk\/wp-content\/uploads\/2024\/08\/image00004-1160x870.jpeg 1160w, https:\/\/kulturamoldava.sk\/wp-content\/uploads\/2024\/08\/image00004-1320x990.jpeg 1320w, https:\/\/kulturamoldava.sk\/wp-content\/uploads\/2024\/08\/image00004-600x450.jpeg 600w\" sizes=\"auto, (max-width: 1024px) 100vw, 1024px\" \/><\/a><\/figure>\n\n\n\n<figure class=\"wp-block-image size-large\"><a href=\"https:\/\/kulturamoldava.sk\/wp-content\/uploads\/2024\/08\/image00005-scaled.jpeg\"><img loading=\"lazy\" decoding=\"async\" width=\"1024\" height=\"768\" data-id=\"31372\" src=\"https:\/\/kulturamoldava.sk\/wp-content\/uploads\/2024\/08\/image00005-1024x768.jpeg\" alt=\"\" class=\"wp-image-31372\" srcset=\"https:\/\/kulturamoldava.sk\/wp-content\/uploads\/2024\/08\/image00005-1024x768.jpeg 1024w, https:\/\/kulturamoldava.sk\/wp-content\/uploads\/2024\/08\/image00005-300x225.jpeg 300w, https:\/\/kulturamoldava.sk\/wp-content\/uploads\/2024\/08\/image00005-768x576.jpeg 768w, https:\/\/kulturamoldava.sk\/wp-content\/uploads\/2024\/08\/image00005-1536x1152.jpeg 1536w, https:\/\/kulturamoldava.sk\/wp-content\/uploads\/2024\/08\/image00005-2048x1536.jpeg 2048w, https:\/\/kulturamoldava.sk\/wp-content\/uploads\/2024\/08\/image00005-16x12.jpeg 16w, https:\/\/kulturamoldava.sk\/wp-content\/uploads\/2024\/08\/image00005-580x435.jpeg 580w, https:\/\/kulturamoldava.sk\/wp-content\/uploads\/2024\/08\/image00005-860x645.jpeg 860w, https:\/\/kulturamoldava.sk\/wp-content\/uploads\/2024\/08\/image00005-1160x870.jpeg 1160w, https:\/\/kulturamoldava.sk\/wp-content\/uploads\/2024\/08\/image00005-1320x990.jpeg 1320w, https:\/\/kulturamoldava.sk\/wp-content\/uploads\/2024\/08\/image00005-600x450.jpeg 600w\" sizes=\"auto, (max-width: 1024px) 100vw, 1024px\" \/><\/a><\/figure>\n\n\n\n<figure class=\"wp-block-image size-large\"><a href=\"https:\/\/kulturamoldava.sk\/wp-content\/uploads\/2024\/08\/image00006-scaled.jpeg\"><img loading=\"lazy\" decoding=\"async\" width=\"1024\" height=\"768\" data-id=\"31376\" src=\"https:\/\/kulturamoldava.sk\/wp-content\/uploads\/2024\/08\/image00006-1024x768.jpeg\" alt=\"\" class=\"wp-image-31376\" srcset=\"https:\/\/kulturamoldava.sk\/wp-content\/uploads\/2024\/08\/image00006-1024x768.jpeg 1024w, https:\/\/kulturamoldava.sk\/wp-content\/uploads\/2024\/08\/image00006-300x225.jpeg 300w, https:\/\/kulturamoldava.sk\/wp-content\/uploads\/2024\/08\/image00006-768x576.jpeg 768w, https:\/\/kulturamoldava.sk\/wp-content\/uploads\/2024\/08\/image00006-1536x1152.jpeg 1536w, https:\/\/kulturamoldava.sk\/wp-content\/uploads\/2024\/08\/image00006-2048x1536.jpeg 2048w, https:\/\/kulturamoldava.sk\/wp-content\/uploads\/2024\/08\/image00006-16x12.jpeg 16w, https:\/\/kulturamoldava.sk\/wp-content\/uploads\/2024\/08\/image00006-580x435.jpeg 580w, https:\/\/kulturamoldava.sk\/wp-content\/uploads\/2024\/08\/image00006-860x645.jpeg 860w, https:\/\/kulturamoldava.sk\/wp-content\/uploads\/2024\/08\/image00006-1160x870.jpeg 1160w, https:\/\/kulturamoldava.sk\/wp-content\/uploads\/2024\/08\/image00006-1320x990.jpeg 1320w, https:\/\/kulturamoldava.sk\/wp-content\/uploads\/2024\/08\/image00006-600x450.jpeg 600w\" sizes=\"auto, (max-width: 1024px) 100vw, 1024px\" \/><\/a><\/figure>\n\n\n\n<figure class=\"wp-block-image size-large\"><a href=\"https:\/\/kulturamoldava.sk\/wp-content\/uploads\/2024\/08\/image00007-scaled.jpeg\"><img loading=\"lazy\" decoding=\"async\" width=\"1024\" height=\"768\" data-id=\"31378\" src=\"https:\/\/kulturamoldava.sk\/wp-content\/uploads\/2024\/08\/image00007-1024x768.jpeg\" alt=\"\" class=\"wp-image-31378\" srcset=\"https:\/\/kulturamoldava.sk\/wp-content\/uploads\/2024\/08\/image00007-1024x768.jpeg 1024w, https:\/\/kulturamoldava.sk\/wp-content\/uploads\/2024\/08\/image00007-300x225.jpeg 300w, https:\/\/kulturamoldava.sk\/wp-content\/uploads\/2024\/08\/image00007-768x576.jpeg 768w, https:\/\/kulturamoldava.sk\/wp-content\/uploads\/2024\/08\/image00007-1536x1152.jpeg 1536w, https:\/\/kulturamoldava.sk\/wp-content\/uploads\/2024\/08\/image00007-2048x1536.jpeg 2048w, https:\/\/kulturamoldava.sk\/wp-content\/uploads\/2024\/08\/image00007-16x12.jpeg 16w, https:\/\/kulturamoldava.sk\/wp-content\/uploads\/2024\/08\/image00007-580x435.jpeg 580w, https:\/\/kulturamoldava.sk\/wp-content\/uploads\/2024\/08\/image00007-860x645.jpeg 860w, https:\/\/kulturamoldava.sk\/wp-content\/uploads\/2024\/08\/image00007-1160x870.jpeg 1160w, https:\/\/kulturamoldava.sk\/wp-content\/uploads\/2024\/08\/image00007-1320x990.jpeg 1320w, https:\/\/kulturamoldava.sk\/wp-content\/uploads\/2024\/08\/image00007-600x450.jpeg 600w\" sizes=\"auto, (max-width: 1024px) 100vw, 1024px\" \/><\/a><\/figure>\n\n\n\n<figure class=\"wp-block-image size-large\"><a href=\"https:\/\/kulturamoldava.sk\/wp-content\/uploads\/2024\/08\/image00008-scaled.jpeg\"><img loading=\"lazy\" decoding=\"async\" width=\"1024\" height=\"768\" data-id=\"31375\" src=\"https:\/\/kulturamoldava.sk\/wp-content\/uploads\/2024\/08\/image00008-1024x768.jpeg\" alt=\"\" class=\"wp-image-31375\" srcset=\"https:\/\/kulturamoldava.sk\/wp-content\/uploads\/2024\/08\/image00008-1024x768.jpeg 1024w, https:\/\/kulturamoldava.sk\/wp-content\/uploads\/2024\/08\/image00008-300x225.jpeg 300w, https:\/\/kulturamoldava.sk\/wp-content\/uploads\/2024\/08\/image00008-768x576.jpeg 768w, https:\/\/kulturamoldava.sk\/wp-content\/uploads\/2024\/08\/image00008-1536x1152.jpeg 1536w, https:\/\/kulturamoldava.sk\/wp-content\/uploads\/2024\/08\/image00008-2048x1536.jpeg 2048w, https:\/\/kulturamoldava.sk\/wp-content\/uploads\/2024\/08\/image00008-16x12.jpeg 16w, https:\/\/kulturamoldava.sk\/wp-content\/uploads\/2024\/08\/image00008-580x435.jpeg 580w, https:\/\/kulturamoldava.sk\/wp-content\/uploads\/2024\/08\/image00008-860x645.jpeg 860w, https:\/\/kulturamoldava.sk\/wp-content\/uploads\/2024\/08\/image00008-1160x870.jpeg 1160w, https:\/\/kulturamoldava.sk\/wp-content\/uploads\/2024\/08\/image00008-1320x990.jpeg 1320w, https:\/\/kulturamoldava.sk\/wp-content\/uploads\/2024\/08\/image00008-600x450.jpeg 600w\" sizes=\"auto, (max-width: 1024px) 100vw, 1024px\" \/><\/a><\/figure>\n\n\n\n<figure class=\"wp-block-image size-large\"><a href=\"https:\/\/kulturamoldava.sk\/wp-content\/uploads\/2024\/08\/image00009-scaled.jpeg\"><img loading=\"lazy\" decoding=\"async\" width=\"1024\" height=\"768\" data-id=\"31374\" src=\"https:\/\/kulturamoldava.sk\/wp-content\/uploads\/2024\/08\/image00009-1024x768.jpeg\" alt=\"\" class=\"wp-image-31374\" srcset=\"https:\/\/kulturamoldava.sk\/wp-content\/uploads\/2024\/08\/image00009-1024x768.jpeg 1024w, https:\/\/kulturamoldava.sk\/wp-content\/uploads\/2024\/08\/image00009-300x225.jpeg 300w, https:\/\/kulturamoldava.sk\/wp-content\/uploads\/2024\/08\/image00009-768x576.jpeg 768w, https:\/\/kulturamoldava.sk\/wp-content\/uploads\/2024\/08\/image00009-1536x1152.jpeg 1536w, https:\/\/kulturamoldava.sk\/wp-content\/uploads\/2024\/08\/image00009-2048x1536.jpeg 2048w, https:\/\/kulturamoldava.sk\/wp-content\/uploads\/2024\/08\/image00009-16x12.jpeg 16w, https:\/\/kulturamoldava.sk\/wp-content\/uploads\/2024\/08\/image00009-580x435.jpeg 580w, https:\/\/kulturamoldava.sk\/wp-content\/uploads\/2024\/08\/image00009-860x645.jpeg 860w, https:\/\/kulturamoldava.sk\/wp-content\/uploads\/2024\/08\/image00009-1160x870.jpeg 1160w, https:\/\/kulturamoldava.sk\/wp-content\/uploads\/2024\/08\/image00009-1320x990.jpeg 1320w, https:\/\/kulturamoldava.sk\/wp-content\/uploads\/2024\/08\/image00009-600x450.jpeg 600w\" sizes=\"auto, (max-width: 1024px) 100vw, 1024px\" \/><\/a><\/figure>\n\n\n\n<figure class=\"wp-block-image size-large\"><a href=\"https:\/\/kulturamoldava.sk\/wp-content\/uploads\/2024\/08\/image00010-scaled.jpeg\"><img loading=\"lazy\" decoding=\"async\" width=\"1024\" height=\"768\" data-id=\"31371\" src=\"https:\/\/kulturamoldava.sk\/wp-content\/uploads\/2024\/08\/image00010-1024x768.jpeg\" alt=\"\" class=\"wp-image-31371\" srcset=\"https:\/\/kulturamoldava.sk\/wp-content\/uploads\/2024\/08\/image00010-1024x768.jpeg 1024w, https:\/\/kulturamoldava.sk\/wp-content\/uploads\/2024\/08\/image00010-300x225.jpeg 300w, https:\/\/kulturamoldava.sk\/wp-content\/uploads\/2024\/08\/image00010-768x576.jpeg 768w, https:\/\/kulturamoldava.sk\/wp-content\/uploads\/2024\/08\/image00010-1536x1152.jpeg 1536w, https:\/\/kulturamoldava.sk\/wp-content\/uploads\/2024\/08\/image00010-2048x1536.jpeg 2048w, https:\/\/kulturamoldava.sk\/wp-content\/uploads\/2024\/08\/image00010-16x12.jpeg 16w, https:\/\/kulturamoldava.sk\/wp-content\/uploads\/2024\/08\/image00010-580x435.jpeg 580w, https:\/\/kulturamoldava.sk\/wp-content\/uploads\/2024\/08\/image00010-860x645.jpeg 860w, https:\/\/kulturamoldava.sk\/wp-content\/uploads\/2024\/08\/image00010-1160x870.jpeg 1160w, https:\/\/kulturamoldava.sk\/wp-content\/uploads\/2024\/08\/image00010-1320x990.jpeg 1320w, https:\/\/kulturamoldava.sk\/wp-content\/uploads\/2024\/08\/image00010-600x450.jpeg 600w\" sizes=\"auto, (max-width: 1024px) 100vw, 1024px\" \/><\/a><\/figure>\n<\/figure>","protected":false},"excerpt":{"rendered":"<p>T\u00falav\u00e9 kino zav\u00edtalo do n\u00e1\u0161ho mesta aj tento rok a pod hviezdami letnej oblohy n\u00e1m poskytlo kinematografick\u00fd z\u00e1\u017eitok s popcornom v ruk\u00e1ch. N\u00e1mestie \u013dudov\u00edta \u0160t\u00fara sa tak v tento ve\u010der stalo centrom z\u00e1bavy. V pohodl\u00ed kresiel a na dek\u00e1ch si div\u00e1ci u\u017eili rodinn\u00fa romantick\u00fa kom\u00e9diu so z\u00e1pletkou a \u0161\u0165astn\u00fdm koncom. Po skon\u010den\u00ed filmu odch\u00e1dzalo spokojn\u00e9&#8230;<\/p>","protected":false},"author":1,"featured_media":31375,"comment_status":"closed","ping_status":"closed","sticky":false,"template":"","format":"standard","meta":{"ngg_post_thumbnail":0,"footnotes":""},"categories":[1],"tags":[],"class_list":["post-31369","post","type-post","status-publish","format-standard","has-post-thumbnail","hentry","category-nezaradene"],"yoast_head":"<!-- This site is optimized with the Yoast SEO plugin v28.3 - https:\/\/yoast.com\/product\/yoast-seo-wordpress\/ -->\n<title>FILM NIKDY NEHOVOR NIKDY ZAUJAL MOLDAVSK\u00ddCH DIV\u00c1KOV 17.8.2024 - Mestsk\u00e9 kult\u00farne stredisko Moldava nad Bodvou<\/title>\n<meta name=\"robots\" content=\"index, follow, max-snippet:-1, max-image-preview:large, max-video-preview:-1\" \/>\n<link rel=\"canonical\" href=\"https:\/\/kulturamoldava.sk\/hu\/film-nikdy-nehovor-nikdy-zaujal-moldavskych-divakov\/\" \/>\n<meta property=\"og:locale\" content=\"hu_HU\" \/>\n<meta property=\"og:type\" content=\"article\" \/>\n<meta property=\"og:title\" content=\"FILM NIKDY NEHOVOR NIKDY ZAUJAL MOLDAVSK\u00ddCH DIV\u00c1KOV 17.8.2024 - Mestsk\u00e9 kult\u00farne stredisko Moldava nad Bodvou\" \/>\n<meta property=\"og:description\" content=\"T\u00falav\u00e9 kino zav\u00edtalo do n\u00e1\u0161ho mesta aj tento rok a pod hviezdami letnej oblohy n\u00e1m poskytlo kinematografick\u00fd z\u00e1\u017eitok s popcornom v ruk\u00e1ch. N\u00e1mestie \u013dudov\u00edta \u0160t\u00fara sa tak v tento ve\u010der stalo centrom z\u00e1bavy. V pohodl\u00ed kresiel a na dek\u00e1ch si div\u00e1ci u\u017eili rodinn\u00fa romantick\u00fa kom\u00e9diu so z\u00e1pletkou a \u0161\u0165astn\u00fdm koncom. Po skon\u010den\u00ed filmu odch\u00e1dzalo spokojn\u00e9...\" \/>\n<meta property=\"og:url\" content=\"https:\/\/kulturamoldava.sk\/hu\/film-nikdy-nehovor-nikdy-zaujal-moldavskych-divakov\/\" \/>\n<meta property=\"og:site_name\" content=\"Mestsk\u00e9 kult\u00farne stredisko Moldava nad Bodvou\" \/>\n<meta property=\"article:published_time\" content=\"2024-08-17T21:44:00+00:00\" \/>\n<meta property=\"article:modified_time\" content=\"2024-08-20T08:22:29+00:00\" \/>\n<meta property=\"og:image\" content=\"https:\/\/kulturamoldava.sk\/wp-content\/uploads\/2024\/08\/image00008-scaled.jpeg\" \/>\n\t<meta property=\"og:image:width\" content=\"2560\" \/>\n\t<meta property=\"og:image:height\" content=\"1920\" \/>\n\t<meta property=\"og:image:type\" content=\"image\/jpeg\" \/>\n<meta name=\"author\" content=\"kulturamoldava\" \/>\n<meta name=\"twitter:card\" content=\"summary_large_image\" \/>\n<meta name=\"twitter:label1\" content=\"Szerz\u0151:\" \/>\n\t<meta name=\"twitter:data1\" content=\"kulturamoldava\" \/>\n\t<meta name=\"twitter:label2\" content=\"Becs\u00fclt olvas\u00e1si id\u0151\" \/>\n\t<meta name=\"twitter:data2\" content=\"3 perc\" \/>\n<script type=\"application\/ld+json\" class=\"yoast-schema-graph\">{\"@context\":\"https:\\\/\\\/schema.org\",\"@graph\":[{\"@type\":\"Article\",\"@id\":\"https:\\\/\\\/kulturamoldava.sk\\\/film-nikdy-nehovor-nikdy-zaujal-moldavskych-divakov\\\/#article\",\"isPartOf\":{\"@id\":\"https:\\\/\\\/kulturamoldava.sk\\\/film-nikdy-nehovor-nikdy-zaujal-moldavskych-divakov\\\/\"},\"author\":{\"name\":\"kulturamoldava\",\"@id\":\"https:\\\/\\\/kulturamoldava.sk\\\/#\\\/schema\\\/person\\\/8eef072de6f42a5fd024b6987a0745d6\"},\"headline\":\"FILM NIKDY NEHOVOR NIKDY ZAUJAL MOLDAVSK\u00ddCH DIV\u00c1KOV 17.8.2024\",\"datePublished\":\"2024-08-17T21:44:00+00:00\",\"dateModified\":\"2024-08-20T08:22:29+00:00\",\"mainEntityOfPage\":{\"@id\":\"https:\\\/\\\/kulturamoldava.sk\\\/film-nikdy-nehovor-nikdy-zaujal-moldavskych-divakov\\\/\"},\"wordCount\":102,\"image\":{\"@id\":\"https:\\\/\\\/kulturamoldava.sk\\\/film-nikdy-nehovor-nikdy-zaujal-moldavskych-divakov\\\/#primaryimage\"},\"thumbnailUrl\":\"https:\\\/\\\/kulturamoldava.sk\\\/wp-content\\\/uploads\\\/2024\\\/08\\\/image00008-scaled.jpeg\",\"articleSection\":[\"Nezaraden\u00e9\"],\"inLanguage\":\"hu\"},{\"@type\":\"WebPage\",\"@id\":\"https:\\\/\\\/kulturamoldava.sk\\\/film-nikdy-nehovor-nikdy-zaujal-moldavskych-divakov\\\/\",\"url\":\"https:\\\/\\\/kulturamoldava.sk\\\/film-nikdy-nehovor-nikdy-zaujal-moldavskych-divakov\\\/\",\"name\":\"FILM NIKDY NEHOVOR NIKDY ZAUJAL MOLDAVSK\u00ddCH DIV\u00c1KOV 17.8.2024 - Mestsk\u00e9 kult\u00farne stredisko Moldava nad Bodvou\",\"isPartOf\":{\"@id\":\"https:\\\/\\\/kulturamoldava.sk\\\/#website\"},\"primaryImageOfPage\":{\"@id\":\"https:\\\/\\\/kulturamoldava.sk\\\/film-nikdy-nehovor-nikdy-zaujal-moldavskych-divakov\\\/#primaryimage\"},\"image\":{\"@id\":\"https:\\\/\\\/kulturamoldava.sk\\\/film-nikdy-nehovor-nikdy-zaujal-moldavskych-divakov\\\/#primaryimage\"},\"thumbnailUrl\":\"https:\\\/\\\/kulturamoldava.sk\\\/wp-content\\\/uploads\\\/2024\\\/08\\\/image00008-scaled.jpeg\",\"datePublished\":\"2024-08-17T21:44:00+00:00\",\"dateModified\":\"2024-08-20T08:22:29+00:00\",\"author\":{\"@id\":\"https:\\\/\\\/kulturamoldava.sk\\\/#\\\/schema\\\/person\\\/8eef072de6f42a5fd024b6987a0745d6\"},\"breadcrumb\":{\"@id\":\"https:\\\/\\\/kulturamoldava.sk\\\/film-nikdy-nehovor-nikdy-zaujal-moldavskych-divakov\\\/#breadcrumb\"},\"inLanguage\":\"hu\",\"potentialAction\":[{\"@type\":\"ReadAction\",\"target\":[\"https:\\\/\\\/kulturamoldava.sk\\\/film-nikdy-nehovor-nikdy-zaujal-moldavskych-divakov\\\/\"]}]},{\"@type\":\"ImageObject\",\"inLanguage\":\"hu\",\"@id\":\"https:\\\/\\\/kulturamoldava.sk\\\/film-nikdy-nehovor-nikdy-zaujal-moldavskych-divakov\\\/#primaryimage\",\"url\":\"https:\\\/\\\/kulturamoldava.sk\\\/wp-content\\\/uploads\\\/2024\\\/08\\\/image00008-scaled.jpeg\",\"contentUrl\":\"https:\\\/\\\/kulturamoldava.sk\\\/wp-content\\\/uploads\\\/2024\\\/08\\\/image00008-scaled.jpeg\",\"width\":2560,\"height\":1920},{\"@type\":\"BreadcrumbList\",\"@id\":\"https:\\\/\\\/kulturamoldava.sk\\\/film-nikdy-nehovor-nikdy-zaujal-moldavskych-divakov\\\/#breadcrumb\",\"itemListElement\":[{\"@type\":\"ListItem\",\"position\":1,\"name\":\"Home\",\"item\":\"https:\\\/\\\/kulturamoldava.sk\\\/\"},{\"@type\":\"ListItem\",\"position\":2,\"name\":\"FILM NIKDY NEHOVOR NIKDY ZAUJAL MOLDAVSK\u00ddCH DIV\u00c1KOV 17.8.2024\"}]},{\"@type\":\"WebSite\",\"@id\":\"https:\\\/\\\/kulturamoldava.sk\\\/#website\",\"url\":\"https:\\\/\\\/kulturamoldava.sk\\\/\",\"name\":\"Mestsk\u00e9 kult\u00farne stredisko Moldava nad Bodvou\",\"description\":\"\",\"potentialAction\":[{\"@type\":\"SearchAction\",\"target\":{\"@type\":\"EntryPoint\",\"urlTemplate\":\"https:\\\/\\\/kulturamoldava.sk\\\/?s={search_term_string}\"},\"query-input\":{\"@type\":\"PropertyValueSpecification\",\"valueRequired\":true,\"valueName\":\"search_term_string\"}}],\"inLanguage\":\"hu\"},{\"@type\":\"Person\",\"@id\":\"https:\\\/\\\/kulturamoldava.sk\\\/#\\\/schema\\\/person\\\/8eef072de6f42a5fd024b6987a0745d6\",\"name\":\"kulturamoldava\",\"image\":{\"@type\":\"ImageObject\",\"inLanguage\":\"hu\",\"@id\":\"https:\\\/\\\/secure.gravatar.com\\\/avatar\\\/d6f6bf4cc0de0867347e805c1ac591b2391954abfd993ed9c457f5564a7576ca?s=96&d=mm&r=g\",\"url\":\"https:\\\/\\\/secure.gravatar.com\\\/avatar\\\/d6f6bf4cc0de0867347e805c1ac591b2391954abfd993ed9c457f5564a7576ca?s=96&d=mm&r=g\",\"contentUrl\":\"https:\\\/\\\/secure.gravatar.com\\\/avatar\\\/d6f6bf4cc0de0867347e805c1ac591b2391954abfd993ed9c457f5564a7576ca?s=96&d=mm&r=g\",\"caption\":\"kulturamoldava\"},\"url\":\"https:\\\/\\\/kulturamoldava.sk\\\/hu\\\/author\\\/kulturamoldava\\\/\"}]}<\/script>\n<!-- \/ Yoast SEO plugin. -->","yoast_head_json":{"title":"FILM NIKDY NEHOVOR NIKDY ZAUJAL MOLDAVSK\u00ddCH DIV\u00c1KOV 17.8.2024 - Mestsk\u00e9 kult\u00farne stredisko Moldava nad Bodvou","robots":{"index":"index","follow":"follow","max-snippet":"max-snippet:-1","max-image-preview":"max-image-preview:large","max-video-preview":"max-video-preview:-1"},"canonical":"https:\/\/kulturamoldava.sk\/hu\/film-nikdy-nehovor-nikdy-zaujal-moldavskych-divakov\/","og_locale":"hu_HU","og_type":"article","og_title":"FILM NIKDY NEHOVOR NIKDY ZAUJAL MOLDAVSK\u00ddCH DIV\u00c1KOV 17.8.2024 - Mestsk\u00e9 kult\u00farne stredisko Moldava nad Bodvou","og_description":"T\u00falav\u00e9 kino zav\u00edtalo do n\u00e1\u0161ho mesta aj tento rok a pod hviezdami letnej oblohy n\u00e1m poskytlo kinematografick\u00fd z\u00e1\u017eitok s popcornom v ruk\u00e1ch. N\u00e1mestie \u013dudov\u00edta \u0160t\u00fara sa tak v tento ve\u010der stalo centrom z\u00e1bavy. V pohodl\u00ed kresiel a na dek\u00e1ch si div\u00e1ci u\u017eili rodinn\u00fa romantick\u00fa kom\u00e9diu so z\u00e1pletkou a \u0161\u0165astn\u00fdm koncom. Po skon\u010den\u00ed filmu odch\u00e1dzalo spokojn\u00e9...","og_url":"https:\/\/kulturamoldava.sk\/hu\/film-nikdy-nehovor-nikdy-zaujal-moldavskych-divakov\/","og_site_name":"Mestsk\u00e9 kult\u00farne stredisko Moldava nad Bodvou","article_published_time":"2024-08-17T21:44:00+00:00","article_modified_time":"2024-08-20T08:22:29+00:00","og_image":[{"width":2560,"height":1920,"url":"https:\/\/kulturamoldava.sk\/wp-content\/uploads\/2024\/08\/image00008-scaled.jpeg","type":"image\/jpeg"}],"author":"kulturamoldava","twitter_card":"summary_large_image","twitter_misc":{"Szerz\u0151:":"kulturamoldava","Becs\u00fclt olvas\u00e1si id\u0151":"3 perc"},"schema":{"@context":"https:\/\/schema.org","@graph":[{"@type":"Article","@id":"https:\/\/kulturamoldava.sk\/film-nikdy-nehovor-nikdy-zaujal-moldavskych-divakov\/#article","isPartOf":{"@id":"https:\/\/kulturamoldava.sk\/film-nikdy-nehovor-nikdy-zaujal-moldavskych-divakov\/"},"author":{"name":"kulturamoldava","@id":"https:\/\/kulturamoldava.sk\/#\/schema\/person\/8eef072de6f42a5fd024b6987a0745d6"},"headline":"FILM NIKDY NEHOVOR NIKDY ZAUJAL MOLDAVSK\u00ddCH DIV\u00c1KOV 17.8.2024","datePublished":"2024-08-17T21:44:00+00:00","dateModified":"2024-08-20T08:22:29+00:00","mainEntityOfPage":{"@id":"https:\/\/kulturamoldava.sk\/film-nikdy-nehovor-nikdy-zaujal-moldavskych-divakov\/"},"wordCount":102,"image":{"@id":"https:\/\/kulturamoldava.sk\/film-nikdy-nehovor-nikdy-zaujal-moldavskych-divakov\/#primaryimage"},"thumbnailUrl":"https:\/\/kulturamoldava.sk\/wp-content\/uploads\/2024\/08\/image00008-scaled.jpeg","articleSection":["Nezaraden\u00e9"],"inLanguage":"hu"},{"@type":"WebPage","@id":"https:\/\/kulturamoldava.sk\/film-nikdy-nehovor-nikdy-zaujal-moldavskych-divakov\/","url":"https:\/\/kulturamoldava.sk\/film-nikdy-nehovor-nikdy-zaujal-moldavskych-divakov\/","name":"FILM NIKDY NEHOVOR NIKDY ZAUJAL MOLDAVSK\u00ddCH DIV\u00c1KOV 17.8.2024 - Mestsk\u00e9 kult\u00farne stredisko Moldava nad Bodvou","isPartOf":{"@id":"https:\/\/kulturamoldava.sk\/#website"},"primaryImageOfPage":{"@id":"https:\/\/kulturamoldava.sk\/film-nikdy-nehovor-nikdy-zaujal-moldavskych-divakov\/#primaryimage"},"image":{"@id":"https:\/\/kulturamoldava.sk\/film-nikdy-nehovor-nikdy-zaujal-moldavskych-divakov\/#primaryimage"},"thumbnailUrl":"https:\/\/kulturamoldava.sk\/wp-content\/uploads\/2024\/08\/image00008-scaled.jpeg","datePublished":"2024-08-17T21:44:00+00:00","dateModified":"2024-08-20T08:22:29+00:00","author":{"@id":"https:\/\/kulturamoldava.sk\/#\/schema\/person\/8eef072de6f42a5fd024b6987a0745d6"},"breadcrumb":{"@id":"https:\/\/kulturamoldava.sk\/film-nikdy-nehovor-nikdy-zaujal-moldavskych-divakov\/#breadcrumb"},"inLanguage":"hu","potentialAction":[{"@type":"ReadAction","target":["https:\/\/kulturamoldava.sk\/film-nikdy-nehovor-nikdy-zaujal-moldavskych-divakov\/"]}]},{"@type":"ImageObject","inLanguage":"hu","@id":"https:\/\/kulturamoldava.sk\/film-nikdy-nehovor-nikdy-zaujal-moldavskych-divakov\/#primaryimage","url":"https:\/\/kulturamoldava.sk\/wp-content\/uploads\/2024\/08\/image00008-scaled.jpeg","contentUrl":"https:\/\/kulturamoldava.sk\/wp-content\/uploads\/2024\/08\/image00008-scaled.jpeg","width":2560,"height":1920},{"@type":"BreadcrumbList","@id":"https:\/\/kulturamoldava.sk\/film-nikdy-nehovor-nikdy-zaujal-moldavskych-divakov\/#breadcrumb","itemListElement":[{"@type":"ListItem","position":1,"name":"Home","item":"https:\/\/kulturamoldava.sk\/"},{"@type":"ListItem","position":2,"name":"FILM NIKDY NEHOVOR NIKDY ZAUJAL MOLDAVSK\u00ddCH DIV\u00c1KOV 17.8.2024"}]},{"@type":"WebSite","@id":"https:\/\/kulturamoldava.sk\/#website","url":"https:\/\/kulturamoldava.sk\/","name":"Szepsi V\u00e1rosi M\u0171vel\u0151d\u00e9si K\u00f6zpont","description":"","potentialAction":[{"@type":"SearchAction","target":{"@type":"EntryPoint","urlTemplate":"https:\/\/kulturamoldava.sk\/?s={search_term_string}"},"query-input":{"@type":"PropertyValueSpecification","valueRequired":true,"valueName":"search_term_string"}}],"inLanguage":"hu"},{"@type":"Person","@id":"https:\/\/kulturamoldava.sk\/#\/schema\/person\/8eef072de6f42a5fd024b6987a0745d6","name":"kulturamoldava","image":{"@type":"ImageObject","inLanguage":"hu","@id":"https:\/\/secure.gravatar.com\/avatar\/d6f6bf4cc0de0867347e805c1ac591b2391954abfd993ed9c457f5564a7576ca?s=96&d=mm&r=g","url":"https:\/\/secure.gravatar.com\/avatar\/d6f6bf4cc0de0867347e805c1ac591b2391954abfd993ed9c457f5564a7576ca?s=96&d=mm&r=g","contentUrl":"https:\/\/secure.gravatar.com\/avatar\/d6f6bf4cc0de0867347e805c1ac591b2391954abfd993ed9c457f5564a7576ca?s=96&d=mm&r=g","caption":"kulturamoldava"},"url":"https:\/\/kulturamoldava.sk\/hu\/author\/kulturamoldava\/"}]}},"_links":{"self":[{"href":"https:\/\/kulturamoldava.sk\/hu\/wp-json\/wp\/v2\/posts\/31369","targetHints":{"allow":["GET"]}}],"collection":[{"href":"https:\/\/kulturamoldava.sk\/hu\/wp-json\/wp\/v2\/posts"}],"about":[{"href":"https:\/\/kulturamoldava.sk\/hu\/wp-json\/wp\/v2\/types\/post"}],"author":[{"embeddable":true,"href":"https:\/\/kulturamoldava.sk\/hu\/wp-json\/wp\/v2\/users\/1"}],"replies":[{"embeddable":true,"href":"https:\/\/kulturamoldava.sk\/hu\/wp-json\/wp\/v2\/comments?post=31369"}],"version-history":[{"count":2,"href":"https:\/\/kulturamoldava.sk\/hu\/wp-json\/wp\/v2\/posts\/31369\/revisions"}],"predecessor-version":[{"id":31511,"href":"https:\/\/kulturamoldava.sk\/hu\/wp-json\/wp\/v2\/posts\/31369\/revisions\/31511"}],"wp:featuredmedia":[{"embeddable":true,"href":"https:\/\/kulturamoldava.sk\/hu\/wp-json\/wp\/v2\/media\/31375"}],"wp:attachment":[{"href":"https:\/\/kulturamoldava.sk\/hu\/wp-json\/wp\/v2\/media?parent=31369"}],"wp:term":[{"taxonomy":"category","embeddable":true,"href":"https:\/\/kulturamoldava.sk\/hu\/wp-json\/wp\/v2\/categories?post=31369"},{"taxonomy":"post_tag","embeddable":true,"href":"https:\/\/kulturamoldava.sk\/hu\/wp-json\/wp\/v2\/tags?post=31369"}],"curies":[{"name":"wp","href":"https:\/\/api.w.org\/{rel}","templated":true}]}}