{"id":28565,"date":"2022-06-01T13:18:17","date_gmt":"2022-06-01T11:18:17","guid":{"rendered":"https:\/\/kulturamoldava.sk\/?p=28565"},"modified":"2022-07-21T12:31:18","modified_gmt":"2022-07-21T10:31:18","slug":"vyzva-a-sutaz-moldavskych-amaterskych-fotografov","status":"publish","type":"post","link":"https:\/\/kulturamoldava.sk\/hu\/vyzva-a-sutaz-moldavskych-amaterskych-fotografov\/","title":{"rendered":"SZEPSI AMAT\u0150R FOT\u00d3SOK VERSENYE"},"content":{"rendered":"<p><strong>Felh\u00edv\u00e1s a szepsi amat\u0151r fot\u00f3sok r\u00e9sz\u00e9re<\/strong><\/p>\n\n\n\n<p class=\"translation-block\">Tisztelt fot\u00f3z\u00e1s ir\u00e1nt \u00e9rdekl\u0151d\u0151k ! \n \nMutass\u00e1tok meg a term\u00e9szet szerelmeseinek \u00e9s rajong\u00f3inak a legszebb \u201e Term\u00e9szeti \u00e9s kultur\u00e1lis \u00f6r\u00f6ks\u00e9g Szepsiben \u00e9s k\u00f6rny\u00e9k\u00e9n \u201e c. versenyfelh\u00edv\u00e1sunk Szepsi \u00e9s k\u00f6rny\u00e9kbeli ?term\u00e9szetfot\u00f3itokat.\n?A Szepsi V\u00e1rosi M\u0171vel\u0151d\u00e9si K\u00f6zpont  2022. szeptember\u00e9ben  amat\u0151r fot\u00f3sok f\u00e9nyk\u00e9peib\u0151l szervez ki\u00e1ll\u00edt\u00e1st. K\u00e9rj\u00fck, hogy 2022. j\u00falius 31-ig, legal\u00e1bb 2 db nyomtatott A3-as form\u00e1tum\u00fa fot\u00f3t szem\u00e9lyesen hozzatok be a VMK irod\u00e1j\u00e1ba, F\u0151 utca  58, Szepsi, hogy azokat bemutathassuk a ki\u00e1ll\u00edt\u00e1son.<\/p>\n\n\n\n<p class=\"has-text-color\" style=\"color:#3024b5\"><strong>A ki\u00e1ll\u00edtott fot\u00f3kat szak\u00e9rt\u0151i zs\u0171ri v\u00e1lasztja ki. <\/strong><\/p>\n\n\n\n<p class=\"translation-block\">A f\u00e9nyk\u00e9p sz\u00fcks\u00e9ges m\u00e9rete \u00e9s min\u0151s\u00e9ge:\n- A3-as m\u00e9retnek megfelel\u0151 m\u00e9ret\n- digit\u00e1lis f\u00e9nyk\u00e9pez\u0151g\u00e9ppel k\u00e9sz\u00fclt f\u00e9nyk\u00e9p<\/p>\n\n\n\n<p class=\"translation-block\">Fot\u00f3k sz\u00e1ma egy szerz\u0151t\u0151l:\n- minimum 2 db, maximum 10 db<\/p>\n\n\n\n<p class=\"translation-block\">F\u00e9nyk\u00e9pek le\u00edr\u00e1sa:\n- a ki\u00e1ll\u00edt\u00e1s szervez\u0151je a szerz\u0151i dokumentumok alapj\u00e1n egys\u00e9gesen feldolgozva. \nMinden f\u00e9nyk\u00e9pre k\u00f6telez\u0151 a k\u00e9p c\u00edme, a szerz\u0151 neve esetleg a k\u00e9sz\u00edt\u00e9s id\u0151pontja.<\/p>\n\n\n\n<p class=\"translation-block\">Fot\u00f3 lead\u00e1s\u00e1nak hat\u00e1rideje:\n2022. j\u00falius 31-ig<\/p>\n\n\n\n<p class=\"translation-block\">Fot\u00f3 lead\u00e1s\u00e1nak helye:\n- A V\u00e1rosi M\u0171vel\u0151d\u00e9si K\u00f6zpont irod\u00e1ja, F\u0151 utca 58, 045 01 Szepsi,\ntelefon: 0905 943 825, e-mail: kultura@moldava.sk<\/p>\n\n\n\n<p>A  fot\u00f3k lead\u00e1sakor k\u00e9rj\u00fck, hogy  k\u00e9peitekhez csatoljatok egy el\u00e9rhet\u0151s\u00e9get - teljes n\u00e9v c\u00edm, telefonsz\u00e1m, e-mail c\u00edm vagy weboldal.<\/p>\n\n\n\n<p class=\"translation-block\">A fot\u00f3k k\u00e9sz\u00edt\u0151it szem\u00e9lyesen h\u00edvjuk meg 2022. szeptember\u00e9ben  tartand\u00f3 ki\u00e1ll\u00edt\u00e1s megnyit\u00f3j\u00e1ra. A k\u00e9peket a ki\u00e1ll\u00edt\u00e1s befejez\u00e9se ut\u00e1n visszadjuk a fot\u00f3k k\u00e9sz\u00edt\u0151j\u00e9nek, \na k\u00e9pek \u00e1tv\u00e9teli lehet\u0151s\u00e9g\u00e9r\u0151l a szerz\u0151t el\u0151zetesen \u00e9rtes\u00edtj\u00fck.<\/p>\n\n\n\n<p><strong><mark style=\"background-color:rgba(0, 0, 0, 0);color:#2f3899\" class=\"has-inline-color\">A projekt a Kassa Megyei \u00d6nkorm\u00e1nyzat t\u00e1mogat\u00e1s\u00e1val val\u00f3sul meg. https:\/\/web.vucke.sk\/sk\/<\/mark><\/strong> <a href=\"https:\/\/web.vucke.sk\/sk\/\">https:\/\/web.vucke.sk\/sk\/<\/a><\/p>\n\n\n<div class=\"wp-block-image\">\n<figure class=\"alignleft size-full\"><img loading=\"lazy\" decoding=\"async\" width=\"454\" height=\"116\" src=\"https:\/\/kulturamoldava.sk\/wp-content\/uploads\/2022\/06\/KSK_logo_hor_ver.png\" alt=\"\" class=\"wp-image-28566\" srcset=\"https:\/\/kulturamoldava.sk\/wp-content\/uploads\/2022\/06\/KSK_logo_hor_ver.png 454w, https:\/\/kulturamoldava.sk\/wp-content\/uploads\/2022\/06\/KSK_logo_hor_ver-300x77.png 300w, https:\/\/kulturamoldava.sk\/wp-content\/uploads\/2022\/06\/KSK_logo_hor_ver-18x5.png 18w\" sizes=\"auto, (max-width: 454px) 100vw, 454px\" \/><\/figure>\n<\/div>\n\n\n<figure class=\"wp-block-gallery aligncenter has-nested-images columns-default is-cropped wp-block-gallery-1 is-layout-flex wp-block-gallery-is-layout-flex\">\n<figure class=\"wp-block-image size-large\"><img loading=\"lazy\" decoding=\"async\" width=\"791\" height=\"1024\" data-id=\"28634\" src=\"https:\/\/kulturamoldava.sk\/wp-content\/uploads\/2022\/07\/Fotografia-Projekt-1-791x1024.jpg\" alt=\"\" class=\"wp-image-28634\" srcset=\"https:\/\/kulturamoldava.sk\/wp-content\/uploads\/2022\/07\/Fotografia-Projekt-1-791x1024.jpg 791w, https:\/\/kulturamoldava.sk\/wp-content\/uploads\/2022\/07\/Fotografia-Projekt-1-scaled-600x777.jpg 600w, https:\/\/kulturamoldava.sk\/wp-content\/uploads\/2022\/07\/Fotografia-Projekt-1-232x300.jpg 232w, https:\/\/kulturamoldava.sk\/wp-content\/uploads\/2022\/07\/Fotografia-Projekt-1-768x994.jpg 768w, https:\/\/kulturamoldava.sk\/wp-content\/uploads\/2022\/07\/Fotografia-Projekt-1-1187x1536.jpg 1187w, https:\/\/kulturamoldava.sk\/wp-content\/uploads\/2022\/07\/Fotografia-Projekt-1-1583x2048.jpg 1583w, https:\/\/kulturamoldava.sk\/wp-content\/uploads\/2022\/07\/Fotografia-Projekt-1-9x12.jpg 9w, https:\/\/kulturamoldava.sk\/wp-content\/uploads\/2022\/07\/Fotografia-Projekt-1-580x751.jpg 580w, https:\/\/kulturamoldava.sk\/wp-content\/uploads\/2022\/07\/Fotografia-Projekt-1-860x1113.jpg 860w, https:\/\/kulturamoldava.sk\/wp-content\/uploads\/2022\/07\/Fotografia-Projekt-1-1160x1501.jpg 1160w, https:\/\/kulturamoldava.sk\/wp-content\/uploads\/2022\/07\/Fotografia-Projekt-1-1320x1708.jpg 1320w, https:\/\/kulturamoldava.sk\/wp-content\/uploads\/2022\/07\/Fotografia-Projekt-1-scaled.jpg 1978w\" sizes=\"auto, (max-width: 791px) 100vw, 791px\" \/><\/figure>\n\n\n\n<figure class=\"wp-block-image size-large is-style-default\"><img loading=\"lazy\" decoding=\"async\" width=\"791\" height=\"1024\" data-id=\"28635\" src=\"https:\/\/kulturamoldava.sk\/wp-content\/uploads\/2022\/07\/Fotografia-projekt-HU-1-791x1024.jpg\" alt=\"\" class=\"wp-image-28635\" srcset=\"https:\/\/kulturamoldava.sk\/wp-content\/uploads\/2022\/07\/Fotografia-projekt-HU-1-791x1024.jpg 791w, https:\/\/kulturamoldava.sk\/wp-content\/uploads\/2022\/07\/Fotografia-projekt-HU-1-scaled-600x777.jpg 600w, https:\/\/kulturamoldava.sk\/wp-content\/uploads\/2022\/07\/Fotografia-projekt-HU-1-232x300.jpg 232w, https:\/\/kulturamoldava.sk\/wp-content\/uploads\/2022\/07\/Fotografia-projekt-HU-1-768x994.jpg 768w, https:\/\/kulturamoldava.sk\/wp-content\/uploads\/2022\/07\/Fotografia-projekt-HU-1-1187x1536.jpg 1187w, https:\/\/kulturamoldava.sk\/wp-content\/uploads\/2022\/07\/Fotografia-projekt-HU-1-1583x2048.jpg 1583w, https:\/\/kulturamoldava.sk\/wp-content\/uploads\/2022\/07\/Fotografia-projekt-HU-1-9x12.jpg 9w, https:\/\/kulturamoldava.sk\/wp-content\/uploads\/2022\/07\/Fotografia-projekt-HU-1-580x751.jpg 580w, https:\/\/kulturamoldava.sk\/wp-content\/uploads\/2022\/07\/Fotografia-projekt-HU-1-860x1113.jpg 860w, https:\/\/kulturamoldava.sk\/wp-content\/uploads\/2022\/07\/Fotografia-projekt-HU-1-1160x1501.jpg 1160w, https:\/\/kulturamoldava.sk\/wp-content\/uploads\/2022\/07\/Fotografia-projekt-HU-1-1320x1708.jpg 1320w, https:\/\/kulturamoldava.sk\/wp-content\/uploads\/2022\/07\/Fotografia-projekt-HU-1-scaled.jpg 1978w\" sizes=\"auto, (max-width: 791px) 100vw, 791px\" \/><\/figure>\n<\/figure>","protected":false},"excerpt":{"rendered":"<p>V\u00fdzva pre moldavsk\u00fdch amat\u00e9rskych fotografov V\u00e1\u017een\u00ed z\u00e1ujemcovia o fotografovanie, zapojte sa do s\u00fa\u0165a\u017ee a prezentuje svoje najkraj\u0161ie fotografie pr\u00edrodn\u00e9ho a&nbsp;kult\u00farneho dedi\u010dstva Moldavy nad Bodvou a&nbsp;okolia ostatn\u00fdm milovn\u00edkom a priaznivcom tohto \u00fa\u017easn\u00e9ho kon\u00ed\u010dka.Mestsk\u00e9 kult\u00farne stredisko organizuje v&nbsp;septembri 2022 v\u00fdstavu fotografi\u00ed moldavsk\u00fdch amat\u00e9rskych fotografov. Venujte n\u00e1m pros\u00edm aspo\u0148 2 vytla\u010den\u00e9 fotografie form\u00e1tu A3, aby sme ich mohli&#8230;<\/p>","protected":false},"author":1,"featured_media":28637,"comment_status":"closed","ping_status":"closed","sticky":false,"template":"","format":"standard","meta":{"ngg_post_thumbnail":0,"footnotes":""},"categories":[1],"tags":[],"class_list":["post-28565","post","type-post","status-publish","format-standard","has-post-thumbnail","hentry","category-nezaradene"],"yoast_head":"<!-- This site is optimized with the Yoast SEO plugin v27.4 - https:\/\/yoast.com\/product\/yoast-seo-wordpress\/ -->\n<title>V\u00ddZVA A S\u00da\u0164A\u017d MOLDAVSK\u00ddCH AMAT\u00c9RSKYCH FOTOGRAFOV - Mestsk\u00e9 kult\u00farne stredisko Moldava nad Bodvou<\/title>\n<meta name=\"robots\" content=\"index, follow, max-snippet:-1, max-image-preview:large, max-video-preview:-1\" \/>\n<link rel=\"canonical\" href=\"https:\/\/kulturamoldava.sk\/hu\/vyzva-a-sutaz-moldavskych-amaterskych-fotografov\/\" \/>\n<meta property=\"og:locale\" content=\"hu_HU\" \/>\n<meta property=\"og:type\" content=\"article\" \/>\n<meta property=\"og:title\" content=\"V\u00ddZVA A S\u00da\u0164A\u017d MOLDAVSK\u00ddCH AMAT\u00c9RSKYCH FOTOGRAFOV - Mestsk\u00e9 kult\u00farne stredisko Moldava nad Bodvou\" \/>\n<meta property=\"og:description\" content=\"V\u00fdzva pre moldavsk\u00fdch amat\u00e9rskych fotografov V\u00e1\u017een\u00ed z\u00e1ujemcovia o fotografovanie, zapojte sa do s\u00fa\u0165a\u017ee a prezentuje svoje najkraj\u0161ie fotografie pr\u00edrodn\u00e9ho a&nbsp;kult\u00farneho dedi\u010dstva Moldavy nad Bodvou a&nbsp;okolia ostatn\u00fdm milovn\u00edkom a priaznivcom tohto \u00fa\u017easn\u00e9ho kon\u00ed\u010dka.Mestsk\u00e9 kult\u00farne stredisko organizuje v&nbsp;septembri 2022 v\u00fdstavu fotografi\u00ed moldavsk\u00fdch amat\u00e9rskych fotografov. Venujte n\u00e1m pros\u00edm aspo\u0148 2 vytla\u010den\u00e9 fotografie form\u00e1tu A3, aby sme ich mohli...\" \/>\n<meta property=\"og:url\" content=\"https:\/\/kulturamoldava.sk\/hu\/vyzva-a-sutaz-moldavskych-amaterskych-fotografov\/\" \/>\n<meta property=\"og:site_name\" content=\"Mestsk\u00e9 kult\u00farne stredisko Moldava nad Bodvou\" \/>\n<meta property=\"article:published_time\" content=\"2022-06-01T11:18:17+00:00\" \/>\n<meta property=\"article:modified_time\" content=\"2022-07-21T10:31:18+00:00\" \/>\n<meta property=\"og:image\" content=\"https:\/\/kulturamoldava.sk\/wp-content\/uploads\/2022\/06\/Titulna-Fotografia-1.jpg\" \/>\n\t<meta property=\"og:image:width\" content=\"2550\" \/>\n\t<meta property=\"og:image:height\" content=\"2363\" \/>\n\t<meta property=\"og:image:type\" content=\"image\/jpeg\" \/>\n<meta name=\"author\" content=\"kulturamoldava\" \/>\n<meta name=\"twitter:card\" content=\"summary_large_image\" \/>\n<meta name=\"twitter:label1\" content=\"Szerz\u0151:\" \/>\n\t<meta name=\"twitter:data1\" content=\"kulturamoldava\" \/>\n\t<meta name=\"twitter:label2\" content=\"Becs\u00fclt olvas\u00e1si id\u0151\" \/>\n\t<meta name=\"twitter:data2\" content=\"2 perc\" \/>\n<script type=\"application\/ld+json\" class=\"yoast-schema-graph\">{\"@context\":\"https:\\\/\\\/schema.org\",\"@graph\":[{\"@type\":\"Article\",\"@id\":\"https:\\\/\\\/kulturamoldava.sk\\\/vyzva-a-sutaz-moldavskych-amaterskych-fotografov\\\/#article\",\"isPartOf\":{\"@id\":\"https:\\\/\\\/kulturamoldava.sk\\\/vyzva-a-sutaz-moldavskych-amaterskych-fotografov\\\/\"},\"author\":{\"name\":\"kulturamoldava\",\"@id\":\"https:\\\/\\\/kulturamoldava.sk\\\/#\\\/schema\\\/person\\\/8eef072de6f42a5fd024b6987a0745d6\"},\"headline\":\"V\u00ddZVA A S\u00da\u0164A\u017d MOLDAVSK\u00ddCH AMAT\u00c9RSKYCH FOTOGRAFOV\",\"datePublished\":\"2022-06-01T11:18:17+00:00\",\"dateModified\":\"2022-07-21T10:31:18+00:00\",\"mainEntityOfPage\":{\"@id\":\"https:\\\/\\\/kulturamoldava.sk\\\/vyzva-a-sutaz-moldavskych-amaterskych-fotografov\\\/\"},\"wordCount\":300,\"image\":{\"@id\":\"https:\\\/\\\/kulturamoldava.sk\\\/vyzva-a-sutaz-moldavskych-amaterskych-fotografov\\\/#primaryimage\"},\"thumbnailUrl\":\"https:\\\/\\\/kulturamoldava.sk\\\/wp-content\\\/uploads\\\/2022\\\/06\\\/Titulna-Fotografia-1.jpg\",\"articleSection\":[\"Nezaraden\u00e9\"],\"inLanguage\":\"hu\"},{\"@type\":\"WebPage\",\"@id\":\"https:\\\/\\\/kulturamoldava.sk\\\/vyzva-a-sutaz-moldavskych-amaterskych-fotografov\\\/\",\"url\":\"https:\\\/\\\/kulturamoldava.sk\\\/vyzva-a-sutaz-moldavskych-amaterskych-fotografov\\\/\",\"name\":\"V\u00ddZVA A S\u00da\u0164A\u017d MOLDAVSK\u00ddCH AMAT\u00c9RSKYCH FOTOGRAFOV - Mestsk\u00e9 kult\u00farne stredisko Moldava nad Bodvou\",\"isPartOf\":{\"@id\":\"https:\\\/\\\/kulturamoldava.sk\\\/#website\"},\"primaryImageOfPage\":{\"@id\":\"https:\\\/\\\/kulturamoldava.sk\\\/vyzva-a-sutaz-moldavskych-amaterskych-fotografov\\\/#primaryimage\"},\"image\":{\"@id\":\"https:\\\/\\\/kulturamoldava.sk\\\/vyzva-a-sutaz-moldavskych-amaterskych-fotografov\\\/#primaryimage\"},\"thumbnailUrl\":\"https:\\\/\\\/kulturamoldava.sk\\\/wp-content\\\/uploads\\\/2022\\\/06\\\/Titulna-Fotografia-1.jpg\",\"datePublished\":\"2022-06-01T11:18:17+00:00\",\"dateModified\":\"2022-07-21T10:31:18+00:00\",\"author\":{\"@id\":\"https:\\\/\\\/kulturamoldava.sk\\\/#\\\/schema\\\/person\\\/8eef072de6f42a5fd024b6987a0745d6\"},\"breadcrumb\":{\"@id\":\"https:\\\/\\\/kulturamoldava.sk\\\/vyzva-a-sutaz-moldavskych-amaterskych-fotografov\\\/#breadcrumb\"},\"inLanguage\":\"hu\",\"potentialAction\":[{\"@type\":\"ReadAction\",\"target\":[\"https:\\\/\\\/kulturamoldava.sk\\\/vyzva-a-sutaz-moldavskych-amaterskych-fotografov\\\/\"]}]},{\"@type\":\"ImageObject\",\"inLanguage\":\"hu\",\"@id\":\"https:\\\/\\\/kulturamoldava.sk\\\/vyzva-a-sutaz-moldavskych-amaterskych-fotografov\\\/#primaryimage\",\"url\":\"https:\\\/\\\/kulturamoldava.sk\\\/wp-content\\\/uploads\\\/2022\\\/06\\\/Titulna-Fotografia-1.jpg\",\"contentUrl\":\"https:\\\/\\\/kulturamoldava.sk\\\/wp-content\\\/uploads\\\/2022\\\/06\\\/Titulna-Fotografia-1.jpg\",\"width\":2550,\"height\":2363},{\"@type\":\"BreadcrumbList\",\"@id\":\"https:\\\/\\\/kulturamoldava.sk\\\/vyzva-a-sutaz-moldavskych-amaterskych-fotografov\\\/#breadcrumb\",\"itemListElement\":[{\"@type\":\"ListItem\",\"position\":1,\"name\":\"Home\",\"item\":\"https:\\\/\\\/kulturamoldava.sk\\\/\"},{\"@type\":\"ListItem\",\"position\":2,\"name\":\"V\u00ddZVA A S\u00da\u0164A\u017d MOLDAVSK\u00ddCH AMAT\u00c9RSKYCH FOTOGRAFOV\"}]},{\"@type\":\"WebSite\",\"@id\":\"https:\\\/\\\/kulturamoldava.sk\\\/#website\",\"url\":\"https:\\\/\\\/kulturamoldava.sk\\\/\",\"name\":\"Mestsk\u00e9 kult\u00farne stredisko Moldava nad Bodvou\",\"description\":\"\",\"potentialAction\":[{\"@type\":\"SearchAction\",\"target\":{\"@type\":\"EntryPoint\",\"urlTemplate\":\"https:\\\/\\\/kulturamoldava.sk\\\/?s={search_term_string}\"},\"query-input\":{\"@type\":\"PropertyValueSpecification\",\"valueRequired\":true,\"valueName\":\"search_term_string\"}}],\"inLanguage\":\"hu\"},{\"@type\":\"Person\",\"@id\":\"https:\\\/\\\/kulturamoldava.sk\\\/#\\\/schema\\\/person\\\/8eef072de6f42a5fd024b6987a0745d6\",\"name\":\"kulturamoldava\",\"image\":{\"@type\":\"ImageObject\",\"inLanguage\":\"hu\",\"@id\":\"https:\\\/\\\/secure.gravatar.com\\\/avatar\\\/d6f6bf4cc0de0867347e805c1ac591b2391954abfd993ed9c457f5564a7576ca?s=96&d=mm&r=g\",\"url\":\"https:\\\/\\\/secure.gravatar.com\\\/avatar\\\/d6f6bf4cc0de0867347e805c1ac591b2391954abfd993ed9c457f5564a7576ca?s=96&d=mm&r=g\",\"contentUrl\":\"https:\\\/\\\/secure.gravatar.com\\\/avatar\\\/d6f6bf4cc0de0867347e805c1ac591b2391954abfd993ed9c457f5564a7576ca?s=96&d=mm&r=g\",\"caption\":\"kulturamoldava\"},\"url\":\"https:\\\/\\\/kulturamoldava.sk\\\/hu\\\/author\\\/kulturamoldava\\\/\"}]}<\/script>\n<!-- \/ Yoast SEO plugin. -->","yoast_head_json":{"title":"V\u00ddZVA A S\u00da\u0164A\u017d MOLDAVSK\u00ddCH AMAT\u00c9RSKYCH FOTOGRAFOV - Mestsk\u00e9 kult\u00farne stredisko Moldava nad Bodvou","robots":{"index":"index","follow":"follow","max-snippet":"max-snippet:-1","max-image-preview":"max-image-preview:large","max-video-preview":"max-video-preview:-1"},"canonical":"https:\/\/kulturamoldava.sk\/hu\/vyzva-a-sutaz-moldavskych-amaterskych-fotografov\/","og_locale":"hu_HU","og_type":"article","og_title":"V\u00ddZVA A S\u00da\u0164A\u017d MOLDAVSK\u00ddCH AMAT\u00c9RSKYCH FOTOGRAFOV - Mestsk\u00e9 kult\u00farne stredisko Moldava nad Bodvou","og_description":"V\u00fdzva pre moldavsk\u00fdch amat\u00e9rskych fotografov V\u00e1\u017een\u00ed z\u00e1ujemcovia o fotografovanie, zapojte sa do s\u00fa\u0165a\u017ee a prezentuje svoje najkraj\u0161ie fotografie pr\u00edrodn\u00e9ho a&nbsp;kult\u00farneho dedi\u010dstva Moldavy nad Bodvou a&nbsp;okolia ostatn\u00fdm milovn\u00edkom a priaznivcom tohto \u00fa\u017easn\u00e9ho kon\u00ed\u010dka.Mestsk\u00e9 kult\u00farne stredisko organizuje v&nbsp;septembri 2022 v\u00fdstavu fotografi\u00ed moldavsk\u00fdch amat\u00e9rskych fotografov. Venujte n\u00e1m pros\u00edm aspo\u0148 2 vytla\u010den\u00e9 fotografie form\u00e1tu A3, aby sme ich mohli...","og_url":"https:\/\/kulturamoldava.sk\/hu\/vyzva-a-sutaz-moldavskych-amaterskych-fotografov\/","og_site_name":"Mestsk\u00e9 kult\u00farne stredisko Moldava nad Bodvou","article_published_time":"2022-06-01T11:18:17+00:00","article_modified_time":"2022-07-21T10:31:18+00:00","og_image":[{"width":2550,"height":2363,"url":"https:\/\/kulturamoldava.sk\/wp-content\/uploads\/2022\/06\/Titulna-Fotografia-1.jpg","type":"image\/jpeg"}],"author":"kulturamoldava","twitter_card":"summary_large_image","twitter_misc":{"Szerz\u0151:":"kulturamoldava","Becs\u00fclt olvas\u00e1si id\u0151":"2 perc"},"schema":{"@context":"https:\/\/schema.org","@graph":[{"@type":"Article","@id":"https:\/\/kulturamoldava.sk\/vyzva-a-sutaz-moldavskych-amaterskych-fotografov\/#article","isPartOf":{"@id":"https:\/\/kulturamoldava.sk\/vyzva-a-sutaz-moldavskych-amaterskych-fotografov\/"},"author":{"name":"kulturamoldava","@id":"https:\/\/kulturamoldava.sk\/#\/schema\/person\/8eef072de6f42a5fd024b6987a0745d6"},"headline":"V\u00ddZVA A S\u00da\u0164A\u017d MOLDAVSK\u00ddCH AMAT\u00c9RSKYCH FOTOGRAFOV","datePublished":"2022-06-01T11:18:17+00:00","dateModified":"2022-07-21T10:31:18+00:00","mainEntityOfPage":{"@id":"https:\/\/kulturamoldava.sk\/vyzva-a-sutaz-moldavskych-amaterskych-fotografov\/"},"wordCount":300,"image":{"@id":"https:\/\/kulturamoldava.sk\/vyzva-a-sutaz-moldavskych-amaterskych-fotografov\/#primaryimage"},"thumbnailUrl":"https:\/\/kulturamoldava.sk\/wp-content\/uploads\/2022\/06\/Titulna-Fotografia-1.jpg","articleSection":["Nezaraden\u00e9"],"inLanguage":"hu"},{"@type":"WebPage","@id":"https:\/\/kulturamoldava.sk\/vyzva-a-sutaz-moldavskych-amaterskych-fotografov\/","url":"https:\/\/kulturamoldava.sk\/vyzva-a-sutaz-moldavskych-amaterskych-fotografov\/","name":"V\u00ddZVA A S\u00da\u0164A\u017d MOLDAVSK\u00ddCH AMAT\u00c9RSKYCH FOTOGRAFOV - Mestsk\u00e9 kult\u00farne stredisko Moldava nad Bodvou","isPartOf":{"@id":"https:\/\/kulturamoldava.sk\/#website"},"primaryImageOfPage":{"@id":"https:\/\/kulturamoldava.sk\/vyzva-a-sutaz-moldavskych-amaterskych-fotografov\/#primaryimage"},"image":{"@id":"https:\/\/kulturamoldava.sk\/vyzva-a-sutaz-moldavskych-amaterskych-fotografov\/#primaryimage"},"thumbnailUrl":"https:\/\/kulturamoldava.sk\/wp-content\/uploads\/2022\/06\/Titulna-Fotografia-1.jpg","datePublished":"2022-06-01T11:18:17+00:00","dateModified":"2022-07-21T10:31:18+00:00","author":{"@id":"https:\/\/kulturamoldava.sk\/#\/schema\/person\/8eef072de6f42a5fd024b6987a0745d6"},"breadcrumb":{"@id":"https:\/\/kulturamoldava.sk\/vyzva-a-sutaz-moldavskych-amaterskych-fotografov\/#breadcrumb"},"inLanguage":"hu","potentialAction":[{"@type":"ReadAction","target":["https:\/\/kulturamoldava.sk\/vyzva-a-sutaz-moldavskych-amaterskych-fotografov\/"]}]},{"@type":"ImageObject","inLanguage":"hu","@id":"https:\/\/kulturamoldava.sk\/vyzva-a-sutaz-moldavskych-amaterskych-fotografov\/#primaryimage","url":"https:\/\/kulturamoldava.sk\/wp-content\/uploads\/2022\/06\/Titulna-Fotografia-1.jpg","contentUrl":"https:\/\/kulturamoldava.sk\/wp-content\/uploads\/2022\/06\/Titulna-Fotografia-1.jpg","width":2550,"height":2363},{"@type":"BreadcrumbList","@id":"https:\/\/kulturamoldava.sk\/vyzva-a-sutaz-moldavskych-amaterskych-fotografov\/#breadcrumb","itemListElement":[{"@type":"ListItem","position":1,"name":"Home","item":"https:\/\/kulturamoldava.sk\/"},{"@type":"ListItem","position":2,"name":"V\u00ddZVA A S\u00da\u0164A\u017d MOLDAVSK\u00ddCH AMAT\u00c9RSKYCH FOTOGRAFOV"}]},{"@type":"WebSite","@id":"https:\/\/kulturamoldava.sk\/#website","url":"https:\/\/kulturamoldava.sk\/","name":"Szepsi V\u00e1rosi M\u0171vel\u0151d\u00e9si K\u00f6zpont","description":"","potentialAction":[{"@type":"SearchAction","target":{"@type":"EntryPoint","urlTemplate":"https:\/\/kulturamoldava.sk\/?s={search_term_string}"},"query-input":{"@type":"PropertyValueSpecification","valueRequired":true,"valueName":"search_term_string"}}],"inLanguage":"hu"},{"@type":"Person","@id":"https:\/\/kulturamoldava.sk\/#\/schema\/person\/8eef072de6f42a5fd024b6987a0745d6","name":"kulturamoldava","image":{"@type":"ImageObject","inLanguage":"hu","@id":"https:\/\/secure.gravatar.com\/avatar\/d6f6bf4cc0de0867347e805c1ac591b2391954abfd993ed9c457f5564a7576ca?s=96&d=mm&r=g","url":"https:\/\/secure.gravatar.com\/avatar\/d6f6bf4cc0de0867347e805c1ac591b2391954abfd993ed9c457f5564a7576ca?s=96&d=mm&r=g","contentUrl":"https:\/\/secure.gravatar.com\/avatar\/d6f6bf4cc0de0867347e805c1ac591b2391954abfd993ed9c457f5564a7576ca?s=96&d=mm&r=g","caption":"kulturamoldava"},"url":"https:\/\/kulturamoldava.sk\/hu\/author\/kulturamoldava\/"}]}},"_links":{"self":[{"href":"https:\/\/kulturamoldava.sk\/hu\/wp-json\/wp\/v2\/posts\/28565","targetHints":{"allow":["GET"]}}],"collection":[{"href":"https:\/\/kulturamoldava.sk\/hu\/wp-json\/wp\/v2\/posts"}],"about":[{"href":"https:\/\/kulturamoldava.sk\/hu\/wp-json\/wp\/v2\/types\/post"}],"author":[{"embeddable":true,"href":"https:\/\/kulturamoldava.sk\/hu\/wp-json\/wp\/v2\/users\/1"}],"replies":[{"embeddable":true,"href":"https:\/\/kulturamoldava.sk\/hu\/wp-json\/wp\/v2\/comments?post=28565"}],"version-history":[{"count":4,"href":"https:\/\/kulturamoldava.sk\/hu\/wp-json\/wp\/v2\/posts\/28565\/revisions"}],"predecessor-version":[{"id":28638,"href":"https:\/\/kulturamoldava.sk\/hu\/wp-json\/wp\/v2\/posts\/28565\/revisions\/28638"}],"wp:featuredmedia":[{"embeddable":true,"href":"https:\/\/kulturamoldava.sk\/hu\/wp-json\/wp\/v2\/media\/28637"}],"wp:attachment":[{"href":"https:\/\/kulturamoldava.sk\/hu\/wp-json\/wp\/v2\/media?parent=28565"}],"wp:term":[{"taxonomy":"category","embeddable":true,"href":"https:\/\/kulturamoldava.sk\/hu\/wp-json\/wp\/v2\/categories?post=28565"},{"taxonomy":"post_tag","embeddable":true,"href":"https:\/\/kulturamoldava.sk\/hu\/wp-json\/wp\/v2\/tags?post=28565"}],"curies":[{"name":"wp","href":"https:\/\/api.w.org\/{rel}","templated":true}]}}