{"id":28435,"date":"2022-05-19T12:00:00","date_gmt":"2022-05-19T10:00:00","guid":{"rendered":"https:\/\/kulturamoldava.sk\/?p=28435"},"modified":"2022-06-01T12:08:33","modified_gmt":"2022-06-01T10:08:33","slug":"fazulovy-festival-14-5-2022","status":"publish","type":"post","link":"https:\/\/kulturamoldava.sk\/hu\/fazulovy-festival-14-5-2022\/","title":{"rendered":"Babfesztiv\u00e1l 2022. m\u00e1jus 14."},"content":{"rendered":"<p><strong>Fazu\u013eov\u00fd festival,<\/strong> podujatie s dlhoro\u010dnou trad\u00edciou sa v sobotu (14.5.2022) te\u0161ilo z vysokej n\u00e1v\u0161tevnosti <img loading=\"lazy\" decoding=\"async\" src=\"https:\/\/static.xx.fbcdn.net\/images\/emoji.php\/v9\/t9b\/1\/16\/1f468_200d_1f469_200d_1f467_200d_1f466.png\" alt=\"?\u200d?\u200d?\u200d?\" width=\"16\" height=\"16\">, vzrastaj\u00facemu z\u00e1ujmu s\u00fa\u0165a\u017en\u00fdch dru\u017estiev vo varen\u00ed aj \u0161irokej ponuke kvalitn\u00fdch jed\u00e1l <img loading=\"lazy\" decoding=\"async\" src=\"https:\/\/static.xx.fbcdn.net\/images\/emoji.php\/v9\/tb4\/1\/16\/1f958.png\" alt=\"?\" width=\"16\" height=\"16\">. Tohto roku sa do s\u00fa\u0165a\u017ee, ktor\u00fa organiza\u010dne zastre\u0161uje Mestsk\u00e9 kult\u00farne stredisko prihl\u00e1silo 21 s\u00fa\u0165a\u017en\u00fdch t\u00edmov, medzi ktor\u00fdmi nech\u00fdbali skaln\u00ed Cup\u00e1\u0161i z Mokraniec, Be\u0165\u00e1ri- Bety\u00e1r Kolb\u00e1sz, Cseresznyeklub, partnersk\u00e9 mest\u00e1 z Karcag\/HU\/ a Encs\/HU, Rada rodi\u010dovsk\u00e9ho zdru\u017eenia pri M\u0160 Vesel\u00e1 Zebra, M\u0160 Sz\u00e1zszorsz\u00e9p \u2013 \u00d3voda, Po\u013eovn\u00ed\u010dek &#8211; Ifj\u00fa vad\u00e1sz, ako aj nov\u00e1\u010dikovia Aliancia \u2013 Sz\u00f6vets\u00e9g, Athletic Legion Club Moldava nad Bodvou, SO\u0160 Agrotechnick\u00e1- Agrotechnikai Szakk\u00f6z\u00e9piskola, Hlas SD, Save Nature by \u010civas, Hasi\u010di Moldava, Spojen\u00e1 cirkevn\u00e1 \u0161kola Bl. S\u00e1ry Salkah\u00e1zi &#8211; Boldog Salkah\u00e1zi S\u00e1ra Egyh\u00e1zi Iskolak\u00f6zpont, Baff sa o. z., Radar Team, FACHMANI zos Popro\u010da a OZ Castrum Thorna.<\/p>\n\n\n\n<p>S\u00fata\u017en\u00e9 t\u00edmy varili u\u017e od 11.00 hodiny a ich kulin\u00e1rske v\u00fdtvory <img loading=\"lazy\" decoding=\"async\" src=\"https:\/\/static.xx.fbcdn.net\/images\/emoji.php\/v9\/tb4\/1\/16\/1f958.png\" alt=\"?\" width=\"16\" height=\"16\"> hodnotila porota v zlo\u017een\u00ed: Kl\u00e1ra Vranaiov\u00e1- prednostka mestsk\u00e9ho \u00faradu, Jozef Heged\u0171s a Andr\u00e1s Matusz z Miskovca \/MR\/ Aj ke\u010f ocenen\u00edm bola pre mnoh\u00fdch u\u017e samotn\u00e1 \u00fa\u010das\u0165 a mo\u017enos\u0165 pobudn\u00fa\u0165 medzi priate\u013emi \u010di n\u00e1js\u0165 si nov\u00fdch, predsa len pod\u013ea platn\u00fdch pravidiel boli nakoniec vyhl\u00e1sen\u00ed v\u00ed\u0165azi: <br>3. <img loading=\"lazy\" decoding=\"async\" src=\"https:\/\/static.xx.fbcdn.net\/images\/emoji.php\/v9\/t96\/1\/16\/1f949.png\" alt=\"?\" width=\"16\" height=\"16\">miesto z\u00edskalo: <strong>SO\u0160 Agrotechnick\u00e1 \u2013 Agrotechnikai Szakk\u00f6z\u00e9piskola <\/strong><br>2. <img loading=\"lazy\" decoding=\"async\" src=\"https:\/\/static.xx.fbcdn.net\/images\/emoji.php\/v9\/t15\/1\/16\/1f948.png\" alt=\"?\" width=\"16\" height=\"16\">miesto obsadilo: <strong>FACHMANI zos Popro\u010da <\/strong><br>Prvenstvo <img loading=\"lazy\" decoding=\"async\" src=\"https:\/\/static.xx.fbcdn.net\/images\/emoji.php\/v9\/t94\/1\/16\/1f947.png\" alt=\"?\" width=\"16\" height=\"16\">si odnieslo dru\u017estvo: <strong>Mesto Moldava \u2013 Mestsk\u00fd \u00farad<\/strong> <br>Okrem toho porota udelila aj \u010fal\u0161ie ocenenia: Mimoriadnu cenu <img loading=\"lazy\" decoding=\"async\" src=\"https:\/\/static.xx.fbcdn.net\/images\/emoji.php\/v9\/tbe\/1\/16\/1f3c6.png\" alt=\"?\" width=\"16\" height=\"16\">z\u00edskala za chutn\u00fa \u201epr\u00edlohu\u201c \u2013 dom\u00e1ci chleb\u00edk s tekvicov\u00fdmi semia\u010dkami <strong>Rada rodi\u010dov zdru\u017eenia pri M\u0160 Vesel\u00e1 Zebra<\/strong>. <br>Cenu za najkraj\u0161iu v\u00fdzdobu st\u00e1nku z\u00edskalo <strong>OZ Po\u013eovn\u00ed\u010dek \u2013 Ifj\u00fa vad\u00e1sz<\/strong>. <br>Po\u010das podujatia bola vyhodnoten\u00e1 aj kampa\u0148 <strong>Vy\u010dist\u00edme si Moldavu<\/strong> <img loading=\"lazy\" decoding=\"async\" src=\"https:\/\/static.xx.fbcdn.net\/images\/emoji.php\/v9\/t69\/1\/16\/1f331.png\" alt=\"?\" width=\"16\" height=\"16\">do ktorej sa zapojilo tie\u017e rekordn\u00fdch <strong>29 dru\u017estiev<\/strong>. \u010eakovn\u00fd list a symbolick\u00e9 ocenenie vo forme pouk\u00e1\u017eky na ob\u010derstvenie \u010di n\u00e1kupu pom\u00f4cok na \u0161portovanie im na p\u00f3diu amfite\u00e1tra odovzdal <strong>prim\u00e1tor mesta Slavom\u00edr Borovsk\u00fd.<\/strong> O dobr\u00fa n\u00e1ladu <img loading=\"lazy\" decoding=\"async\" src=\"https:\/\/static.xx.fbcdn.net\/images\/emoji.php\/v9\/ta0\/1\/16\/1f3b7.png\" alt=\"?\" width=\"16\" height=\"16\"><img loading=\"lazy\" decoding=\"async\" src=\"https:\/\/static.xx.fbcdn.net\/images\/emoji.php\/v9\/tca\/1\/16\/1f3ba.png\" alt=\"?\" width=\"16\" height=\"16\"><img loading=\"lazy\" decoding=\"async\" src=\"https:\/\/static.xx.fbcdn.net\/images\/emoji.php\/v9\/t4b\/1\/16\/1f3bb.png\" alt=\"?\" width=\"16\" height=\"16\"> sa po\u010das podujatia postarali skupiny <strong>TRIAL, ZEKERES a BASAWELL z Pre\u0161ova<\/strong>, de\u0165om de\u0148 spestrili sk\u00e1kacie hrady, trdeln\u00edky a cukrov\u00e1 vata. <br>No najv\u00e4\u010d\u0161ou rados\u0165ou nielen pre organiz\u00e1torov, ale aj \u00fa\u010dinkuj\u00facich bola spont\u00e1nna z\u00e1bava <img loading=\"lazy\" decoding=\"async\" src=\"https:\/\/static.xx.fbcdn.net\/images\/emoji.php\/v9\/t97\/1\/16\/1f57a.png\" alt=\"?\" width=\"16\" height=\"16\"><img loading=\"lazy\" decoding=\"async\" src=\"https:\/\/static.xx.fbcdn.net\/images\/emoji.php\/v9\/tc7\/1\/16\/1f483.png\" alt=\"?\" width=\"16\" height=\"16\"> a dobr\u00e1 n\u00e1lada, ktor\u00e1 pretrvala po\u010das cel\u00e9ho sobot\u0148aj\u0161ieho d\u0148a a\u017e do podve\u010dera.<\/p>\n\n\n\n<p>Foto: Peter Tak\u00e1\u010d<br>Video: TV Moldava\/ Szepsi TV<\/p>\n\n\n\n<figure class=\"wp-block-embed is-type-video is-provider-youtube wp-block-embed-youtube wp-embed-aspect-16-9 wp-has-aspect-ratio\"><div class=\"wp-block-embed__wrapper\">\n<iframe loading=\"lazy\" title=\"Fazu\u013eov\u00fd\u00a0festival\u00a02022\" width=\"500\" height=\"281\" src=\"https:\/\/www.youtube.com\/embed\/-CSGvDw2M80?feature=oembed\" frameborder=\"0\" allow=\"accelerometer; autoplay; clipboard-write; encrypted-media; gyroscope; picture-in-picture; web-share\" referrerpolicy=\"strict-origin-when-cross-origin\" allowfullscreen><\/iframe>\n<\/div><\/figure>\n\n\n\n<figure class=\"wp-block-embed is-type-video is-provider-youtube wp-block-embed-youtube wp-embed-aspect-16-9 wp-has-aspect-ratio\"><div class=\"wp-block-embed__wrapper\">\n<iframe loading=\"lazy\" title=\"Babfesztiv\u00e1l 2022\" width=\"500\" height=\"281\" src=\"https:\/\/www.youtube.com\/embed\/0e2Ia_Y--Vc?feature=oembed\" frameborder=\"0\" allow=\"accelerometer; autoplay; clipboard-write; encrypted-media; gyroscope; picture-in-picture; web-share\" referrerpolicy=\"strict-origin-when-cross-origin\" allowfullscreen><\/iframe>\n<\/div><\/figure>\n\n\n\n<div class=\"wp-block-buttons is-layout-flex wp-block-buttons-is-layout-flex\"><\/div>","protected":false},"excerpt":{"rendered":"<p>Fazu\u013eov\u00fd festival, podujatie s dlhoro\u010dnou trad\u00edciou sa v sobotu (14.5.2022) te\u0161ilo z vysokej n\u00e1v\u0161tevnosti , vzrastaj\u00facemu z\u00e1ujmu s\u00fa\u0165a\u017en\u00fdch dru\u017estiev vo varen\u00ed aj \u0161irokej ponuke kvalitn\u00fdch jed\u00e1l . Tohto roku sa do s\u00fa\u0165a\u017ee, ktor\u00fa organiza\u010dne zastre\u0161uje Mestsk\u00e9 kult\u00farne stredisko prihl\u00e1silo 21 s\u00fa\u0165a\u017en\u00fdch t\u00edmov, medzi ktor\u00fdmi nech\u00fdbali skaln\u00ed Cup\u00e1\u0161i z Mokraniec, Be\u0165\u00e1ri- Bety\u00e1r Kolb\u00e1sz, Cseresznyeklub, partnersk\u00e9 mest\u00e1&#8230;<\/p>","protected":false},"author":1,"featured_media":28444,"comment_status":"closed","ping_status":"closed","sticky":false,"template":"","format":"standard","meta":{"ngg_post_thumbnail":0,"footnotes":""},"categories":[1],"tags":[],"class_list":["post-28435","post","type-post","status-publish","format-standard","has-post-thumbnail","hentry","category-nezaradene"],"yoast_head":"<!-- This site is optimized with the Yoast SEO plugin v27.4 - https:\/\/yoast.com\/product\/yoast-seo-wordpress\/ -->\n<title>Fazu\u013eov\u00fd festival 14.5.2022 - Mestsk\u00e9 kult\u00farne stredisko Moldava nad Bodvou<\/title>\n<meta name=\"robots\" content=\"index, follow, max-snippet:-1, max-image-preview:large, max-video-preview:-1\" \/>\n<link rel=\"canonical\" href=\"https:\/\/kulturamoldava.sk\/hu\/fazulovy-festival-14-5-2022\/\" \/>\n<meta property=\"og:locale\" content=\"hu_HU\" \/>\n<meta property=\"og:type\" content=\"article\" \/>\n<meta property=\"og:title\" content=\"Fazu\u013eov\u00fd festival 14.5.2022 - Mestsk\u00e9 kult\u00farne stredisko Moldava nad Bodvou\" \/>\n<meta property=\"og:description\" content=\"Fazu\u013eov\u00fd festival, podujatie s dlhoro\u010dnou trad\u00edciou sa v sobotu (14.5.2022) te\u0161ilo z vysokej n\u00e1v\u0161tevnosti , vzrastaj\u00facemu z\u00e1ujmu s\u00fa\u0165a\u017en\u00fdch dru\u017estiev vo varen\u00ed aj \u0161irokej ponuke kvalitn\u00fdch jed\u00e1l . Tohto roku sa do s\u00fa\u0165a\u017ee, ktor\u00fa organiza\u010dne zastre\u0161uje Mestsk\u00e9 kult\u00farne stredisko prihl\u00e1silo 21 s\u00fa\u0165a\u017en\u00fdch t\u00edmov, medzi ktor\u00fdmi nech\u00fdbali skaln\u00ed Cup\u00e1\u0161i z Mokraniec, Be\u0165\u00e1ri- Bety\u00e1r Kolb\u00e1sz, Cseresznyeklub, partnersk\u00e9 mest\u00e1...\" \/>\n<meta property=\"og:url\" content=\"https:\/\/kulturamoldava.sk\/hu\/fazulovy-festival-14-5-2022\/\" \/>\n<meta property=\"og:site_name\" content=\"Mestsk\u00e9 kult\u00farne stredisko Moldava nad Bodvou\" \/>\n<meta property=\"article:published_time\" content=\"2022-05-19T10:00:00+00:00\" \/>\n<meta property=\"article:modified_time\" content=\"2022-06-01T10:08:33+00:00\" \/>\n<meta property=\"og:image\" content=\"https:\/\/kulturamoldava.sk\/wp-content\/uploads\/2022\/06\/680A2632-1-scaled.jpeg\" \/>\n\t<meta property=\"og:image:width\" content=\"2560\" \/>\n\t<meta property=\"og:image:height\" content=\"1921\" \/>\n\t<meta property=\"og:image:type\" content=\"image\/jpeg\" \/>\n<meta name=\"author\" content=\"kulturamoldava\" \/>\n<meta name=\"twitter:card\" content=\"summary_large_image\" \/>\n<meta name=\"twitter:label1\" content=\"Szerz\u0151:\" \/>\n\t<meta name=\"twitter:data1\" content=\"kulturamoldava\" \/>\n\t<meta name=\"twitter:label2\" content=\"Becs\u00fclt olvas\u00e1si id\u0151\" \/>\n\t<meta name=\"twitter:data2\" content=\"5 perc\" \/>\n<script type=\"application\/ld+json\" class=\"yoast-schema-graph\">{\"@context\":\"https:\\\/\\\/schema.org\",\"@graph\":[{\"@type\":\"Article\",\"@id\":\"https:\\\/\\\/kulturamoldava.sk\\\/fazulovy-festival-14-5-2022\\\/#article\",\"isPartOf\":{\"@id\":\"https:\\\/\\\/kulturamoldava.sk\\\/fazulovy-festival-14-5-2022\\\/\"},\"author\":{\"name\":\"kulturamoldava\",\"@id\":\"https:\\\/\\\/kulturamoldava.sk\\\/#\\\/schema\\\/person\\\/8eef072de6f42a5fd024b6987a0745d6\"},\"headline\":\"Fazu\u013eov\u00fd festival 14.5.2022\",\"datePublished\":\"2022-05-19T10:00:00+00:00\",\"dateModified\":\"2022-06-01T10:08:33+00:00\",\"mainEntityOfPage\":{\"@id\":\"https:\\\/\\\/kulturamoldava.sk\\\/fazulovy-festival-14-5-2022\\\/\"},\"wordCount\":468,\"image\":{\"@id\":\"https:\\\/\\\/kulturamoldava.sk\\\/fazulovy-festival-14-5-2022\\\/#primaryimage\"},\"thumbnailUrl\":\"https:\\\/\\\/kulturamoldava.sk\\\/wp-content\\\/uploads\\\/2022\\\/06\\\/680A2632-1-scaled.jpeg\",\"articleSection\":[\"Nezaraden\u00e9\"],\"inLanguage\":\"hu\"},{\"@type\":\"WebPage\",\"@id\":\"https:\\\/\\\/kulturamoldava.sk\\\/fazulovy-festival-14-5-2022\\\/\",\"url\":\"https:\\\/\\\/kulturamoldava.sk\\\/fazulovy-festival-14-5-2022\\\/\",\"name\":\"Fazu\u013eov\u00fd festival 14.5.2022 - Mestsk\u00e9 kult\u00farne stredisko Moldava nad Bodvou\",\"isPartOf\":{\"@id\":\"https:\\\/\\\/kulturamoldava.sk\\\/#website\"},\"primaryImageOfPage\":{\"@id\":\"https:\\\/\\\/kulturamoldava.sk\\\/fazulovy-festival-14-5-2022\\\/#primaryimage\"},\"image\":{\"@id\":\"https:\\\/\\\/kulturamoldava.sk\\\/fazulovy-festival-14-5-2022\\\/#primaryimage\"},\"thumbnailUrl\":\"https:\\\/\\\/kulturamoldava.sk\\\/wp-content\\\/uploads\\\/2022\\\/06\\\/680A2632-1-scaled.jpeg\",\"datePublished\":\"2022-05-19T10:00:00+00:00\",\"dateModified\":\"2022-06-01T10:08:33+00:00\",\"author\":{\"@id\":\"https:\\\/\\\/kulturamoldava.sk\\\/#\\\/schema\\\/person\\\/8eef072de6f42a5fd024b6987a0745d6\"},\"breadcrumb\":{\"@id\":\"https:\\\/\\\/kulturamoldava.sk\\\/fazulovy-festival-14-5-2022\\\/#breadcrumb\"},\"inLanguage\":\"hu\",\"potentialAction\":[{\"@type\":\"ReadAction\",\"target\":[\"https:\\\/\\\/kulturamoldava.sk\\\/fazulovy-festival-14-5-2022\\\/\"]}]},{\"@type\":\"ImageObject\",\"inLanguage\":\"hu\",\"@id\":\"https:\\\/\\\/kulturamoldava.sk\\\/fazulovy-festival-14-5-2022\\\/#primaryimage\",\"url\":\"https:\\\/\\\/kulturamoldava.sk\\\/wp-content\\\/uploads\\\/2022\\\/06\\\/680A2632-1-scaled.jpeg\",\"contentUrl\":\"https:\\\/\\\/kulturamoldava.sk\\\/wp-content\\\/uploads\\\/2022\\\/06\\\/680A2632-1-scaled.jpeg\",\"width\":2560,\"height\":1921},{\"@type\":\"BreadcrumbList\",\"@id\":\"https:\\\/\\\/kulturamoldava.sk\\\/fazulovy-festival-14-5-2022\\\/#breadcrumb\",\"itemListElement\":[{\"@type\":\"ListItem\",\"position\":1,\"name\":\"Home\",\"item\":\"https:\\\/\\\/kulturamoldava.sk\\\/\"},{\"@type\":\"ListItem\",\"position\":2,\"name\":\"Fazu\u013eov\u00fd festival 14.5.2022\"}]},{\"@type\":\"WebSite\",\"@id\":\"https:\\\/\\\/kulturamoldava.sk\\\/#website\",\"url\":\"https:\\\/\\\/kulturamoldava.sk\\\/\",\"name\":\"Mestsk\u00e9 kult\u00farne stredisko Moldava nad Bodvou\",\"description\":\"\",\"potentialAction\":[{\"@type\":\"SearchAction\",\"target\":{\"@type\":\"EntryPoint\",\"urlTemplate\":\"https:\\\/\\\/kulturamoldava.sk\\\/?s={search_term_string}\"},\"query-input\":{\"@type\":\"PropertyValueSpecification\",\"valueRequired\":true,\"valueName\":\"search_term_string\"}}],\"inLanguage\":\"hu\"},{\"@type\":\"Person\",\"@id\":\"https:\\\/\\\/kulturamoldava.sk\\\/#\\\/schema\\\/person\\\/8eef072de6f42a5fd024b6987a0745d6\",\"name\":\"kulturamoldava\",\"image\":{\"@type\":\"ImageObject\",\"inLanguage\":\"hu\",\"@id\":\"https:\\\/\\\/secure.gravatar.com\\\/avatar\\\/d6f6bf4cc0de0867347e805c1ac591b2391954abfd993ed9c457f5564a7576ca?s=96&d=mm&r=g\",\"url\":\"https:\\\/\\\/secure.gravatar.com\\\/avatar\\\/d6f6bf4cc0de0867347e805c1ac591b2391954abfd993ed9c457f5564a7576ca?s=96&d=mm&r=g\",\"contentUrl\":\"https:\\\/\\\/secure.gravatar.com\\\/avatar\\\/d6f6bf4cc0de0867347e805c1ac591b2391954abfd993ed9c457f5564a7576ca?s=96&d=mm&r=g\",\"caption\":\"kulturamoldava\"},\"url\":\"https:\\\/\\\/kulturamoldava.sk\\\/hu\\\/author\\\/kulturamoldava\\\/\"}]}<\/script>\n<!-- \/ Yoast SEO plugin. -->","yoast_head_json":{"title":"Fazu\u013eov\u00fd festival 14.5.2022 - Mestsk\u00e9 kult\u00farne stredisko Moldava nad Bodvou","robots":{"index":"index","follow":"follow","max-snippet":"max-snippet:-1","max-image-preview":"max-image-preview:large","max-video-preview":"max-video-preview:-1"},"canonical":"https:\/\/kulturamoldava.sk\/hu\/fazulovy-festival-14-5-2022\/","og_locale":"hu_HU","og_type":"article","og_title":"Fazu\u013eov\u00fd festival 14.5.2022 - Mestsk\u00e9 kult\u00farne stredisko Moldava nad Bodvou","og_description":"Fazu\u013eov\u00fd festival, podujatie s dlhoro\u010dnou trad\u00edciou sa v sobotu (14.5.2022) te\u0161ilo z vysokej n\u00e1v\u0161tevnosti , vzrastaj\u00facemu z\u00e1ujmu s\u00fa\u0165a\u017en\u00fdch dru\u017estiev vo varen\u00ed aj \u0161irokej ponuke kvalitn\u00fdch jed\u00e1l . Tohto roku sa do s\u00fa\u0165a\u017ee, ktor\u00fa organiza\u010dne zastre\u0161uje Mestsk\u00e9 kult\u00farne stredisko prihl\u00e1silo 21 s\u00fa\u0165a\u017en\u00fdch t\u00edmov, medzi ktor\u00fdmi nech\u00fdbali skaln\u00ed Cup\u00e1\u0161i z Mokraniec, Be\u0165\u00e1ri- Bety\u00e1r Kolb\u00e1sz, Cseresznyeklub, partnersk\u00e9 mest\u00e1...","og_url":"https:\/\/kulturamoldava.sk\/hu\/fazulovy-festival-14-5-2022\/","og_site_name":"Mestsk\u00e9 kult\u00farne stredisko Moldava nad Bodvou","article_published_time":"2022-05-19T10:00:00+00:00","article_modified_time":"2022-06-01T10:08:33+00:00","og_image":[{"width":2560,"height":1921,"url":"https:\/\/kulturamoldava.sk\/wp-content\/uploads\/2022\/06\/680A2632-1-scaled.jpeg","type":"image\/jpeg"}],"author":"kulturamoldava","twitter_card":"summary_large_image","twitter_misc":{"Szerz\u0151:":"kulturamoldava","Becs\u00fclt olvas\u00e1si id\u0151":"5 perc"},"schema":{"@context":"https:\/\/schema.org","@graph":[{"@type":"Article","@id":"https:\/\/kulturamoldava.sk\/fazulovy-festival-14-5-2022\/#article","isPartOf":{"@id":"https:\/\/kulturamoldava.sk\/fazulovy-festival-14-5-2022\/"},"author":{"name":"kulturamoldava","@id":"https:\/\/kulturamoldava.sk\/#\/schema\/person\/8eef072de6f42a5fd024b6987a0745d6"},"headline":"Fazu\u013eov\u00fd festival 14.5.2022","datePublished":"2022-05-19T10:00:00+00:00","dateModified":"2022-06-01T10:08:33+00:00","mainEntityOfPage":{"@id":"https:\/\/kulturamoldava.sk\/fazulovy-festival-14-5-2022\/"},"wordCount":468,"image":{"@id":"https:\/\/kulturamoldava.sk\/fazulovy-festival-14-5-2022\/#primaryimage"},"thumbnailUrl":"https:\/\/kulturamoldava.sk\/wp-content\/uploads\/2022\/06\/680A2632-1-scaled.jpeg","articleSection":["Nezaraden\u00e9"],"inLanguage":"hu"},{"@type":"WebPage","@id":"https:\/\/kulturamoldava.sk\/fazulovy-festival-14-5-2022\/","url":"https:\/\/kulturamoldava.sk\/fazulovy-festival-14-5-2022\/","name":"Fazu\u013eov\u00fd festival 14.5.2022 - Mestsk\u00e9 kult\u00farne stredisko Moldava nad Bodvou","isPartOf":{"@id":"https:\/\/kulturamoldava.sk\/#website"},"primaryImageOfPage":{"@id":"https:\/\/kulturamoldava.sk\/fazulovy-festival-14-5-2022\/#primaryimage"},"image":{"@id":"https:\/\/kulturamoldava.sk\/fazulovy-festival-14-5-2022\/#primaryimage"},"thumbnailUrl":"https:\/\/kulturamoldava.sk\/wp-content\/uploads\/2022\/06\/680A2632-1-scaled.jpeg","datePublished":"2022-05-19T10:00:00+00:00","dateModified":"2022-06-01T10:08:33+00:00","author":{"@id":"https:\/\/kulturamoldava.sk\/#\/schema\/person\/8eef072de6f42a5fd024b6987a0745d6"},"breadcrumb":{"@id":"https:\/\/kulturamoldava.sk\/fazulovy-festival-14-5-2022\/#breadcrumb"},"inLanguage":"hu","potentialAction":[{"@type":"ReadAction","target":["https:\/\/kulturamoldava.sk\/fazulovy-festival-14-5-2022\/"]}]},{"@type":"ImageObject","inLanguage":"hu","@id":"https:\/\/kulturamoldava.sk\/fazulovy-festival-14-5-2022\/#primaryimage","url":"https:\/\/kulturamoldava.sk\/wp-content\/uploads\/2022\/06\/680A2632-1-scaled.jpeg","contentUrl":"https:\/\/kulturamoldava.sk\/wp-content\/uploads\/2022\/06\/680A2632-1-scaled.jpeg","width":2560,"height":1921},{"@type":"BreadcrumbList","@id":"https:\/\/kulturamoldava.sk\/fazulovy-festival-14-5-2022\/#breadcrumb","itemListElement":[{"@type":"ListItem","position":1,"name":"Home","item":"https:\/\/kulturamoldava.sk\/"},{"@type":"ListItem","position":2,"name":"Fazu\u013eov\u00fd festival 14.5.2022"}]},{"@type":"WebSite","@id":"https:\/\/kulturamoldava.sk\/#website","url":"https:\/\/kulturamoldava.sk\/","name":"Szepsi V\u00e1rosi M\u0171vel\u0151d\u00e9si K\u00f6zpont","description":"","potentialAction":[{"@type":"SearchAction","target":{"@type":"EntryPoint","urlTemplate":"https:\/\/kulturamoldava.sk\/?s={search_term_string}"},"query-input":{"@type":"PropertyValueSpecification","valueRequired":true,"valueName":"search_term_string"}}],"inLanguage":"hu"},{"@type":"Person","@id":"https:\/\/kulturamoldava.sk\/#\/schema\/person\/8eef072de6f42a5fd024b6987a0745d6","name":"kulturamoldava","image":{"@type":"ImageObject","inLanguage":"hu","@id":"https:\/\/secure.gravatar.com\/avatar\/d6f6bf4cc0de0867347e805c1ac591b2391954abfd993ed9c457f5564a7576ca?s=96&d=mm&r=g","url":"https:\/\/secure.gravatar.com\/avatar\/d6f6bf4cc0de0867347e805c1ac591b2391954abfd993ed9c457f5564a7576ca?s=96&d=mm&r=g","contentUrl":"https:\/\/secure.gravatar.com\/avatar\/d6f6bf4cc0de0867347e805c1ac591b2391954abfd993ed9c457f5564a7576ca?s=96&d=mm&r=g","caption":"kulturamoldava"},"url":"https:\/\/kulturamoldava.sk\/hu\/author\/kulturamoldava\/"}]}},"_links":{"self":[{"href":"https:\/\/kulturamoldava.sk\/hu\/wp-json\/wp\/v2\/posts\/28435","targetHints":{"allow":["GET"]}}],"collection":[{"href":"https:\/\/kulturamoldava.sk\/hu\/wp-json\/wp\/v2\/posts"}],"about":[{"href":"https:\/\/kulturamoldava.sk\/hu\/wp-json\/wp\/v2\/types\/post"}],"author":[{"embeddable":true,"href":"https:\/\/kulturamoldava.sk\/hu\/wp-json\/wp\/v2\/users\/1"}],"replies":[{"embeddable":true,"href":"https:\/\/kulturamoldava.sk\/hu\/wp-json\/wp\/v2\/comments?post=28435"}],"version-history":[{"count":4,"href":"https:\/\/kulturamoldava.sk\/hu\/wp-json\/wp\/v2\/posts\/28435\/revisions"}],"predecessor-version":[{"id":28443,"href":"https:\/\/kulturamoldava.sk\/hu\/wp-json\/wp\/v2\/posts\/28435\/revisions\/28443"}],"wp:featuredmedia":[{"embeddable":true,"href":"https:\/\/kulturamoldava.sk\/hu\/wp-json\/wp\/v2\/media\/28444"}],"wp:attachment":[{"href":"https:\/\/kulturamoldava.sk\/hu\/wp-json\/wp\/v2\/media?parent=28435"}],"wp:term":[{"taxonomy":"category","embeddable":true,"href":"https:\/\/kulturamoldava.sk\/hu\/wp-json\/wp\/v2\/categories?post=28435"},{"taxonomy":"post_tag","embeddable":true,"href":"https:\/\/kulturamoldava.sk\/hu\/wp-json\/wp\/v2\/tags?post=28435"}],"curies":[{"name":"wp","href":"https:\/\/api.w.org\/{rel}","templated":true}]}}