{"id":26295,"date":"2022-02-04T13:31:42","date_gmt":"2022-02-04T12:31:42","guid":{"rendered":"https:\/\/kulturamoldava.sk\/?p=26295"},"modified":"2022-02-04T13:39:17","modified_gmt":"2022-02-04T12:39:17","slug":"dotaznik-k-tvorbe-koncepcie-kultury-na-roky-2022-2027","status":"publish","type":"post","link":"https:\/\/kulturamoldava.sk\/hu\/dotaznik-k-tvorbe-koncepcie-kultury-na-roky-2022-2027\/","title":{"rendered":"K\u00e9rd\u0151\u00edv a 2022 - 2027-es \u00e9vek kultur\u00e1lis elk\u00e9pzel\u00e9seinek megalkot\u00e1s\u00e1hoz"},"content":{"rendered":"<p>Erdekl\u0151dik v\u00e1rosunk kultur\u00e1lis esem\u00e9nyei ir\u00e1nt? Van saj\u00e1t v\u00e9lem\u00e9nye a kultur\u00e1lis \u00f6r\u00f6ks\u00e9g v\u00e9delm\u00e9r\u0151l, a programk\u00edn\u00e1latr\u00f3l \u00e9s a kultur\u00e1lis szolg\u00e1ltat\u00e1sok helysz\u00edneinek min\u0151s\u00e9g\u00e9r\u0151l?<\/p>\n\n\n\n<p>Ha&nbsp;<strong>2022. febru\u00e1r 18-\u00e1ig<\/strong>&nbsp;vypln\u00edte&nbsp;tento&nbsp;dotazn\u00edk&nbsp;elektronicky&nbsp;alebo osobne (k&nbsp;dispoz\u00edcii v&nbsp;Infocentre a&nbsp;v&nbsp;podate\u013eni Mestsk\u00e9ho \u00faradu)&nbsp;prispejete n\u00e1m svoj\u00edm n\u00e1zorom a&nbsp;z\u00e1rove\u0148&nbsp;budete zaraden\u00ed do&nbsp;zlosovania.&nbsp;Desiati&nbsp;z&nbsp;V\u00e1s z\u00edskaj\u00fa suven\u00edry s&nbsp;mot\u00edvom moldavskej modrotla\u010de.<\/p>\n\n\n\n<p>K\u00c9RD\u0150\u00cdV<\/p>\n\n\n\n<p><a href=\"https:\/\/docs.google.com\/forms\/d\/e\/1FAIpQLSdn3RH4o9S5qNI8zwhK4OtYYeK2TLKAasNjym02WOd40PAN_A\/viewform?vc=0&amp;c=0&amp;w=1&amp;flr=0\">https:\/\/docs.google.com\/forms\/d\/e\/1FAIpQLSdn3RH4o9S5qNI8zwhK4OtYYeK2TLKAasNjym02WOd40PAN_A\/viewform?vc=0&amp;c=0&amp;w=1&amp;flr=0<\/a><\/p>","protected":false},"excerpt":{"rendered":"<p>Zauj\u00edma V\u00e1s kult\u00farne dianie v&nbsp;na\u0161om meste?&nbsp;M\u00e1te svoj n\u00e1zor na&nbsp;ochranu kult\u00farneho dedi\u010dstva, ponuku programov a&nbsp;\u00farove\u0148 priestorov, kde sa realizuj\u00fa kult\u00farne slu\u017eby? Ak do&nbsp;18. febru\u00e1ra 2022&nbsp;vypln\u00edte&nbsp;tento&nbsp;dotazn\u00edk&nbsp;elektronicky&nbsp;alebo osobne (k&nbsp;dispoz\u00edcii v&nbsp;Infocentre a&nbsp;v&nbsp;podate\u013eni Mestsk\u00e9ho \u00faradu)&nbsp;prispejete n\u00e1m svoj\u00edm n\u00e1zorom a&nbsp;z\u00e1rove\u0148&nbsp;budete zaraden\u00ed do&nbsp;zlosovania.&nbsp;Desiati&nbsp;z&nbsp;V\u00e1s z\u00edskaj\u00fa suven\u00edry s&nbsp;mot\u00edvom moldavskej modrotla\u010de. DOTAZN\u00cdK https:\/\/docs.google.com\/forms\/d\/e\/1FAIpQLSdn3RH4o9S5qNI8zwhK4OtYYeK2TLKAasNjym02WOd40PAN_A\/viewform?vc=0&amp;c=0&amp;w=1&amp;flr=0<\/p>","protected":false},"author":1,"featured_media":26296,"comment_status":"closed","ping_status":"closed","sticky":false,"template":"","format":"standard","meta":{"ngg_post_thumbnail":0,"footnotes":""},"categories":[1],"tags":[],"class_list":["post-26295","post","type-post","status-publish","format-standard","has-post-thumbnail","hentry","category-nezaradene"],"yoast_head":"<!-- This site is optimized with the Yoast SEO plugin v27.4 - https:\/\/yoast.com\/product\/yoast-seo-wordpress\/ -->\n<title>Dotazn\u00edk k tvorbe Koncepcie kult\u00fary na roky 2022 - 2027 - Mestsk\u00e9 kult\u00farne stredisko Moldava nad Bodvou<\/title>\n<meta name=\"robots\" content=\"index, follow, max-snippet:-1, max-image-preview:large, max-video-preview:-1\" \/>\n<link rel=\"canonical\" href=\"https:\/\/kulturamoldava.sk\/hu\/dotaznik-k-tvorbe-koncepcie-kultury-na-roky-2022-2027\/\" \/>\n<meta property=\"og:locale\" content=\"hu_HU\" \/>\n<meta property=\"og:type\" content=\"article\" \/>\n<meta property=\"og:title\" content=\"Dotazn\u00edk k tvorbe Koncepcie kult\u00fary na roky 2022 - 2027 - Mestsk\u00e9 kult\u00farne stredisko Moldava nad Bodvou\" \/>\n<meta property=\"og:description\" content=\"Zauj\u00edma V\u00e1s kult\u00farne dianie v&nbsp;na\u0161om meste?&nbsp;M\u00e1te svoj n\u00e1zor na&nbsp;ochranu kult\u00farneho dedi\u010dstva, ponuku programov a&nbsp;\u00farove\u0148 priestorov, kde sa realizuj\u00fa kult\u00farne slu\u017eby? Ak do&nbsp;18. febru\u00e1ra 2022&nbsp;vypln\u00edte&nbsp;tento&nbsp;dotazn\u00edk&nbsp;elektronicky&nbsp;alebo osobne (k&nbsp;dispoz\u00edcii v&nbsp;Infocentre a&nbsp;v&nbsp;podate\u013eni Mestsk\u00e9ho \u00faradu)&nbsp;prispejete n\u00e1m svoj\u00edm n\u00e1zorom a&nbsp;z\u00e1rove\u0148&nbsp;budete zaraden\u00ed do&nbsp;zlosovania.&nbsp;Desiati&nbsp;z&nbsp;V\u00e1s z\u00edskaj\u00fa suven\u00edry s&nbsp;mot\u00edvom moldavskej modrotla\u010de. DOTAZN\u00cdK https:\/\/docs.google.com\/forms\/d\/e\/1FAIpQLSdn3RH4o9S5qNI8zwhK4OtYYeK2TLKAasNjym02WOd40PAN_A\/viewform?vc=0&amp;c=0&amp;w=1&amp;flr=0\" \/>\n<meta property=\"og:url\" content=\"https:\/\/kulturamoldava.sk\/hu\/dotaznik-k-tvorbe-koncepcie-kultury-na-roky-2022-2027\/\" \/>\n<meta property=\"og:site_name\" content=\"Mestsk\u00e9 kult\u00farne stredisko Moldava nad Bodvou\" \/>\n<meta property=\"article:published_time\" content=\"2022-02-04T12:31:42+00:00\" \/>\n<meta property=\"article:modified_time\" content=\"2022-02-04T12:39:17+00:00\" \/>\n<meta property=\"og:image\" content=\"https:\/\/kulturamoldava.sk\/wp-content\/uploads\/2022\/02\/dotaznik-sk.jpg\" \/>\n\t<meta property=\"og:image:width\" content=\"1280\" \/>\n\t<meta property=\"og:image:height\" content=\"905\" \/>\n\t<meta property=\"og:image:type\" content=\"image\/jpeg\" \/>\n<meta name=\"author\" content=\"kulturamoldava\" \/>\n<meta name=\"twitter:card\" content=\"summary_large_image\" \/>\n<meta name=\"twitter:label1\" content=\"Szerz\u0151:\" \/>\n\t<meta name=\"twitter:data1\" content=\"kulturamoldava\" \/>\n\t<meta name=\"twitter:label2\" content=\"Becs\u00fclt olvas\u00e1si id\u0151\" \/>\n\t<meta name=\"twitter:data2\" content=\"1 perc\" \/>\n<script type=\"application\/ld+json\" class=\"yoast-schema-graph\">{\"@context\":\"https:\\\/\\\/schema.org\",\"@graph\":[{\"@type\":\"Article\",\"@id\":\"https:\\\/\\\/kulturamoldava.sk\\\/dotaznik-k-tvorbe-koncepcie-kultury-na-roky-2022-2027\\\/#article\",\"isPartOf\":{\"@id\":\"https:\\\/\\\/kulturamoldava.sk\\\/dotaznik-k-tvorbe-koncepcie-kultury-na-roky-2022-2027\\\/\"},\"author\":{\"name\":\"kulturamoldava\",\"@id\":\"https:\\\/\\\/kulturamoldava.sk\\\/#\\\/schema\\\/person\\\/8eef072de6f42a5fd024b6987a0745d6\"},\"headline\":\"Dotazn\u00edk k tvorbe Koncepcie kult\u00fary na roky 2022 &#8211; 2027\",\"datePublished\":\"2022-02-04T12:31:42+00:00\",\"dateModified\":\"2022-02-04T12:39:17+00:00\",\"mainEntityOfPage\":{\"@id\":\"https:\\\/\\\/kulturamoldava.sk\\\/dotaznik-k-tvorbe-koncepcie-kultury-na-roky-2022-2027\\\/\"},\"wordCount\":146,\"image\":{\"@id\":\"https:\\\/\\\/kulturamoldava.sk\\\/dotaznik-k-tvorbe-koncepcie-kultury-na-roky-2022-2027\\\/#primaryimage\"},\"thumbnailUrl\":\"https:\\\/\\\/kulturamoldava.sk\\\/wp-content\\\/uploads\\\/2022\\\/02\\\/dotaznik-sk.jpg\",\"articleSection\":[\"Nezaraden\u00e9\"],\"inLanguage\":\"hu\"},{\"@type\":\"WebPage\",\"@id\":\"https:\\\/\\\/kulturamoldava.sk\\\/dotaznik-k-tvorbe-koncepcie-kultury-na-roky-2022-2027\\\/\",\"url\":\"https:\\\/\\\/kulturamoldava.sk\\\/dotaznik-k-tvorbe-koncepcie-kultury-na-roky-2022-2027\\\/\",\"name\":\"Dotazn\u00edk k tvorbe Koncepcie kult\u00fary na roky 2022 - 2027 - Mestsk\u00e9 kult\u00farne stredisko Moldava nad Bodvou\",\"isPartOf\":{\"@id\":\"https:\\\/\\\/kulturamoldava.sk\\\/#website\"},\"primaryImageOfPage\":{\"@id\":\"https:\\\/\\\/kulturamoldava.sk\\\/dotaznik-k-tvorbe-koncepcie-kultury-na-roky-2022-2027\\\/#primaryimage\"},\"image\":{\"@id\":\"https:\\\/\\\/kulturamoldava.sk\\\/dotaznik-k-tvorbe-koncepcie-kultury-na-roky-2022-2027\\\/#primaryimage\"},\"thumbnailUrl\":\"https:\\\/\\\/kulturamoldava.sk\\\/wp-content\\\/uploads\\\/2022\\\/02\\\/dotaznik-sk.jpg\",\"datePublished\":\"2022-02-04T12:31:42+00:00\",\"dateModified\":\"2022-02-04T12:39:17+00:00\",\"author\":{\"@id\":\"https:\\\/\\\/kulturamoldava.sk\\\/#\\\/schema\\\/person\\\/8eef072de6f42a5fd024b6987a0745d6\"},\"breadcrumb\":{\"@id\":\"https:\\\/\\\/kulturamoldava.sk\\\/dotaznik-k-tvorbe-koncepcie-kultury-na-roky-2022-2027\\\/#breadcrumb\"},\"inLanguage\":\"hu\",\"potentialAction\":[{\"@type\":\"ReadAction\",\"target\":[\"https:\\\/\\\/kulturamoldava.sk\\\/dotaznik-k-tvorbe-koncepcie-kultury-na-roky-2022-2027\\\/\"]}]},{\"@type\":\"ImageObject\",\"inLanguage\":\"hu\",\"@id\":\"https:\\\/\\\/kulturamoldava.sk\\\/dotaznik-k-tvorbe-koncepcie-kultury-na-roky-2022-2027\\\/#primaryimage\",\"url\":\"https:\\\/\\\/kulturamoldava.sk\\\/wp-content\\\/uploads\\\/2022\\\/02\\\/dotaznik-sk.jpg\",\"contentUrl\":\"https:\\\/\\\/kulturamoldava.sk\\\/wp-content\\\/uploads\\\/2022\\\/02\\\/dotaznik-sk.jpg\",\"width\":1280,\"height\":905},{\"@type\":\"BreadcrumbList\",\"@id\":\"https:\\\/\\\/kulturamoldava.sk\\\/dotaznik-k-tvorbe-koncepcie-kultury-na-roky-2022-2027\\\/#breadcrumb\",\"itemListElement\":[{\"@type\":\"ListItem\",\"position\":1,\"name\":\"Home\",\"item\":\"https:\\\/\\\/kulturamoldava.sk\\\/\"},{\"@type\":\"ListItem\",\"position\":2,\"name\":\"Dotazn\u00edk k tvorbe Koncepcie kult\u00fary na roky 2022 &#8211; 2027\"}]},{\"@type\":\"WebSite\",\"@id\":\"https:\\\/\\\/kulturamoldava.sk\\\/#website\",\"url\":\"https:\\\/\\\/kulturamoldava.sk\\\/\",\"name\":\"Mestsk\u00e9 kult\u00farne stredisko Moldava nad Bodvou\",\"description\":\"\",\"potentialAction\":[{\"@type\":\"SearchAction\",\"target\":{\"@type\":\"EntryPoint\",\"urlTemplate\":\"https:\\\/\\\/kulturamoldava.sk\\\/?s={search_term_string}\"},\"query-input\":{\"@type\":\"PropertyValueSpecification\",\"valueRequired\":true,\"valueName\":\"search_term_string\"}}],\"inLanguage\":\"hu\"},{\"@type\":\"Person\",\"@id\":\"https:\\\/\\\/kulturamoldava.sk\\\/#\\\/schema\\\/person\\\/8eef072de6f42a5fd024b6987a0745d6\",\"name\":\"kulturamoldava\",\"image\":{\"@type\":\"ImageObject\",\"inLanguage\":\"hu\",\"@id\":\"https:\\\/\\\/secure.gravatar.com\\\/avatar\\\/d6f6bf4cc0de0867347e805c1ac591b2391954abfd993ed9c457f5564a7576ca?s=96&d=mm&r=g\",\"url\":\"https:\\\/\\\/secure.gravatar.com\\\/avatar\\\/d6f6bf4cc0de0867347e805c1ac591b2391954abfd993ed9c457f5564a7576ca?s=96&d=mm&r=g\",\"contentUrl\":\"https:\\\/\\\/secure.gravatar.com\\\/avatar\\\/d6f6bf4cc0de0867347e805c1ac591b2391954abfd993ed9c457f5564a7576ca?s=96&d=mm&r=g\",\"caption\":\"kulturamoldava\"},\"url\":\"https:\\\/\\\/kulturamoldava.sk\\\/hu\\\/author\\\/kulturamoldava\\\/\"}]}<\/script>\n<!-- \/ Yoast SEO plugin. -->","yoast_head_json":{"title":"Dotazn\u00edk k tvorbe Koncepcie kult\u00fary na roky 2022 - 2027 - Mestsk\u00e9 kult\u00farne stredisko Moldava nad Bodvou","robots":{"index":"index","follow":"follow","max-snippet":"max-snippet:-1","max-image-preview":"max-image-preview:large","max-video-preview":"max-video-preview:-1"},"canonical":"https:\/\/kulturamoldava.sk\/hu\/dotaznik-k-tvorbe-koncepcie-kultury-na-roky-2022-2027\/","og_locale":"hu_HU","og_type":"article","og_title":"Dotazn\u00edk k tvorbe Koncepcie kult\u00fary na roky 2022 - 2027 - Mestsk\u00e9 kult\u00farne stredisko Moldava nad Bodvou","og_description":"Zauj\u00edma V\u00e1s kult\u00farne dianie v&nbsp;na\u0161om meste?&nbsp;M\u00e1te svoj n\u00e1zor na&nbsp;ochranu kult\u00farneho dedi\u010dstva, ponuku programov a&nbsp;\u00farove\u0148 priestorov, kde sa realizuj\u00fa kult\u00farne slu\u017eby? Ak do&nbsp;18. febru\u00e1ra 2022&nbsp;vypln\u00edte&nbsp;tento&nbsp;dotazn\u00edk&nbsp;elektronicky&nbsp;alebo osobne (k&nbsp;dispoz\u00edcii v&nbsp;Infocentre a&nbsp;v&nbsp;podate\u013eni Mestsk\u00e9ho \u00faradu)&nbsp;prispejete n\u00e1m svoj\u00edm n\u00e1zorom a&nbsp;z\u00e1rove\u0148&nbsp;budete zaraden\u00ed do&nbsp;zlosovania.&nbsp;Desiati&nbsp;z&nbsp;V\u00e1s z\u00edskaj\u00fa suven\u00edry s&nbsp;mot\u00edvom moldavskej modrotla\u010de. DOTAZN\u00cdK https:\/\/docs.google.com\/forms\/d\/e\/1FAIpQLSdn3RH4o9S5qNI8zwhK4OtYYeK2TLKAasNjym02WOd40PAN_A\/viewform?vc=0&amp;c=0&amp;w=1&amp;flr=0","og_url":"https:\/\/kulturamoldava.sk\/hu\/dotaznik-k-tvorbe-koncepcie-kultury-na-roky-2022-2027\/","og_site_name":"Mestsk\u00e9 kult\u00farne stredisko Moldava nad Bodvou","article_published_time":"2022-02-04T12:31:42+00:00","article_modified_time":"2022-02-04T12:39:17+00:00","og_image":[{"width":1280,"height":905,"url":"https:\/\/kulturamoldava.sk\/wp-content\/uploads\/2022\/02\/dotaznik-sk.jpg","type":"image\/jpeg"}],"author":"kulturamoldava","twitter_card":"summary_large_image","twitter_misc":{"Szerz\u0151:":"kulturamoldava","Becs\u00fclt olvas\u00e1si id\u0151":"1 perc"},"schema":{"@context":"https:\/\/schema.org","@graph":[{"@type":"Article","@id":"https:\/\/kulturamoldava.sk\/dotaznik-k-tvorbe-koncepcie-kultury-na-roky-2022-2027\/#article","isPartOf":{"@id":"https:\/\/kulturamoldava.sk\/dotaznik-k-tvorbe-koncepcie-kultury-na-roky-2022-2027\/"},"author":{"name":"kulturamoldava","@id":"https:\/\/kulturamoldava.sk\/#\/schema\/person\/8eef072de6f42a5fd024b6987a0745d6"},"headline":"Dotazn\u00edk k tvorbe Koncepcie kult\u00fary na roky 2022 &#8211; 2027","datePublished":"2022-02-04T12:31:42+00:00","dateModified":"2022-02-04T12:39:17+00:00","mainEntityOfPage":{"@id":"https:\/\/kulturamoldava.sk\/dotaznik-k-tvorbe-koncepcie-kultury-na-roky-2022-2027\/"},"wordCount":146,"image":{"@id":"https:\/\/kulturamoldava.sk\/dotaznik-k-tvorbe-koncepcie-kultury-na-roky-2022-2027\/#primaryimage"},"thumbnailUrl":"https:\/\/kulturamoldava.sk\/wp-content\/uploads\/2022\/02\/dotaznik-sk.jpg","articleSection":["Nezaraden\u00e9"],"inLanguage":"hu"},{"@type":"WebPage","@id":"https:\/\/kulturamoldava.sk\/dotaznik-k-tvorbe-koncepcie-kultury-na-roky-2022-2027\/","url":"https:\/\/kulturamoldava.sk\/dotaznik-k-tvorbe-koncepcie-kultury-na-roky-2022-2027\/","name":"Dotazn\u00edk k tvorbe Koncepcie kult\u00fary na roky 2022 - 2027 - Mestsk\u00e9 kult\u00farne stredisko Moldava nad Bodvou","isPartOf":{"@id":"https:\/\/kulturamoldava.sk\/#website"},"primaryImageOfPage":{"@id":"https:\/\/kulturamoldava.sk\/dotaznik-k-tvorbe-koncepcie-kultury-na-roky-2022-2027\/#primaryimage"},"image":{"@id":"https:\/\/kulturamoldava.sk\/dotaznik-k-tvorbe-koncepcie-kultury-na-roky-2022-2027\/#primaryimage"},"thumbnailUrl":"https:\/\/kulturamoldava.sk\/wp-content\/uploads\/2022\/02\/dotaznik-sk.jpg","datePublished":"2022-02-04T12:31:42+00:00","dateModified":"2022-02-04T12:39:17+00:00","author":{"@id":"https:\/\/kulturamoldava.sk\/#\/schema\/person\/8eef072de6f42a5fd024b6987a0745d6"},"breadcrumb":{"@id":"https:\/\/kulturamoldava.sk\/dotaznik-k-tvorbe-koncepcie-kultury-na-roky-2022-2027\/#breadcrumb"},"inLanguage":"hu","potentialAction":[{"@type":"ReadAction","target":["https:\/\/kulturamoldava.sk\/dotaznik-k-tvorbe-koncepcie-kultury-na-roky-2022-2027\/"]}]},{"@type":"ImageObject","inLanguage":"hu","@id":"https:\/\/kulturamoldava.sk\/dotaznik-k-tvorbe-koncepcie-kultury-na-roky-2022-2027\/#primaryimage","url":"https:\/\/kulturamoldava.sk\/wp-content\/uploads\/2022\/02\/dotaznik-sk.jpg","contentUrl":"https:\/\/kulturamoldava.sk\/wp-content\/uploads\/2022\/02\/dotaznik-sk.jpg","width":1280,"height":905},{"@type":"BreadcrumbList","@id":"https:\/\/kulturamoldava.sk\/dotaznik-k-tvorbe-koncepcie-kultury-na-roky-2022-2027\/#breadcrumb","itemListElement":[{"@type":"ListItem","position":1,"name":"Home","item":"https:\/\/kulturamoldava.sk\/"},{"@type":"ListItem","position":2,"name":"Dotazn\u00edk k tvorbe Koncepcie kult\u00fary na roky 2022 &#8211; 2027"}]},{"@type":"WebSite","@id":"https:\/\/kulturamoldava.sk\/#website","url":"https:\/\/kulturamoldava.sk\/","name":"Szepsi V\u00e1rosi M\u0171vel\u0151d\u00e9si K\u00f6zpont","description":"","potentialAction":[{"@type":"SearchAction","target":{"@type":"EntryPoint","urlTemplate":"https:\/\/kulturamoldava.sk\/?s={search_term_string}"},"query-input":{"@type":"PropertyValueSpecification","valueRequired":true,"valueName":"search_term_string"}}],"inLanguage":"hu"},{"@type":"Person","@id":"https:\/\/kulturamoldava.sk\/#\/schema\/person\/8eef072de6f42a5fd024b6987a0745d6","name":"kulturamoldava","image":{"@type":"ImageObject","inLanguage":"hu","@id":"https:\/\/secure.gravatar.com\/avatar\/d6f6bf4cc0de0867347e805c1ac591b2391954abfd993ed9c457f5564a7576ca?s=96&d=mm&r=g","url":"https:\/\/secure.gravatar.com\/avatar\/d6f6bf4cc0de0867347e805c1ac591b2391954abfd993ed9c457f5564a7576ca?s=96&d=mm&r=g","contentUrl":"https:\/\/secure.gravatar.com\/avatar\/d6f6bf4cc0de0867347e805c1ac591b2391954abfd993ed9c457f5564a7576ca?s=96&d=mm&r=g","caption":"kulturamoldava"},"url":"https:\/\/kulturamoldava.sk\/hu\/author\/kulturamoldava\/"}]}},"_links":{"self":[{"href":"https:\/\/kulturamoldava.sk\/hu\/wp-json\/wp\/v2\/posts\/26295","targetHints":{"allow":["GET"]}}],"collection":[{"href":"https:\/\/kulturamoldava.sk\/hu\/wp-json\/wp\/v2\/posts"}],"about":[{"href":"https:\/\/kulturamoldava.sk\/hu\/wp-json\/wp\/v2\/types\/post"}],"author":[{"embeddable":true,"href":"https:\/\/kulturamoldava.sk\/hu\/wp-json\/wp\/v2\/users\/1"}],"replies":[{"embeddable":true,"href":"https:\/\/kulturamoldava.sk\/hu\/wp-json\/wp\/v2\/comments?post=26295"}],"version-history":[{"count":2,"href":"https:\/\/kulturamoldava.sk\/hu\/wp-json\/wp\/v2\/posts\/26295\/revisions"}],"predecessor-version":[{"id":26298,"href":"https:\/\/kulturamoldava.sk\/hu\/wp-json\/wp\/v2\/posts\/26295\/revisions\/26298"}],"wp:featuredmedia":[{"embeddable":true,"href":"https:\/\/kulturamoldava.sk\/hu\/wp-json\/wp\/v2\/media\/26296"}],"wp:attachment":[{"href":"https:\/\/kulturamoldava.sk\/hu\/wp-json\/wp\/v2\/media?parent=26295"}],"wp:term":[{"taxonomy":"category","embeddable":true,"href":"https:\/\/kulturamoldava.sk\/hu\/wp-json\/wp\/v2\/categories?post=26295"},{"taxonomy":"post_tag","embeddable":true,"href":"https:\/\/kulturamoldava.sk\/hu\/wp-json\/wp\/v2\/tags?post=26295"}],"curies":[{"name":"wp","href":"https:\/\/api.w.org\/{rel}","templated":true}]}}