{"id":25203,"date":"2021-06-02T12:55:46","date_gmt":"2021-06-02T10:55:46","guid":{"rendered":"https:\/\/kulturamoldava.sk\/?p=25203"},"modified":"2021-06-02T14:01:59","modified_gmt":"2021-06-02T12:01:59","slug":"termin-odovzdania-prac-suveniry-s-modrotlacou-sa-posuva-na-17-6-2021","status":"publish","type":"post","link":"https:\/\/kulturamoldava.sk\/hu\/termin-odovzdania-prac-suveniry-s-modrotlacou-sa-posuva-na-17-6-2021\/","title":{"rendered":"Term\u00edn odovzdania pr\u00e1c &#8211; SUVEN\u00cdRY s MODROTLA\u010cOU sa pos\u00fava na 17.6.2021"},"content":{"rendered":"<p>Projekt <strong>Modrotla\u010d d\u017e\u00ednsovina monarchie<\/strong>, ktor\u00fdm odha\u013eujeme tajomstv\u00e1 v\u00fdroby modrotla\u010de v dielni majstrov Finkeiovcov v Moldave a zdobnos\u0165 tk\u00e1\u010dskeho remesla v partnerskom meste Encs naber\u00e1 na obr\u00e1tkach. Uskuto\u010dnili sa odborn\u00e9 etnografick\u00e9 a genealogick\u00e9 v\u00fdskumy modrotla\u010de aj tk\u00e1\u010dstva v Above, v pr\u00edprave s\u00fa populariza\u010dn\u00e9 bro\u017e\u00fary o t\u00fdchto remesl\u00e1ch a u n\u00e1s v Moldave sa fini\u0161uje s pr\u00edpravou v\u00fdstavy, ktor\u00e1 by mala by\u0165 spr\u00edstupnen\u00e1 koncom j\u00fana.<br><br>S\u00fa\u010dasne s t\u00fdm sa administrat\u00edvne schva\u013euj\u00fa zmeny v aktivit\u00e1ch a rozpo\u010dte, ktor\u00e9 si vy\u017eiadala<br>pandemick\u00e1 situ\u00e1cia znemo\u017e\u0148uj\u00faca realizova\u0165 niektor\u00e9 aktivity kv\u00f4li uzatvoreniu hran\u00edc a z\u00e1kazu<br>hromadn\u00fdch kult\u00farnych podujat\u00ed. Z uveden\u00e9ho d\u00f4vodu sa konala aj pracovn\u00e1 porada, na ktorej sa organiz\u00e1tori rozhodli vyhovie\u0165 \u017eiadosti viacer\u00fdch \u0161k\u00f4l, ktor\u00e9 \u0165a\u017eko zvl\u00e1daj\u00fa n\u00e1por povinnost\u00ed po n\u00e1stupe \u017eiakov do \u0161k\u00f4l a presun\u00fa\u0165 uz\u00e1vierku s\u00fa\u0165a\u017ee <strong>SUVEN\u00cdRY s MODROTLA\u010cOU<\/strong> na <strong>17.6.2021<\/strong>.<br>T\u00fdmto d\u00e1vame do pozornosti s\u00fa\u0165a\u017eiacim a vyz\u00fdvame aj ostatn\u00fdch z\u00e1ujemcov, \u017ee na zhotovenie<br>svojich n\u00e1vrhov maj\u00fa e\u0161te 2 t\u00fd\u017edne a budeme radi, ak sa do s\u00fa\u0165a\u017ee zapoja v \u010do najv\u00e4\u010d\u0161om po\u010dte .<br>\u010cakaj\u00fa na nich zauj\u00edmav\u00e9 a u\u017eito\u010dn\u00e9 ceny- pr\u00edslu\u0161enstvo k mobilom, tabletom a r\u00f4zne kreat\u00edvne<br>potreby.<br><br>Oce\u0148uje sa najm\u00e4 n\u00e1pad a pou\u017eitie prvku modrotla\u010de v s\u00fa\u0165a\u017enom n\u00e1vrhu. Technika akou bude<br>zhotoven\u00fd n\u00e1vrh \u2013 \u010di u\u017e kresba, po\u010d\u00edta\u010dov\u00e1 grafika, fotografia \u010di kol\u00e1\u017e &#8211; nie je rozhoduj\u00faca.<br>Z\u00e1rove\u0148 sa spustila v\u00fdzva na z\u00edskanie predmetov &#8211; pe\u010diatok, odevov, l\u00e1tok alebo dokumentov<br>t\u00fdkaj\u00facich sa modrotla\u010de. Cie\u013eom je zdokumentova\u0165 toto remeslo v na\u0161om meste a okol\u00ed v \u010do<br>naj\u0161ir\u0161om rozsahu a predmety bud\u00fa s\u00fa\u010das\u0165ou expoz\u00edcie m\u00fazea.<\/p>\n\n\n\n<p><br><\/p>\n\n\n\n<p><\/p>\n\n\n\n<p><\/p>\n\n\n\n<p><strong>Bli\u017e\u0161ie inform\u00e1cie:<\/strong><\/p>","protected":false},"excerpt":{"rendered":"<p>Projekt Modrotla\u010d d\u017e\u00ednsovina monarchie, ktor\u00fdm odha\u013eujeme tajomstv\u00e1 v\u00fdroby modrotla\u010de v dielni majstrov Finkeiovcov v Moldave a zdobnos\u0165 tk\u00e1\u010dskeho remesla v partnerskom meste Encs naber\u00e1 na obr\u00e1tkach. Uskuto\u010dnili sa odborn\u00e9 etnografick\u00e9 a genealogick\u00e9 v\u00fdskumy modrotla\u010de aj tk\u00e1\u010dstva v Above, v pr\u00edprave s\u00fa populariza\u010dn\u00e9 bro\u017e\u00fary o t\u00fdchto remesl\u00e1ch a u n\u00e1s v Moldave sa fini\u0161uje s pr\u00edpravou&#8230;<\/p>","protected":false},"author":1,"featured_media":25204,"comment_status":"closed","ping_status":"closed","sticky":false,"template":"","format":"standard","meta":{"ngg_post_thumbnail":0,"footnotes":""},"categories":[1],"tags":[],"class_list":["post-25203","post","type-post","status-publish","format-standard","has-post-thumbnail","hentry","category-nezaradene"],"yoast_head":"<!-- This site is optimized with the Yoast SEO plugin v27.5 - https:\/\/yoast.com\/product\/yoast-seo-wordpress\/ -->\n<title>Term\u00edn odovzdania pr\u00e1c - SUVEN\u00cdRY s MODROTLA\u010cOU sa pos\u00fava na 17.6.2021 - Mestsk\u00e9 kult\u00farne stredisko Moldava nad Bodvou<\/title>\n<meta name=\"robots\" content=\"index, follow, max-snippet:-1, max-image-preview:large, max-video-preview:-1\" \/>\n<link rel=\"canonical\" href=\"https:\/\/kulturamoldava.sk\/hu\/termin-odovzdania-prac-suveniry-s-modrotlacou-sa-posuva-na-17-6-2021\/\" \/>\n<meta property=\"og:locale\" content=\"hu_HU\" \/>\n<meta property=\"og:type\" content=\"article\" \/>\n<meta property=\"og:title\" content=\"Term\u00edn odovzdania pr\u00e1c - SUVEN\u00cdRY s MODROTLA\u010cOU sa pos\u00fava na 17.6.2021 - Mestsk\u00e9 kult\u00farne stredisko Moldava nad Bodvou\" \/>\n<meta property=\"og:description\" content=\"Projekt Modrotla\u010d d\u017e\u00ednsovina monarchie, ktor\u00fdm odha\u013eujeme tajomstv\u00e1 v\u00fdroby modrotla\u010de v dielni majstrov Finkeiovcov v Moldave a zdobnos\u0165 tk\u00e1\u010dskeho remesla v partnerskom meste Encs naber\u00e1 na obr\u00e1tkach. Uskuto\u010dnili sa odborn\u00e9 etnografick\u00e9 a genealogick\u00e9 v\u00fdskumy modrotla\u010de aj tk\u00e1\u010dstva v Above, v pr\u00edprave s\u00fa populariza\u010dn\u00e9 bro\u017e\u00fary o t\u00fdchto remesl\u00e1ch a u n\u00e1s v Moldave sa fini\u0161uje s pr\u00edpravou...\" \/>\n<meta property=\"og:url\" content=\"https:\/\/kulturamoldava.sk\/hu\/termin-odovzdania-prac-suveniry-s-modrotlacou-sa-posuva-na-17-6-2021\/\" \/>\n<meta property=\"og:site_name\" content=\"Mestsk\u00e9 kult\u00farne stredisko Moldava nad Bodvou\" \/>\n<meta property=\"article:published_time\" content=\"2021-06-02T10:55:46+00:00\" \/>\n<meta property=\"article:modified_time\" content=\"2021-06-02T12:01:59+00:00\" \/>\n<meta property=\"og:image\" content=\"https:\/\/kulturamoldava.sk\/wp-content\/uploads\/2021\/06\/uradna-tabula-17.jpg\" \/>\n\t<meta property=\"og:image:width\" content=\"1280\" \/>\n\t<meta property=\"og:image:height\" content=\"909\" \/>\n\t<meta property=\"og:image:type\" content=\"image\/jpeg\" \/>\n<meta name=\"author\" content=\"kulturamoldava\" \/>\n<meta name=\"twitter:card\" content=\"summary_large_image\" \/>\n<meta name=\"twitter:label1\" content=\"Szerz\u0151:\" \/>\n\t<meta name=\"twitter:data1\" content=\"kulturamoldava\" \/>\n\t<meta name=\"twitter:label2\" content=\"Becs\u00fclt olvas\u00e1si id\u0151\" \/>\n\t<meta name=\"twitter:data2\" content=\"2 perc\" \/>\n<script type=\"application\/ld+json\" class=\"yoast-schema-graph\">{\"@context\":\"https:\\\/\\\/schema.org\",\"@graph\":[{\"@type\":\"Article\",\"@id\":\"https:\\\/\\\/kulturamoldava.sk\\\/termin-odovzdania-prac-suveniry-s-modrotlacou-sa-posuva-na-17-6-2021\\\/#article\",\"isPartOf\":{\"@id\":\"https:\\\/\\\/kulturamoldava.sk\\\/termin-odovzdania-prac-suveniry-s-modrotlacou-sa-posuva-na-17-6-2021\\\/\"},\"author\":{\"name\":\"kulturamoldava\",\"@id\":\"https:\\\/\\\/kulturamoldava.sk\\\/#\\\/schema\\\/person\\\/8eef072de6f42a5fd024b6987a0745d6\"},\"headline\":\"Term\u00edn odovzdania pr\u00e1c &#8211; SUVEN\u00cdRY s MODROTLA\u010cOU sa pos\u00fava na 17.6.2021\",\"datePublished\":\"2021-06-02T10:55:46+00:00\",\"dateModified\":\"2021-06-02T12:01:59+00:00\",\"mainEntityOfPage\":{\"@id\":\"https:\\\/\\\/kulturamoldava.sk\\\/termin-odovzdania-prac-suveniry-s-modrotlacou-sa-posuva-na-17-6-2021\\\/\"},\"wordCount\":347,\"image\":{\"@id\":\"https:\\\/\\\/kulturamoldava.sk\\\/termin-odovzdania-prac-suveniry-s-modrotlacou-sa-posuva-na-17-6-2021\\\/#primaryimage\"},\"thumbnailUrl\":\"https:\\\/\\\/kulturamoldava.sk\\\/wp-content\\\/uploads\\\/2021\\\/06\\\/uradna-tabula-17.jpg\",\"articleSection\":[\"Nezaraden\u00e9\"],\"inLanguage\":\"hu\"},{\"@type\":\"WebPage\",\"@id\":\"https:\\\/\\\/kulturamoldava.sk\\\/termin-odovzdania-prac-suveniry-s-modrotlacou-sa-posuva-na-17-6-2021\\\/\",\"url\":\"https:\\\/\\\/kulturamoldava.sk\\\/termin-odovzdania-prac-suveniry-s-modrotlacou-sa-posuva-na-17-6-2021\\\/\",\"name\":\"Term\u00edn odovzdania pr\u00e1c - SUVEN\u00cdRY s MODROTLA\u010cOU sa pos\u00fava na 17.6.2021 - Mestsk\u00e9 kult\u00farne stredisko Moldava nad Bodvou\",\"isPartOf\":{\"@id\":\"https:\\\/\\\/kulturamoldava.sk\\\/#website\"},\"primaryImageOfPage\":{\"@id\":\"https:\\\/\\\/kulturamoldava.sk\\\/termin-odovzdania-prac-suveniry-s-modrotlacou-sa-posuva-na-17-6-2021\\\/#primaryimage\"},\"image\":{\"@id\":\"https:\\\/\\\/kulturamoldava.sk\\\/termin-odovzdania-prac-suveniry-s-modrotlacou-sa-posuva-na-17-6-2021\\\/#primaryimage\"},\"thumbnailUrl\":\"https:\\\/\\\/kulturamoldava.sk\\\/wp-content\\\/uploads\\\/2021\\\/06\\\/uradna-tabula-17.jpg\",\"datePublished\":\"2021-06-02T10:55:46+00:00\",\"dateModified\":\"2021-06-02T12:01:59+00:00\",\"author\":{\"@id\":\"https:\\\/\\\/kulturamoldava.sk\\\/#\\\/schema\\\/person\\\/8eef072de6f42a5fd024b6987a0745d6\"},\"breadcrumb\":{\"@id\":\"https:\\\/\\\/kulturamoldava.sk\\\/termin-odovzdania-prac-suveniry-s-modrotlacou-sa-posuva-na-17-6-2021\\\/#breadcrumb\"},\"inLanguage\":\"hu\",\"potentialAction\":[{\"@type\":\"ReadAction\",\"target\":[\"https:\\\/\\\/kulturamoldava.sk\\\/termin-odovzdania-prac-suveniry-s-modrotlacou-sa-posuva-na-17-6-2021\\\/\"]}]},{\"@type\":\"ImageObject\",\"inLanguage\":\"hu\",\"@id\":\"https:\\\/\\\/kulturamoldava.sk\\\/termin-odovzdania-prac-suveniry-s-modrotlacou-sa-posuva-na-17-6-2021\\\/#primaryimage\",\"url\":\"https:\\\/\\\/kulturamoldava.sk\\\/wp-content\\\/uploads\\\/2021\\\/06\\\/uradna-tabula-17.jpg\",\"contentUrl\":\"https:\\\/\\\/kulturamoldava.sk\\\/wp-content\\\/uploads\\\/2021\\\/06\\\/uradna-tabula-17.jpg\",\"width\":1280,\"height\":909},{\"@type\":\"BreadcrumbList\",\"@id\":\"https:\\\/\\\/kulturamoldava.sk\\\/termin-odovzdania-prac-suveniry-s-modrotlacou-sa-posuva-na-17-6-2021\\\/#breadcrumb\",\"itemListElement\":[{\"@type\":\"ListItem\",\"position\":1,\"name\":\"Home\",\"item\":\"https:\\\/\\\/kulturamoldava.sk\\\/\"},{\"@type\":\"ListItem\",\"position\":2,\"name\":\"Term\u00edn odovzdania pr\u00e1c &#8211; SUVEN\u00cdRY s MODROTLA\u010cOU sa pos\u00fava na 17.6.2021\"}]},{\"@type\":\"WebSite\",\"@id\":\"https:\\\/\\\/kulturamoldava.sk\\\/#website\",\"url\":\"https:\\\/\\\/kulturamoldava.sk\\\/\",\"name\":\"Mestsk\u00e9 kult\u00farne stredisko Moldava nad Bodvou\",\"description\":\"\",\"potentialAction\":[{\"@type\":\"SearchAction\",\"target\":{\"@type\":\"EntryPoint\",\"urlTemplate\":\"https:\\\/\\\/kulturamoldava.sk\\\/?s={search_term_string}\"},\"query-input\":{\"@type\":\"PropertyValueSpecification\",\"valueRequired\":true,\"valueName\":\"search_term_string\"}}],\"inLanguage\":\"hu\"},{\"@type\":\"Person\",\"@id\":\"https:\\\/\\\/kulturamoldava.sk\\\/#\\\/schema\\\/person\\\/8eef072de6f42a5fd024b6987a0745d6\",\"name\":\"kulturamoldava\",\"image\":{\"@type\":\"ImageObject\",\"inLanguage\":\"hu\",\"@id\":\"https:\\\/\\\/secure.gravatar.com\\\/avatar\\\/d6f6bf4cc0de0867347e805c1ac591b2391954abfd993ed9c457f5564a7576ca?s=96&d=mm&r=g\",\"url\":\"https:\\\/\\\/secure.gravatar.com\\\/avatar\\\/d6f6bf4cc0de0867347e805c1ac591b2391954abfd993ed9c457f5564a7576ca?s=96&d=mm&r=g\",\"contentUrl\":\"https:\\\/\\\/secure.gravatar.com\\\/avatar\\\/d6f6bf4cc0de0867347e805c1ac591b2391954abfd993ed9c457f5564a7576ca?s=96&d=mm&r=g\",\"caption\":\"kulturamoldava\"},\"url\":\"https:\\\/\\\/kulturamoldava.sk\\\/hu\\\/author\\\/kulturamoldava\\\/\"}]}<\/script>\n<!-- \/ Yoast SEO plugin. -->","yoast_head_json":{"title":"Term\u00edn odovzdania pr\u00e1c - SUVEN\u00cdRY s MODROTLA\u010cOU sa pos\u00fava na 17.6.2021 - Mestsk\u00e9 kult\u00farne stredisko Moldava nad Bodvou","robots":{"index":"index","follow":"follow","max-snippet":"max-snippet:-1","max-image-preview":"max-image-preview:large","max-video-preview":"max-video-preview:-1"},"canonical":"https:\/\/kulturamoldava.sk\/hu\/termin-odovzdania-prac-suveniry-s-modrotlacou-sa-posuva-na-17-6-2021\/","og_locale":"hu_HU","og_type":"article","og_title":"Term\u00edn odovzdania pr\u00e1c - SUVEN\u00cdRY s MODROTLA\u010cOU sa pos\u00fava na 17.6.2021 - Mestsk\u00e9 kult\u00farne stredisko Moldava nad Bodvou","og_description":"Projekt Modrotla\u010d d\u017e\u00ednsovina monarchie, ktor\u00fdm odha\u013eujeme tajomstv\u00e1 v\u00fdroby modrotla\u010de v dielni majstrov Finkeiovcov v Moldave a zdobnos\u0165 tk\u00e1\u010dskeho remesla v partnerskom meste Encs naber\u00e1 na obr\u00e1tkach. Uskuto\u010dnili sa odborn\u00e9 etnografick\u00e9 a genealogick\u00e9 v\u00fdskumy modrotla\u010de aj tk\u00e1\u010dstva v Above, v pr\u00edprave s\u00fa populariza\u010dn\u00e9 bro\u017e\u00fary o t\u00fdchto remesl\u00e1ch a u n\u00e1s v Moldave sa fini\u0161uje s pr\u00edpravou...","og_url":"https:\/\/kulturamoldava.sk\/hu\/termin-odovzdania-prac-suveniry-s-modrotlacou-sa-posuva-na-17-6-2021\/","og_site_name":"Mestsk\u00e9 kult\u00farne stredisko Moldava nad Bodvou","article_published_time":"2021-06-02T10:55:46+00:00","article_modified_time":"2021-06-02T12:01:59+00:00","og_image":[{"width":1280,"height":909,"url":"https:\/\/kulturamoldava.sk\/wp-content\/uploads\/2021\/06\/uradna-tabula-17.jpg","type":"image\/jpeg"}],"author":"kulturamoldava","twitter_card":"summary_large_image","twitter_misc":{"Szerz\u0151:":"kulturamoldava","Becs\u00fclt olvas\u00e1si id\u0151":"2 perc"},"schema":{"@context":"https:\/\/schema.org","@graph":[{"@type":"Article","@id":"https:\/\/kulturamoldava.sk\/termin-odovzdania-prac-suveniry-s-modrotlacou-sa-posuva-na-17-6-2021\/#article","isPartOf":{"@id":"https:\/\/kulturamoldava.sk\/termin-odovzdania-prac-suveniry-s-modrotlacou-sa-posuva-na-17-6-2021\/"},"author":{"name":"kulturamoldava","@id":"https:\/\/kulturamoldava.sk\/#\/schema\/person\/8eef072de6f42a5fd024b6987a0745d6"},"headline":"Term\u00edn odovzdania pr\u00e1c &#8211; SUVEN\u00cdRY s MODROTLA\u010cOU sa pos\u00fava na 17.6.2021","datePublished":"2021-06-02T10:55:46+00:00","dateModified":"2021-06-02T12:01:59+00:00","mainEntityOfPage":{"@id":"https:\/\/kulturamoldava.sk\/termin-odovzdania-prac-suveniry-s-modrotlacou-sa-posuva-na-17-6-2021\/"},"wordCount":347,"image":{"@id":"https:\/\/kulturamoldava.sk\/termin-odovzdania-prac-suveniry-s-modrotlacou-sa-posuva-na-17-6-2021\/#primaryimage"},"thumbnailUrl":"https:\/\/kulturamoldava.sk\/wp-content\/uploads\/2021\/06\/uradna-tabula-17.jpg","articleSection":["Nezaraden\u00e9"],"inLanguage":"hu"},{"@type":"WebPage","@id":"https:\/\/kulturamoldava.sk\/termin-odovzdania-prac-suveniry-s-modrotlacou-sa-posuva-na-17-6-2021\/","url":"https:\/\/kulturamoldava.sk\/termin-odovzdania-prac-suveniry-s-modrotlacou-sa-posuva-na-17-6-2021\/","name":"Term\u00edn odovzdania pr\u00e1c - SUVEN\u00cdRY s MODROTLA\u010cOU sa pos\u00fava na 17.6.2021 - Mestsk\u00e9 kult\u00farne stredisko Moldava nad Bodvou","isPartOf":{"@id":"https:\/\/kulturamoldava.sk\/#website"},"primaryImageOfPage":{"@id":"https:\/\/kulturamoldava.sk\/termin-odovzdania-prac-suveniry-s-modrotlacou-sa-posuva-na-17-6-2021\/#primaryimage"},"image":{"@id":"https:\/\/kulturamoldava.sk\/termin-odovzdania-prac-suveniry-s-modrotlacou-sa-posuva-na-17-6-2021\/#primaryimage"},"thumbnailUrl":"https:\/\/kulturamoldava.sk\/wp-content\/uploads\/2021\/06\/uradna-tabula-17.jpg","datePublished":"2021-06-02T10:55:46+00:00","dateModified":"2021-06-02T12:01:59+00:00","author":{"@id":"https:\/\/kulturamoldava.sk\/#\/schema\/person\/8eef072de6f42a5fd024b6987a0745d6"},"breadcrumb":{"@id":"https:\/\/kulturamoldava.sk\/termin-odovzdania-prac-suveniry-s-modrotlacou-sa-posuva-na-17-6-2021\/#breadcrumb"},"inLanguage":"hu","potentialAction":[{"@type":"ReadAction","target":["https:\/\/kulturamoldava.sk\/termin-odovzdania-prac-suveniry-s-modrotlacou-sa-posuva-na-17-6-2021\/"]}]},{"@type":"ImageObject","inLanguage":"hu","@id":"https:\/\/kulturamoldava.sk\/termin-odovzdania-prac-suveniry-s-modrotlacou-sa-posuva-na-17-6-2021\/#primaryimage","url":"https:\/\/kulturamoldava.sk\/wp-content\/uploads\/2021\/06\/uradna-tabula-17.jpg","contentUrl":"https:\/\/kulturamoldava.sk\/wp-content\/uploads\/2021\/06\/uradna-tabula-17.jpg","width":1280,"height":909},{"@type":"BreadcrumbList","@id":"https:\/\/kulturamoldava.sk\/termin-odovzdania-prac-suveniry-s-modrotlacou-sa-posuva-na-17-6-2021\/#breadcrumb","itemListElement":[{"@type":"ListItem","position":1,"name":"Home","item":"https:\/\/kulturamoldava.sk\/"},{"@type":"ListItem","position":2,"name":"Term\u00edn odovzdania pr\u00e1c &#8211; SUVEN\u00cdRY s MODROTLA\u010cOU sa pos\u00fava na 17.6.2021"}]},{"@type":"WebSite","@id":"https:\/\/kulturamoldava.sk\/#website","url":"https:\/\/kulturamoldava.sk\/","name":"Szepsi V\u00e1rosi M\u0171vel\u0151d\u00e9si K\u00f6zpont","description":"","potentialAction":[{"@type":"SearchAction","target":{"@type":"EntryPoint","urlTemplate":"https:\/\/kulturamoldava.sk\/?s={search_term_string}"},"query-input":{"@type":"PropertyValueSpecification","valueRequired":true,"valueName":"search_term_string"}}],"inLanguage":"hu"},{"@type":"Person","@id":"https:\/\/kulturamoldava.sk\/#\/schema\/person\/8eef072de6f42a5fd024b6987a0745d6","name":"kulturamoldava","image":{"@type":"ImageObject","inLanguage":"hu","@id":"https:\/\/secure.gravatar.com\/avatar\/d6f6bf4cc0de0867347e805c1ac591b2391954abfd993ed9c457f5564a7576ca?s=96&d=mm&r=g","url":"https:\/\/secure.gravatar.com\/avatar\/d6f6bf4cc0de0867347e805c1ac591b2391954abfd993ed9c457f5564a7576ca?s=96&d=mm&r=g","contentUrl":"https:\/\/secure.gravatar.com\/avatar\/d6f6bf4cc0de0867347e805c1ac591b2391954abfd993ed9c457f5564a7576ca?s=96&d=mm&r=g","caption":"kulturamoldava"},"url":"https:\/\/kulturamoldava.sk\/hu\/author\/kulturamoldava\/"}]}},"_links":{"self":[{"href":"https:\/\/kulturamoldava.sk\/hu\/wp-json\/wp\/v2\/posts\/25203","targetHints":{"allow":["GET"]}}],"collection":[{"href":"https:\/\/kulturamoldava.sk\/hu\/wp-json\/wp\/v2\/posts"}],"about":[{"href":"https:\/\/kulturamoldava.sk\/hu\/wp-json\/wp\/v2\/types\/post"}],"author":[{"embeddable":true,"href":"https:\/\/kulturamoldava.sk\/hu\/wp-json\/wp\/v2\/users\/1"}],"replies":[{"embeddable":true,"href":"https:\/\/kulturamoldava.sk\/hu\/wp-json\/wp\/v2\/comments?post=25203"}],"version-history":[{"count":4,"href":"https:\/\/kulturamoldava.sk\/hu\/wp-json\/wp\/v2\/posts\/25203\/revisions"}],"predecessor-version":[{"id":25209,"href":"https:\/\/kulturamoldava.sk\/hu\/wp-json\/wp\/v2\/posts\/25203\/revisions\/25209"}],"wp:featuredmedia":[{"embeddable":true,"href":"https:\/\/kulturamoldava.sk\/hu\/wp-json\/wp\/v2\/media\/25204"}],"wp:attachment":[{"href":"https:\/\/kulturamoldava.sk\/hu\/wp-json\/wp\/v2\/media?parent=25203"}],"wp:term":[{"taxonomy":"category","embeddable":true,"href":"https:\/\/kulturamoldava.sk\/hu\/wp-json\/wp\/v2\/categories?post=25203"},{"taxonomy":"post_tag","embeddable":true,"href":"https:\/\/kulturamoldava.sk\/hu\/wp-json\/wp\/v2\/tags?post=25203"}],"curies":[{"name":"wp","href":"https:\/\/api.w.org\/{rel}","templated":true}]}}