{"id":25191,"date":"2021-05-06T11:13:33","date_gmt":"2021-05-06T09:13:33","guid":{"rendered":"https:\/\/kulturamoldava.sk\/?p=25191"},"modified":"2021-06-01T11:32:23","modified_gmt":"2021-06-01T09:32:23","slug":"sutaz-suveniry-s-modrotlacou","status":"publish","type":"post","link":"https:\/\/kulturamoldava.sk\/hu\/sutaz-suveniry-s-modrotlacou\/","title":{"rendered":"Nemzetk\u00f6zi verseny- aj\u00e1nd\u00e9kt\u00e1rgyak tervez\u00e9s\u00e9re"},"content":{"rendered":"<p>Kapcsolo\u0301dj be az aja\u0301nde\u0301kta\u0301rgyak terveze\u0301se\u0301nek nemzetk\u00f6zi verseny\u00e9be,  mely a Ke\u0301kfest\u0151 \u2013 farmer monarchia pa\u0301lya\u0301zat kerete\u0301n bel\u00fcl ker\u00fcl megrendeze\u0301sre.\nTov\u00e1bbi inform\u00e1ci\u00f3k \u00e9s a jelentkez\u00e9si lapp: <img loading=\"lazy\" decoding=\"async\" src=\"https:\/\/static.xx.fbcdn.net\/images\/emoji.php\/v9\/t9e\/1\/16\/27a1.png\" alt=\"\u27a1\ufe0f\" width=\"16\" height=\"16\"><a href=\"https:\/\/www.moldava.sk\/sk\/investicna-vystavba-stranky\/modrotlac-dzinsovina-monarchie\/?fbclid=IwAR0CF3jH6IOzML650_kdUJQqCIgDAO4ltmdp05EoyTyu_NS3KLPxl1BJ87g\" target=\"_blank\" rel=\"noreferrer noopener\">https:\/\/www.moldava.sk\/&#8230;\/modrotlac-dzinsovina-monarchie\/<\/a><\/p>\r\n\r\n\r\n\r\n<figure class=\"wp-block-image size-large\"><img loading=\"lazy\" decoding=\"async\" width=\"724\" height=\"1024\" class=\"wp-image-25196\" src=\"https:\/\/kulturamoldava.sk\/wp-content\/uploads\/2021\/06\/unnamed.jpg\" alt=\"\" srcset=\"https:\/\/kulturamoldava.sk\/wp-content\/uploads\/2021\/06\/unnamed.jpg 1785w, https:\/\/kulturamoldava.sk\/wp-content\/uploads\/2021\/06\/unnamed-600x849.jpg 600w, https:\/\/kulturamoldava.sk\/wp-content\/uploads\/2021\/06\/unnamed-212x300.jpg 212w, https:\/\/kulturamoldava.sk\/wp-content\/uploads\/2021\/06\/unnamed-724x1024.jpg 724w, https:\/\/kulturamoldava.sk\/wp-content\/uploads\/2021\/06\/unnamed-768x1087.jpg 768w, https:\/\/kulturamoldava.sk\/wp-content\/uploads\/2021\/06\/unnamed-1085x1536.jpg 1085w, https:\/\/kulturamoldava.sk\/wp-content\/uploads\/2021\/06\/unnamed-1447x2048.jpg 1447w, https:\/\/kulturamoldava.sk\/wp-content\/uploads\/2021\/06\/unnamed-8x12.jpg 8w, https:\/\/kulturamoldava.sk\/wp-content\/uploads\/2021\/06\/unnamed-580x821.jpg 580w, https:\/\/kulturamoldava.sk\/wp-content\/uploads\/2021\/06\/unnamed-860x1217.jpg 860w, https:\/\/kulturamoldava.sk\/wp-content\/uploads\/2021\/06\/unnamed-1160x1642.jpg 1160w, https:\/\/kulturamoldava.sk\/wp-content\/uploads\/2021\/06\/unnamed-1320x1868.jpg 1320w\" sizes=\"auto, (max-width: 724px) 100vw, 724px\" \/><\/figure>\r\n\r\n\r\n\r\n<figure class=\"wp-block-image size-large\"><img loading=\"lazy\" decoding=\"async\" width=\"724\" height=\"1024\" class=\"wp-image-25197\" src=\"https:\/\/kulturamoldava.sk\/wp-content\/uploads\/2021\/06\/unnamed1.jpg\" alt=\"\" srcset=\"https:\/\/kulturamoldava.sk\/wp-content\/uploads\/2021\/06\/unnamed1.jpg 1785w, https:\/\/kulturamoldava.sk\/wp-content\/uploads\/2021\/06\/unnamed1-600x849.jpg 600w, https:\/\/kulturamoldava.sk\/wp-content\/uploads\/2021\/06\/unnamed1-212x300.jpg 212w, https:\/\/kulturamoldava.sk\/wp-content\/uploads\/2021\/06\/unnamed1-724x1024.jpg 724w, https:\/\/kulturamoldava.sk\/wp-content\/uploads\/2021\/06\/unnamed1-768x1087.jpg 768w, https:\/\/kulturamoldava.sk\/wp-content\/uploads\/2021\/06\/unnamed1-1085x1536.jpg 1085w, https:\/\/kulturamoldava.sk\/wp-content\/uploads\/2021\/06\/unnamed1-1447x2048.jpg 1447w, https:\/\/kulturamoldava.sk\/wp-content\/uploads\/2021\/06\/unnamed1-8x12.jpg 8w, https:\/\/kulturamoldava.sk\/wp-content\/uploads\/2021\/06\/unnamed1-580x821.jpg 580w, https:\/\/kulturamoldava.sk\/wp-content\/uploads\/2021\/06\/unnamed1-860x1217.jpg 860w, https:\/\/kulturamoldava.sk\/wp-content\/uploads\/2021\/06\/unnamed1-1160x1642.jpg 1160w, https:\/\/kulturamoldava.sk\/wp-content\/uploads\/2021\/06\/unnamed1-1320x1868.jpg 1320w\" sizes=\"auto, (max-width: 724px) 100vw, 724px\" \/><\/figure>","protected":false},"excerpt":{"rendered":"<p>Zapojte sa do medzin\u00e1rodnej s\u00fa\u0165a\u017ee n\u00e1vrhov na suven\u00edry v r\u00e1mci projektu Modrotla\u010d &#8211; d\u017e\u00ednsovina monarchie z Programu spolupr\u00e1ce Interreg V-A Slovensk\u00e1 republika &#8211; Ma\u010farsko. Viac info a prihl\u00e1\u0161ka: https:\/\/www.moldava.sk\/&#8230;\/modrotlac-dzinsovina-monarchie\/<\/p>","protected":false},"author":1,"featured_media":25193,"comment_status":"closed","ping_status":"closed","sticky":false,"template":"","format":"standard","meta":{"ngg_post_thumbnail":0,"footnotes":""},"categories":[1],"tags":[],"class_list":["post-25191","post","type-post","status-publish","format-standard","has-post-thumbnail","hentry","category-nezaradene"],"yoast_head":"<!-- This site is optimized with the Yoast SEO plugin v27.5 - https:\/\/yoast.com\/product\/yoast-seo-wordpress\/ -->\n<title>S\u00fa\u0165a\u017e - suven\u00edry s modrotla\u010dou - Mestsk\u00e9 kult\u00farne stredisko Moldava nad Bodvou<\/title>\n<meta name=\"robots\" content=\"index, follow, max-snippet:-1, max-image-preview:large, max-video-preview:-1\" \/>\n<link rel=\"canonical\" href=\"https:\/\/kulturamoldava.sk\/hu\/sutaz-suveniry-s-modrotlacou\/\" \/>\n<meta property=\"og:locale\" content=\"hu_HU\" \/>\n<meta property=\"og:type\" content=\"article\" \/>\n<meta property=\"og:title\" content=\"S\u00fa\u0165a\u017e - suven\u00edry s modrotla\u010dou - Mestsk\u00e9 kult\u00farne stredisko Moldava nad Bodvou\" \/>\n<meta property=\"og:description\" content=\"Zapojte sa do medzin\u00e1rodnej s\u00fa\u0165a\u017ee n\u00e1vrhov na suven\u00edry v r\u00e1mci projektu Modrotla\u010d &#8211; d\u017e\u00ednsovina monarchie z Programu spolupr\u00e1ce Interreg V-A Slovensk\u00e1 republika &#8211; Ma\u010farsko. Viac info a prihl\u00e1\u0161ka: https:\/\/www.moldava.sk\/&#8230;\/modrotlac-dzinsovina-monarchie\/\" \/>\n<meta property=\"og:url\" content=\"https:\/\/kulturamoldava.sk\/hu\/sutaz-suveniry-s-modrotlacou\/\" \/>\n<meta property=\"og:site_name\" content=\"Mestsk\u00e9 kult\u00farne stredisko Moldava nad Bodvou\" \/>\n<meta property=\"article:published_time\" content=\"2021-05-06T09:13:33+00:00\" \/>\n<meta property=\"article:modified_time\" content=\"2021-06-01T09:32:23+00:00\" \/>\n<meta property=\"og:image\" content=\"https:\/\/kulturamoldava.sk\/wp-content\/uploads\/2021\/06\/unnamed4-e1622538606359.jpg\" \/>\n\t<meta property=\"og:image:width\" content=\"1787\" \/>\n\t<meta property=\"og:image:height\" content=\"1041\" \/>\n\t<meta property=\"og:image:type\" content=\"image\/jpeg\" \/>\n<meta name=\"author\" content=\"kulturamoldava\" \/>\n<meta name=\"twitter:card\" content=\"summary_large_image\" \/>\n<meta name=\"twitter:label1\" content=\"Szerz\u0151:\" \/>\n\t<meta name=\"twitter:data1\" content=\"kulturamoldava\" \/>\n\t<meta name=\"twitter:label2\" content=\"Becs\u00fclt olvas\u00e1si id\u0151\" \/>\n\t<meta name=\"twitter:data2\" content=\"1 perc\" \/>\n<script type=\"application\/ld+json\" class=\"yoast-schema-graph\">{\"@context\":\"https:\\\/\\\/schema.org\",\"@graph\":[{\"@type\":\"Article\",\"@id\":\"https:\\\/\\\/kulturamoldava.sk\\\/sutaz-suveniry-s-modrotlacou\\\/#article\",\"isPartOf\":{\"@id\":\"https:\\\/\\\/kulturamoldava.sk\\\/sutaz-suveniry-s-modrotlacou\\\/\"},\"author\":{\"name\":\"kulturamoldava\",\"@id\":\"https:\\\/\\\/kulturamoldava.sk\\\/#\\\/schema\\\/person\\\/8eef072de6f42a5fd024b6987a0745d6\"},\"headline\":\"S\u00fa\u0165a\u017e &#8211; suven\u00edry s modrotla\u010dou\",\"datePublished\":\"2021-05-06T09:13:33+00:00\",\"dateModified\":\"2021-06-01T09:32:23+00:00\",\"mainEntityOfPage\":{\"@id\":\"https:\\\/\\\/kulturamoldava.sk\\\/sutaz-suveniry-s-modrotlacou\\\/\"},\"wordCount\":51,\"image\":{\"@id\":\"https:\\\/\\\/kulturamoldava.sk\\\/sutaz-suveniry-s-modrotlacou\\\/#primaryimage\"},\"thumbnailUrl\":\"https:\\\/\\\/kulturamoldava.sk\\\/wp-content\\\/uploads\\\/2021\\\/06\\\/unnamed4-e1622538606359.jpg\",\"articleSection\":[\"Nezaraden\u00e9\"],\"inLanguage\":\"hu\"},{\"@type\":\"WebPage\",\"@id\":\"https:\\\/\\\/kulturamoldava.sk\\\/sutaz-suveniry-s-modrotlacou\\\/\",\"url\":\"https:\\\/\\\/kulturamoldava.sk\\\/sutaz-suveniry-s-modrotlacou\\\/\",\"name\":\"S\u00fa\u0165a\u017e - suven\u00edry s modrotla\u010dou - Mestsk\u00e9 kult\u00farne stredisko Moldava nad Bodvou\",\"isPartOf\":{\"@id\":\"https:\\\/\\\/kulturamoldava.sk\\\/#website\"},\"primaryImageOfPage\":{\"@id\":\"https:\\\/\\\/kulturamoldava.sk\\\/sutaz-suveniry-s-modrotlacou\\\/#primaryimage\"},\"image\":{\"@id\":\"https:\\\/\\\/kulturamoldava.sk\\\/sutaz-suveniry-s-modrotlacou\\\/#primaryimage\"},\"thumbnailUrl\":\"https:\\\/\\\/kulturamoldava.sk\\\/wp-content\\\/uploads\\\/2021\\\/06\\\/unnamed4-e1622538606359.jpg\",\"datePublished\":\"2021-05-06T09:13:33+00:00\",\"dateModified\":\"2021-06-01T09:32:23+00:00\",\"author\":{\"@id\":\"https:\\\/\\\/kulturamoldava.sk\\\/#\\\/schema\\\/person\\\/8eef072de6f42a5fd024b6987a0745d6\"},\"breadcrumb\":{\"@id\":\"https:\\\/\\\/kulturamoldava.sk\\\/sutaz-suveniry-s-modrotlacou\\\/#breadcrumb\"},\"inLanguage\":\"hu\",\"potentialAction\":[{\"@type\":\"ReadAction\",\"target\":[\"https:\\\/\\\/kulturamoldava.sk\\\/sutaz-suveniry-s-modrotlacou\\\/\"]}]},{\"@type\":\"ImageObject\",\"inLanguage\":\"hu\",\"@id\":\"https:\\\/\\\/kulturamoldava.sk\\\/sutaz-suveniry-s-modrotlacou\\\/#primaryimage\",\"url\":\"https:\\\/\\\/kulturamoldava.sk\\\/wp-content\\\/uploads\\\/2021\\\/06\\\/unnamed4-e1622538606359.jpg\",\"contentUrl\":\"https:\\\/\\\/kulturamoldava.sk\\\/wp-content\\\/uploads\\\/2021\\\/06\\\/unnamed4-e1622538606359.jpg\",\"width\":1787,\"height\":1041},{\"@type\":\"BreadcrumbList\",\"@id\":\"https:\\\/\\\/kulturamoldava.sk\\\/sutaz-suveniry-s-modrotlacou\\\/#breadcrumb\",\"itemListElement\":[{\"@type\":\"ListItem\",\"position\":1,\"name\":\"Home\",\"item\":\"https:\\\/\\\/kulturamoldava.sk\\\/\"},{\"@type\":\"ListItem\",\"position\":2,\"name\":\"S\u00fa\u0165a\u017e &#8211; suven\u00edry s modrotla\u010dou\"}]},{\"@type\":\"WebSite\",\"@id\":\"https:\\\/\\\/kulturamoldava.sk\\\/#website\",\"url\":\"https:\\\/\\\/kulturamoldava.sk\\\/\",\"name\":\"Mestsk\u00e9 kult\u00farne stredisko Moldava nad Bodvou\",\"description\":\"\",\"potentialAction\":[{\"@type\":\"SearchAction\",\"target\":{\"@type\":\"EntryPoint\",\"urlTemplate\":\"https:\\\/\\\/kulturamoldava.sk\\\/?s={search_term_string}\"},\"query-input\":{\"@type\":\"PropertyValueSpecification\",\"valueRequired\":true,\"valueName\":\"search_term_string\"}}],\"inLanguage\":\"hu\"},{\"@type\":\"Person\",\"@id\":\"https:\\\/\\\/kulturamoldava.sk\\\/#\\\/schema\\\/person\\\/8eef072de6f42a5fd024b6987a0745d6\",\"name\":\"kulturamoldava\",\"image\":{\"@type\":\"ImageObject\",\"inLanguage\":\"hu\",\"@id\":\"https:\\\/\\\/secure.gravatar.com\\\/avatar\\\/d6f6bf4cc0de0867347e805c1ac591b2391954abfd993ed9c457f5564a7576ca?s=96&d=mm&r=g\",\"url\":\"https:\\\/\\\/secure.gravatar.com\\\/avatar\\\/d6f6bf4cc0de0867347e805c1ac591b2391954abfd993ed9c457f5564a7576ca?s=96&d=mm&r=g\",\"contentUrl\":\"https:\\\/\\\/secure.gravatar.com\\\/avatar\\\/d6f6bf4cc0de0867347e805c1ac591b2391954abfd993ed9c457f5564a7576ca?s=96&d=mm&r=g\",\"caption\":\"kulturamoldava\"},\"url\":\"https:\\\/\\\/kulturamoldava.sk\\\/hu\\\/author\\\/kulturamoldava\\\/\"}]}<\/script>\n<!-- \/ Yoast SEO plugin. -->","yoast_head_json":{"title":"S\u00fa\u0165a\u017e - suven\u00edry s modrotla\u010dou - Mestsk\u00e9 kult\u00farne stredisko Moldava nad Bodvou","robots":{"index":"index","follow":"follow","max-snippet":"max-snippet:-1","max-image-preview":"max-image-preview:large","max-video-preview":"max-video-preview:-1"},"canonical":"https:\/\/kulturamoldava.sk\/hu\/sutaz-suveniry-s-modrotlacou\/","og_locale":"hu_HU","og_type":"article","og_title":"S\u00fa\u0165a\u017e - suven\u00edry s modrotla\u010dou - Mestsk\u00e9 kult\u00farne stredisko Moldava nad Bodvou","og_description":"Zapojte sa do medzin\u00e1rodnej s\u00fa\u0165a\u017ee n\u00e1vrhov na suven\u00edry v r\u00e1mci projektu Modrotla\u010d &#8211; d\u017e\u00ednsovina monarchie z Programu spolupr\u00e1ce Interreg V-A Slovensk\u00e1 republika &#8211; Ma\u010farsko. Viac info a prihl\u00e1\u0161ka: https:\/\/www.moldava.sk\/&#8230;\/modrotlac-dzinsovina-monarchie\/","og_url":"https:\/\/kulturamoldava.sk\/hu\/sutaz-suveniry-s-modrotlacou\/","og_site_name":"Mestsk\u00e9 kult\u00farne stredisko Moldava nad Bodvou","article_published_time":"2021-05-06T09:13:33+00:00","article_modified_time":"2021-06-01T09:32:23+00:00","og_image":[{"width":1787,"height":1041,"url":"https:\/\/kulturamoldava.sk\/wp-content\/uploads\/2021\/06\/unnamed4-e1622538606359.jpg","type":"image\/jpeg"}],"author":"kulturamoldava","twitter_card":"summary_large_image","twitter_misc":{"Szerz\u0151:":"kulturamoldava","Becs\u00fclt olvas\u00e1si id\u0151":"1 perc"},"schema":{"@context":"https:\/\/schema.org","@graph":[{"@type":"Article","@id":"https:\/\/kulturamoldava.sk\/sutaz-suveniry-s-modrotlacou\/#article","isPartOf":{"@id":"https:\/\/kulturamoldava.sk\/sutaz-suveniry-s-modrotlacou\/"},"author":{"name":"kulturamoldava","@id":"https:\/\/kulturamoldava.sk\/#\/schema\/person\/8eef072de6f42a5fd024b6987a0745d6"},"headline":"S\u00fa\u0165a\u017e &#8211; suven\u00edry s modrotla\u010dou","datePublished":"2021-05-06T09:13:33+00:00","dateModified":"2021-06-01T09:32:23+00:00","mainEntityOfPage":{"@id":"https:\/\/kulturamoldava.sk\/sutaz-suveniry-s-modrotlacou\/"},"wordCount":51,"image":{"@id":"https:\/\/kulturamoldava.sk\/sutaz-suveniry-s-modrotlacou\/#primaryimage"},"thumbnailUrl":"https:\/\/kulturamoldava.sk\/wp-content\/uploads\/2021\/06\/unnamed4-e1622538606359.jpg","articleSection":["Nezaraden\u00e9"],"inLanguage":"hu"},{"@type":"WebPage","@id":"https:\/\/kulturamoldava.sk\/sutaz-suveniry-s-modrotlacou\/","url":"https:\/\/kulturamoldava.sk\/sutaz-suveniry-s-modrotlacou\/","name":"S\u00fa\u0165a\u017e - suven\u00edry s modrotla\u010dou - Mestsk\u00e9 kult\u00farne stredisko Moldava nad Bodvou","isPartOf":{"@id":"https:\/\/kulturamoldava.sk\/#website"},"primaryImageOfPage":{"@id":"https:\/\/kulturamoldava.sk\/sutaz-suveniry-s-modrotlacou\/#primaryimage"},"image":{"@id":"https:\/\/kulturamoldava.sk\/sutaz-suveniry-s-modrotlacou\/#primaryimage"},"thumbnailUrl":"https:\/\/kulturamoldava.sk\/wp-content\/uploads\/2021\/06\/unnamed4-e1622538606359.jpg","datePublished":"2021-05-06T09:13:33+00:00","dateModified":"2021-06-01T09:32:23+00:00","author":{"@id":"https:\/\/kulturamoldava.sk\/#\/schema\/person\/8eef072de6f42a5fd024b6987a0745d6"},"breadcrumb":{"@id":"https:\/\/kulturamoldava.sk\/sutaz-suveniry-s-modrotlacou\/#breadcrumb"},"inLanguage":"hu","potentialAction":[{"@type":"ReadAction","target":["https:\/\/kulturamoldava.sk\/sutaz-suveniry-s-modrotlacou\/"]}]},{"@type":"ImageObject","inLanguage":"hu","@id":"https:\/\/kulturamoldava.sk\/sutaz-suveniry-s-modrotlacou\/#primaryimage","url":"https:\/\/kulturamoldava.sk\/wp-content\/uploads\/2021\/06\/unnamed4-e1622538606359.jpg","contentUrl":"https:\/\/kulturamoldava.sk\/wp-content\/uploads\/2021\/06\/unnamed4-e1622538606359.jpg","width":1787,"height":1041},{"@type":"BreadcrumbList","@id":"https:\/\/kulturamoldava.sk\/sutaz-suveniry-s-modrotlacou\/#breadcrumb","itemListElement":[{"@type":"ListItem","position":1,"name":"Home","item":"https:\/\/kulturamoldava.sk\/"},{"@type":"ListItem","position":2,"name":"S\u00fa\u0165a\u017e &#8211; suven\u00edry s modrotla\u010dou"}]},{"@type":"WebSite","@id":"https:\/\/kulturamoldava.sk\/#website","url":"https:\/\/kulturamoldava.sk\/","name":"Szepsi V\u00e1rosi M\u0171vel\u0151d\u00e9si K\u00f6zpont","description":"","potentialAction":[{"@type":"SearchAction","target":{"@type":"EntryPoint","urlTemplate":"https:\/\/kulturamoldava.sk\/?s={search_term_string}"},"query-input":{"@type":"PropertyValueSpecification","valueRequired":true,"valueName":"search_term_string"}}],"inLanguage":"hu"},{"@type":"Person","@id":"https:\/\/kulturamoldava.sk\/#\/schema\/person\/8eef072de6f42a5fd024b6987a0745d6","name":"kulturamoldava","image":{"@type":"ImageObject","inLanguage":"hu","@id":"https:\/\/secure.gravatar.com\/avatar\/d6f6bf4cc0de0867347e805c1ac591b2391954abfd993ed9c457f5564a7576ca?s=96&d=mm&r=g","url":"https:\/\/secure.gravatar.com\/avatar\/d6f6bf4cc0de0867347e805c1ac591b2391954abfd993ed9c457f5564a7576ca?s=96&d=mm&r=g","contentUrl":"https:\/\/secure.gravatar.com\/avatar\/d6f6bf4cc0de0867347e805c1ac591b2391954abfd993ed9c457f5564a7576ca?s=96&d=mm&r=g","caption":"kulturamoldava"},"url":"https:\/\/kulturamoldava.sk\/hu\/author\/kulturamoldava\/"}]}},"_links":{"self":[{"href":"https:\/\/kulturamoldava.sk\/hu\/wp-json\/wp\/v2\/posts\/25191","targetHints":{"allow":["GET"]}}],"collection":[{"href":"https:\/\/kulturamoldava.sk\/hu\/wp-json\/wp\/v2\/posts"}],"about":[{"href":"https:\/\/kulturamoldava.sk\/hu\/wp-json\/wp\/v2\/types\/post"}],"author":[{"embeddable":true,"href":"https:\/\/kulturamoldava.sk\/hu\/wp-json\/wp\/v2\/users\/1"}],"replies":[{"embeddable":true,"href":"https:\/\/kulturamoldava.sk\/hu\/wp-json\/wp\/v2\/comments?post=25191"}],"version-history":[{"count":3,"href":"https:\/\/kulturamoldava.sk\/hu\/wp-json\/wp\/v2\/posts\/25191\/revisions"}],"predecessor-version":[{"id":25199,"href":"https:\/\/kulturamoldava.sk\/hu\/wp-json\/wp\/v2\/posts\/25191\/revisions\/25199"}],"wp:featuredmedia":[{"embeddable":true,"href":"https:\/\/kulturamoldava.sk\/hu\/wp-json\/wp\/v2\/media\/25193"}],"wp:attachment":[{"href":"https:\/\/kulturamoldava.sk\/hu\/wp-json\/wp\/v2\/media?parent=25191"}],"wp:term":[{"taxonomy":"category","embeddable":true,"href":"https:\/\/kulturamoldava.sk\/hu\/wp-json\/wp\/v2\/categories?post=25191"},{"taxonomy":"post_tag","embeddable":true,"href":"https:\/\/kulturamoldava.sk\/hu\/wp-json\/wp\/v2\/tags?post=25191"}],"curies":[{"name":"wp","href":"https:\/\/api.w.org\/{rel}","templated":true}]}}