{"id":24483,"date":"2020-09-30T13:17:09","date_gmt":"2020-09-30T11:17:09","guid":{"rendered":"https:\/\/kulturamoldava.sk\/?p=24483"},"modified":"2020-09-30T13:18:41","modified_gmt":"2020-09-30T11:18:41","slug":"sutaz-vo-vareni-kotlikovych-jedal","status":"publish","type":"post","link":"https:\/\/kulturamoldava.sk\/hu\/sutaz-vo-vareni-kotlikovych-jedal\/","title":{"rendered":"Bogr\u00e1cs\u00e9telek f\u0151z\u0151versenye"},"content":{"rendered":"<p>Szepsiben a ny\u00e1ri sz\u00fcnid\u0151 v\u00e9gezt\u00e9t a szervez\u0151k bev\u00e1lt h\u00e1rmas\u00e1nak igyekezetei tett\u00e9k jellegzetess\u00e9 \u2013 a VMK, a VSK \u00e9s a sportk\u00f6zpontot \u00fczemeltet\u0151 BK Lineas a szepsiek sz\u00e1m\u00e1ra pr\u00f3b\u00e1lt\u00e1k azt sz\u00ednesebb\u00e9 var\u00e1zsolni szabadid\u0151s \u00e9s az \u00fcnnepi pillanatok jegy\u00e9ben, melyek a jelenlegi k\u00f6r\u00fclm\u00e9nyek k\u00f6z\u00f6tt egy\u00e1ltal\u00e1n megval\u00f3sulhatnak. 2020. augusztus 15-\u00e9n, szombaton a sportk\u00f6zpontban bogr\u00e1cs\u00e9telek f\u0151z\u0151versenye zajlott, kellemes kultur\u00e1lis programokkal \u00e9s sz\u00e1mos l\u00e1tnival\u00f3val a gyermekek, illetve a feln\u0151ttek sz\u00e1m\u00e1ra. A ter\u00fclet m\u00e1r 11 \u00f3ra el\u0151tt kezdett fokozatosan megtelni , s a n\u00e9pszer\u0171 versenyen 7 csapat m\u00e9rettette meg mag\u00e1t. Mindent f\u0151ztek, amit egy \u00fcstben f\u0151zni egy\u00e1ltal\u00e1n lehet: a klasszikus guly\u00e1st\u00f3l a vad\u00e9teleken \u00e1t eg\u00e9szen a p\u00f6rk\u00f6ltig. K\u00f3stol\u00f3b\u00f3l akadt b\u0151ven, b\u00e1r a 700 l\u00e1togat\u00f3 ellen\u00e9re m\u00e9gsem fogyott el minden. De nagyszer\u0171 \u00edzel\u00edt\u0151 volt a vid\u00e9ki Kentucky Jack egy\u00fcttes is, mely a d\u00e9lut\u00e1nt \u00f6r\u00f6kz\u00f6ld dallamokkal gazdag\u00edtotta. A gyermekek, mint \u00e1ltal\u00e1ban, \u00e9lvezt\u00e9k az ugr\u00e1l\u00f3v\u00e1rat, a lovagl\u00e1st, de figyelmesen hallgatt\u00e1k az erd\u0151tan\u00e1rokat is, akik k\u00fcl\u00f6nf\u00e9le oktat\u00f3 jelleg\u0171 j\u00e1t\u00e9kokat k\u00e9sz\u00edtettek sz\u00e1mukra. A birk\u00f3z\u00f3 bemutat\u00f3, az \u00edj\u00e1szat vagy a l\u00e9gpuska l\u00f6v\u00f6ld\u00f6z\u00e9s mind elb\u0171v\u00f6lt\u00e9k a fiatalokat. \u00c9l\u00e9nk\u00edt\u0151nek hatott horg\u00e1szegyes\u00fclet gyermekeknek sz\u00f3l\u00f3 felvil\u00e1gos\u00edt\u00e1sa is, melynek c\u00e9lja az volt, hogy jobban megismertesse \u0151ket ezzel a n\u00e9pszer\u0171 hobbival \u00e9s sporttal. A f\u0151z\u0151verseny gy\u0151ztese a Po\u013eovn\u00ed\u010dek polg\u00e1ri t\u00e1rsul\u00e1s csapata lett, melynek \u00e9tel\u00e9t a 3 tag\u00fa zs\u0171ri a legjobbk\u00e9nt \u00e9rt\u00e9kelte. A zs\u0171ri eln\u00f6ke a v\u00e1ros hivatalvezet\u0151je, Vranai Kl\u00e1ra volt, tagjai pedig Heged\u00fcs J\u00f3zsef \u00e9s Csizm\u00e1r Imre.\u00a0<\/p>\n\n\n\n<p>Foto: QOQ Media<\/p>\n\n\n\nngg_shortcode_0_placeholder","protected":false},"excerpt":{"rendered":"<p>Koniec pr\u00e1zdnin v Moldave bol pozna\u010den\u00fd snahou osved\u010denej trojice organiz\u00e1torov \u2013 MsKS, M\u0160K a prev\u00e1dzkovate\u013ea \u0161portov\u00e9ho are\u00e1lu BK Lineas spestri\u0165&#8230;<\/p>","protected":false},"author":1,"featured_media":24486,"comment_status":"closed","ping_status":"closed","sticky":false,"template":"","format":"standard","meta":{"ngg_post_thumbnail":7128,"footnotes":""},"categories":[],"tags":[],"class_list":["post-24483","post","type-post","status-publish","format-standard","has-post-thumbnail","hentry"],"yoast_head":"<!-- This site is optimized with the Yoast SEO plugin v27.5 - https:\/\/yoast.com\/product\/yoast-seo-wordpress\/ -->\n<title>S\u00fa\u0165a\u017e vo varen\u00ed kotl\u00edkov\u00fdch jed\u00e1l - Mestsk\u00e9 kult\u00farne stredisko Moldava nad Bodvou<\/title>\n<meta name=\"robots\" content=\"index, follow, max-snippet:-1, max-image-preview:large, max-video-preview:-1\" \/>\n<link rel=\"canonical\" href=\"https:\/\/kulturamoldava.sk\/hu\/sutaz-vo-vareni-kotlikovych-jedal\/\" \/>\n<meta property=\"og:locale\" content=\"hu_HU\" \/>\n<meta property=\"og:type\" content=\"article\" \/>\n<meta property=\"og:title\" content=\"S\u00fa\u0165a\u017e vo varen\u00ed kotl\u00edkov\u00fdch jed\u00e1l - Mestsk\u00e9 kult\u00farne stredisko Moldava nad Bodvou\" \/>\n<meta property=\"og:description\" content=\"Koniec pr\u00e1zdnin v Moldave bol pozna\u010den\u00fd snahou osved\u010denej trojice organiz\u00e1torov \u2013 MsKS, M\u0160K a prev\u00e1dzkovate\u013ea \u0161portov\u00e9ho are\u00e1lu BK Lineas spestri\u0165...\" \/>\n<meta property=\"og:url\" content=\"https:\/\/kulturamoldava.sk\/hu\/sutaz-vo-vareni-kotlikovych-jedal\/\" \/>\n<meta property=\"og:site_name\" content=\"Mestsk\u00e9 kult\u00farne stredisko Moldava nad Bodvou\" \/>\n<meta property=\"article:published_time\" content=\"2020-09-30T11:17:09+00:00\" \/>\n<meta property=\"article:modified_time\" content=\"2020-09-30T11:18:41+00:00\" \/>\n<meta property=\"og:image\" content=\"https:\/\/kulturamoldava.sk\/wp-content\/uploads\/2020\/09\/IMG_6993.jpeg\" \/>\n\t<meta property=\"og:image:width\" content=\"1800\" \/>\n\t<meta property=\"og:image:height\" content=\"1200\" \/>\n\t<meta property=\"og:image:type\" content=\"image\/jpeg\" \/>\n<meta name=\"author\" content=\"kulturamoldava\" \/>\n<meta name=\"twitter:card\" content=\"summary_large_image\" \/>\n<meta name=\"twitter:label1\" content=\"Szerz\u0151:\" \/>\n\t<meta name=\"twitter:data1\" content=\"kulturamoldava\" \/>\n\t<meta name=\"twitter:label2\" content=\"Becs\u00fclt olvas\u00e1si id\u0151\" \/>\n\t<meta name=\"twitter:data2\" content=\"1 perc\" \/>\n<script type=\"application\/ld+json\" class=\"yoast-schema-graph\">{\"@context\":\"https:\\\/\\\/schema.org\",\"@graph\":[{\"@type\":\"Article\",\"@id\":\"https:\\\/\\\/kulturamoldava.sk\\\/sutaz-vo-vareni-kotlikovych-jedal\\\/#article\",\"isPartOf\":{\"@id\":\"https:\\\/\\\/kulturamoldava.sk\\\/sutaz-vo-vareni-kotlikovych-jedal\\\/\"},\"author\":{\"name\":\"kulturamoldava\",\"@id\":\"https:\\\/\\\/kulturamoldava.sk\\\/#\\\/schema\\\/person\\\/8eef072de6f42a5fd024b6987a0745d6\"},\"headline\":\"S\u00fa\u0165a\u017e vo varen\u00ed kotl\u00edkov\u00fdch jed\u00e1l\",\"datePublished\":\"2020-09-30T11:17:09+00:00\",\"dateModified\":\"2020-09-30T11:18:41+00:00\",\"mainEntityOfPage\":{\"@id\":\"https:\\\/\\\/kulturamoldava.sk\\\/sutaz-vo-vareni-kotlikovych-jedal\\\/\"},\"wordCount\":303,\"image\":{\"@id\":\"https:\\\/\\\/kulturamoldava.sk\\\/sutaz-vo-vareni-kotlikovych-jedal\\\/#primaryimage\"},\"thumbnailUrl\":\"https:\\\/\\\/kulturamoldava.sk\\\/wp-content\\\/uploads\\\/2020\\\/09\\\/IMG_6993.jpeg\",\"inLanguage\":\"hu\"},{\"@type\":\"WebPage\",\"@id\":\"https:\\\/\\\/kulturamoldava.sk\\\/sutaz-vo-vareni-kotlikovych-jedal\\\/\",\"url\":\"https:\\\/\\\/kulturamoldava.sk\\\/sutaz-vo-vareni-kotlikovych-jedal\\\/\",\"name\":\"S\u00fa\u0165a\u017e vo varen\u00ed kotl\u00edkov\u00fdch jed\u00e1l - Mestsk\u00e9 kult\u00farne stredisko Moldava nad Bodvou\",\"isPartOf\":{\"@id\":\"https:\\\/\\\/kulturamoldava.sk\\\/#website\"},\"primaryImageOfPage\":{\"@id\":\"https:\\\/\\\/kulturamoldava.sk\\\/sutaz-vo-vareni-kotlikovych-jedal\\\/#primaryimage\"},\"image\":{\"@id\":\"https:\\\/\\\/kulturamoldava.sk\\\/sutaz-vo-vareni-kotlikovych-jedal\\\/#primaryimage\"},\"thumbnailUrl\":\"https:\\\/\\\/kulturamoldava.sk\\\/wp-content\\\/uploads\\\/2020\\\/09\\\/IMG_6993.jpeg\",\"datePublished\":\"2020-09-30T11:17:09+00:00\",\"dateModified\":\"2020-09-30T11:18:41+00:00\",\"author\":{\"@id\":\"https:\\\/\\\/kulturamoldava.sk\\\/#\\\/schema\\\/person\\\/8eef072de6f42a5fd024b6987a0745d6\"},\"breadcrumb\":{\"@id\":\"https:\\\/\\\/kulturamoldava.sk\\\/sutaz-vo-vareni-kotlikovych-jedal\\\/#breadcrumb\"},\"inLanguage\":\"hu\",\"potentialAction\":[{\"@type\":\"ReadAction\",\"target\":[\"https:\\\/\\\/kulturamoldava.sk\\\/sutaz-vo-vareni-kotlikovych-jedal\\\/\"]}]},{\"@type\":\"ImageObject\",\"inLanguage\":\"hu\",\"@id\":\"https:\\\/\\\/kulturamoldava.sk\\\/sutaz-vo-vareni-kotlikovych-jedal\\\/#primaryimage\",\"url\":\"https:\\\/\\\/kulturamoldava.sk\\\/wp-content\\\/uploads\\\/2020\\\/09\\\/IMG_6993.jpeg\",\"contentUrl\":\"https:\\\/\\\/kulturamoldava.sk\\\/wp-content\\\/uploads\\\/2020\\\/09\\\/IMG_6993.jpeg\",\"width\":1800,\"height\":1200},{\"@type\":\"BreadcrumbList\",\"@id\":\"https:\\\/\\\/kulturamoldava.sk\\\/sutaz-vo-vareni-kotlikovych-jedal\\\/#breadcrumb\",\"itemListElement\":[{\"@type\":\"ListItem\",\"position\":1,\"name\":\"Home\",\"item\":\"https:\\\/\\\/kulturamoldava.sk\\\/\"},{\"@type\":\"ListItem\",\"position\":2,\"name\":\"S\u00fa\u0165a\u017e vo varen\u00ed kotl\u00edkov\u00fdch jed\u00e1l\"}]},{\"@type\":\"WebSite\",\"@id\":\"https:\\\/\\\/kulturamoldava.sk\\\/#website\",\"url\":\"https:\\\/\\\/kulturamoldava.sk\\\/\",\"name\":\"Mestsk\u00e9 kult\u00farne stredisko Moldava nad Bodvou\",\"description\":\"\",\"potentialAction\":[{\"@type\":\"SearchAction\",\"target\":{\"@type\":\"EntryPoint\",\"urlTemplate\":\"https:\\\/\\\/kulturamoldava.sk\\\/?s={search_term_string}\"},\"query-input\":{\"@type\":\"PropertyValueSpecification\",\"valueRequired\":true,\"valueName\":\"search_term_string\"}}],\"inLanguage\":\"hu\"},{\"@type\":\"Person\",\"@id\":\"https:\\\/\\\/kulturamoldava.sk\\\/#\\\/schema\\\/person\\\/8eef072de6f42a5fd024b6987a0745d6\",\"name\":\"kulturamoldava\",\"image\":{\"@type\":\"ImageObject\",\"inLanguage\":\"hu\",\"@id\":\"https:\\\/\\\/secure.gravatar.com\\\/avatar\\\/d6f6bf4cc0de0867347e805c1ac591b2391954abfd993ed9c457f5564a7576ca?s=96&d=mm&r=g\",\"url\":\"https:\\\/\\\/secure.gravatar.com\\\/avatar\\\/d6f6bf4cc0de0867347e805c1ac591b2391954abfd993ed9c457f5564a7576ca?s=96&d=mm&r=g\",\"contentUrl\":\"https:\\\/\\\/secure.gravatar.com\\\/avatar\\\/d6f6bf4cc0de0867347e805c1ac591b2391954abfd993ed9c457f5564a7576ca?s=96&d=mm&r=g\",\"caption\":\"kulturamoldava\"},\"url\":\"https:\\\/\\\/kulturamoldava.sk\\\/hu\\\/author\\\/kulturamoldava\\\/\"}]}<\/script>\n<!-- \/ Yoast SEO plugin. -->","yoast_head_json":{"title":"S\u00fa\u0165a\u017e vo varen\u00ed kotl\u00edkov\u00fdch jed\u00e1l - Mestsk\u00e9 kult\u00farne stredisko Moldava nad Bodvou","robots":{"index":"index","follow":"follow","max-snippet":"max-snippet:-1","max-image-preview":"max-image-preview:large","max-video-preview":"max-video-preview:-1"},"canonical":"https:\/\/kulturamoldava.sk\/hu\/sutaz-vo-vareni-kotlikovych-jedal\/","og_locale":"hu_HU","og_type":"article","og_title":"S\u00fa\u0165a\u017e vo varen\u00ed kotl\u00edkov\u00fdch jed\u00e1l - Mestsk\u00e9 kult\u00farne stredisko Moldava nad Bodvou","og_description":"Koniec pr\u00e1zdnin v Moldave bol pozna\u010den\u00fd snahou osved\u010denej trojice organiz\u00e1torov \u2013 MsKS, M\u0160K a prev\u00e1dzkovate\u013ea \u0161portov\u00e9ho are\u00e1lu BK Lineas spestri\u0165...","og_url":"https:\/\/kulturamoldava.sk\/hu\/sutaz-vo-vareni-kotlikovych-jedal\/","og_site_name":"Mestsk\u00e9 kult\u00farne stredisko Moldava nad Bodvou","article_published_time":"2020-09-30T11:17:09+00:00","article_modified_time":"2020-09-30T11:18:41+00:00","og_image":[{"width":1800,"height":1200,"url":"https:\/\/kulturamoldava.sk\/wp-content\/uploads\/2020\/09\/IMG_6993.jpeg","type":"image\/jpeg"}],"author":"kulturamoldava","twitter_card":"summary_large_image","twitter_misc":{"Szerz\u0151:":"kulturamoldava","Becs\u00fclt olvas\u00e1si id\u0151":"1 perc"},"schema":{"@context":"https:\/\/schema.org","@graph":[{"@type":"Article","@id":"https:\/\/kulturamoldava.sk\/sutaz-vo-vareni-kotlikovych-jedal\/#article","isPartOf":{"@id":"https:\/\/kulturamoldava.sk\/sutaz-vo-vareni-kotlikovych-jedal\/"},"author":{"name":"kulturamoldava","@id":"https:\/\/kulturamoldava.sk\/#\/schema\/person\/8eef072de6f42a5fd024b6987a0745d6"},"headline":"S\u00fa\u0165a\u017e vo varen\u00ed kotl\u00edkov\u00fdch jed\u00e1l","datePublished":"2020-09-30T11:17:09+00:00","dateModified":"2020-09-30T11:18:41+00:00","mainEntityOfPage":{"@id":"https:\/\/kulturamoldava.sk\/sutaz-vo-vareni-kotlikovych-jedal\/"},"wordCount":303,"image":{"@id":"https:\/\/kulturamoldava.sk\/sutaz-vo-vareni-kotlikovych-jedal\/#primaryimage"},"thumbnailUrl":"https:\/\/kulturamoldava.sk\/wp-content\/uploads\/2020\/09\/IMG_6993.jpeg","inLanguage":"hu"},{"@type":"WebPage","@id":"https:\/\/kulturamoldava.sk\/sutaz-vo-vareni-kotlikovych-jedal\/","url":"https:\/\/kulturamoldava.sk\/sutaz-vo-vareni-kotlikovych-jedal\/","name":"S\u00fa\u0165a\u017e vo varen\u00ed kotl\u00edkov\u00fdch jed\u00e1l - Mestsk\u00e9 kult\u00farne stredisko Moldava nad Bodvou","isPartOf":{"@id":"https:\/\/kulturamoldava.sk\/#website"},"primaryImageOfPage":{"@id":"https:\/\/kulturamoldava.sk\/sutaz-vo-vareni-kotlikovych-jedal\/#primaryimage"},"image":{"@id":"https:\/\/kulturamoldava.sk\/sutaz-vo-vareni-kotlikovych-jedal\/#primaryimage"},"thumbnailUrl":"https:\/\/kulturamoldava.sk\/wp-content\/uploads\/2020\/09\/IMG_6993.jpeg","datePublished":"2020-09-30T11:17:09+00:00","dateModified":"2020-09-30T11:18:41+00:00","author":{"@id":"https:\/\/kulturamoldava.sk\/#\/schema\/person\/8eef072de6f42a5fd024b6987a0745d6"},"breadcrumb":{"@id":"https:\/\/kulturamoldava.sk\/sutaz-vo-vareni-kotlikovych-jedal\/#breadcrumb"},"inLanguage":"hu","potentialAction":[{"@type":"ReadAction","target":["https:\/\/kulturamoldava.sk\/sutaz-vo-vareni-kotlikovych-jedal\/"]}]},{"@type":"ImageObject","inLanguage":"hu","@id":"https:\/\/kulturamoldava.sk\/sutaz-vo-vareni-kotlikovych-jedal\/#primaryimage","url":"https:\/\/kulturamoldava.sk\/wp-content\/uploads\/2020\/09\/IMG_6993.jpeg","contentUrl":"https:\/\/kulturamoldava.sk\/wp-content\/uploads\/2020\/09\/IMG_6993.jpeg","width":1800,"height":1200},{"@type":"BreadcrumbList","@id":"https:\/\/kulturamoldava.sk\/sutaz-vo-vareni-kotlikovych-jedal\/#breadcrumb","itemListElement":[{"@type":"ListItem","position":1,"name":"Home","item":"https:\/\/kulturamoldava.sk\/"},{"@type":"ListItem","position":2,"name":"S\u00fa\u0165a\u017e vo varen\u00ed kotl\u00edkov\u00fdch jed\u00e1l"}]},{"@type":"WebSite","@id":"https:\/\/kulturamoldava.sk\/#website","url":"https:\/\/kulturamoldava.sk\/","name":"Szepsi V\u00e1rosi M\u0171vel\u0151d\u00e9si K\u00f6zpont","description":"","potentialAction":[{"@type":"SearchAction","target":{"@type":"EntryPoint","urlTemplate":"https:\/\/kulturamoldava.sk\/?s={search_term_string}"},"query-input":{"@type":"PropertyValueSpecification","valueRequired":true,"valueName":"search_term_string"}}],"inLanguage":"hu"},{"@type":"Person","@id":"https:\/\/kulturamoldava.sk\/#\/schema\/person\/8eef072de6f42a5fd024b6987a0745d6","name":"kulturamoldava","image":{"@type":"ImageObject","inLanguage":"hu","@id":"https:\/\/secure.gravatar.com\/avatar\/d6f6bf4cc0de0867347e805c1ac591b2391954abfd993ed9c457f5564a7576ca?s=96&d=mm&r=g","url":"https:\/\/secure.gravatar.com\/avatar\/d6f6bf4cc0de0867347e805c1ac591b2391954abfd993ed9c457f5564a7576ca?s=96&d=mm&r=g","contentUrl":"https:\/\/secure.gravatar.com\/avatar\/d6f6bf4cc0de0867347e805c1ac591b2391954abfd993ed9c457f5564a7576ca?s=96&d=mm&r=g","caption":"kulturamoldava"},"url":"https:\/\/kulturamoldava.sk\/hu\/author\/kulturamoldava\/"}]}},"_links":{"self":[{"href":"https:\/\/kulturamoldava.sk\/hu\/wp-json\/wp\/v2\/posts\/24483","targetHints":{"allow":["GET"]}}],"collection":[{"href":"https:\/\/kulturamoldava.sk\/hu\/wp-json\/wp\/v2\/posts"}],"about":[{"href":"https:\/\/kulturamoldava.sk\/hu\/wp-json\/wp\/v2\/types\/post"}],"author":[{"embeddable":true,"href":"https:\/\/kulturamoldava.sk\/hu\/wp-json\/wp\/v2\/users\/1"}],"replies":[{"embeddable":true,"href":"https:\/\/kulturamoldava.sk\/hu\/wp-json\/wp\/v2\/comments?post=24483"}],"version-history":[{"count":2,"href":"https:\/\/kulturamoldava.sk\/hu\/wp-json\/wp\/v2\/posts\/24483\/revisions"}],"predecessor-version":[{"id":24485,"href":"https:\/\/kulturamoldava.sk\/hu\/wp-json\/wp\/v2\/posts\/24483\/revisions\/24485"}],"wp:featuredmedia":[{"embeddable":true,"href":"https:\/\/kulturamoldava.sk\/hu\/wp-json\/wp\/v2\/media\/24486"}],"wp:attachment":[{"href":"https:\/\/kulturamoldava.sk\/hu\/wp-json\/wp\/v2\/media?parent=24483"}],"wp:term":[{"taxonomy":"category","embeddable":true,"href":"https:\/\/kulturamoldava.sk\/hu\/wp-json\/wp\/v2\/categories?post=24483"},{"taxonomy":"post_tag","embeddable":true,"href":"https:\/\/kulturamoldava.sk\/hu\/wp-json\/wp\/v2\/tags?post=24483"}],"curies":[{"name":"wp","href":"https:\/\/api.w.org\/{rel}","templated":true}]}}