{"id":24050,"date":"2020-07-22T10:07:01","date_gmt":"2020-07-22T08:07:01","guid":{"rendered":"https:\/\/kulturamoldava.sk\/?p=24050"},"modified":"2020-07-22T10:07:47","modified_gmt":"2020-07-22T08:07:47","slug":"den-rodiny-pod-kopcom","status":"publish","type":"post","link":"https:\/\/kulturamoldava.sk\/hu\/den-rodiny-pod-kopcom\/","title":{"rendered":"Csal\u00e1di nap a hegyallat"},"content":{"rendered":"<p>Vas\u00e1rnap, 2020. j\u00falius 12-\u00e9n a Hegyalatti Sportk\u00f6zpontban nagyszab\u00e1s\u00fa Csal\u00e1di napra ker\u00fclt sor. A v\u00e1ros kultur\u00e1lis- \u00e9s sportszervezet\u00e9nek k\u00f6z\u00f6s szervez\u00e9s\u00e9ben megrendezett  esem\u00e9ny p\u00e9ld\u00e1tlan \u00e9rdekl\u0151d\u00e9st keltett az ezern\u00e9l is t\u00f6bb l\u00e1togat\u00f3ban. Nem csoda, hisz m\u00e1rcius eleje \u00f3ta, amikor is kit\u00f6rt a COVID-19 fert\u0151z\u00e9s okozta j\u00e1rv\u00e1ny, ez volt az els\u0151 t\u00f6meges jelleg\u0171 esem\u00e9ny, tem\u00e9rdek l\u00e1tnival\u00f3val. M\u00e9g a hidegebb id\u0151j\u00e1r\u00e1s is - mely az el\u0151z\u0151 naphoz k\u00e9pest csaknem 10 fokkal esett vissza - sem t\u00e1ntor\u00edtott el sok csal\u00e1dot a sz\u00f3rakoz\u00e1st\u00f3l vagy a versenyen val\u00f3 r\u00e9szv\u00e9telt\u0151l. A sportol\u00f3knak a Time4fun polg\u00e1ri t\u00e1rsul\u00e1s \u00e1ltal vezetett ker\u00e9kp\u00e1rversenyen lehet\u0151s\u00e9g\u00fck volt feszegetni hat\u00e1raikat, melyre 80 versenyz\u0151 jelentkezett. M\u00e1s sport\u00e1gakat az Athletic Legion Club szepsi atl\u00e9t\u00e1i \u00e9s a Hegym\u00e1sz\u00f3 klub hegym\u00e1sz\u00f3i vettek v\u00e9dn\u00f6ks\u00e9g\u00fck al\u00e1. A l\u00e1tnival\u00f3k k\u00f6z\u00fcl tal\u00e1n a legnagyobb n\u00e9z\u0151i sikert a professzion\u00e1lis szepsi t\u0171zolt\u00f3k mutatv\u00e1nya okozta, akik annak keret\u00e9n bel\u00fcl t\u0171zolt\u00f3 felszerel\u00e9seket ismertettek. A gyermekek \u00e9lvezt\u00e9k az ugr\u00e1l\u00f3v\u00e1rat, az arcfest\u00e9st, a cukorka es\u0151t, a Haliganda sz\u00f3rakoztat\u00f3 programj\u00e1t, de a kreat\u00edv m\u0171helyt is, melynek keret\u00e9n bel\u00fcl kipr\u00f3b\u00e1lhatt\u00e1k az agyagoz\u00e1st.  Ami a sz\u00fcl\u0151ket illeti, \u0151k a Bowling Club \u00e1ltal \u00fczemeltetett Sportk\u00f6zpont LINEAS b\u00fcf\u00e9j\u00e9nek kapacit\u00e1s\u00e1t \u00e9s min\u0151s\u00e9g\u00e9t tesztelhett\u00e9k a k\u00fclt\u00e9ri \u00fcl\u0151helyekkel egy\u00fctt, mely a sok h\u00f3napos t\u00e1rsadalmi sz\u00e9tv\u00e1laszt\u00e1s ut\u00e1n most nagyon j\u00f3l j\u00f6tt nekik. K\u00f6sz\u00f6net a l\u00e1tnival\u00f3kkal teli nagyszer\u0171 d\u00e9lut\u00e1n\u00e9rt a V\u00e1rosi M\u0171vel\u0151d\u00e9si K\u00f6zpontnak \u00e9s a V\u00e1rosi Sportklubnak, akik mindezen tev\u00e9kenys\u00e9geket neh\u00e9z k\u00f6r\u00fclm\u00e9nyek k\u00f6z\u00f6tt is, a fert\u0151z\u00e9s lehets\u00e9ges kock\u00e1zataira gondolva, brav\u00farosan helyt\u00e1llva bebiztos\u00edtott\u00e1k.<\/p>\n\n\n\nngg_shortcode_0_placeholder","protected":false},"excerpt":{"rendered":"<p>V nede\u013eu 12. j\u00fala 2020 sa v \u0160portovom are\u00e1li pod kopcom uskuto\u010dnil ve\u013ekolep\u00fd De\u0148 rodiny. Podujatie pod spolo\u010dnou organiza\u010dnou taktovkou&#8230;<\/p>","protected":false},"author":1,"featured_media":24052,"comment_status":"closed","ping_status":"closed","sticky":false,"template":"","format":"standard","meta":{"ngg_post_thumbnail":6808,"footnotes":""},"categories":[],"tags":[],"class_list":["post-24050","post","type-post","status-publish","format-standard","has-post-thumbnail","hentry"],"yoast_head":"<!-- This site is optimized with the Yoast SEO plugin v27.5 - https:\/\/yoast.com\/product\/yoast-seo-wordpress\/ -->\n<title>De\u0148 rodiny pod kopcom - Mestsk\u00e9 kult\u00farne stredisko Moldava nad Bodvou<\/title>\n<meta name=\"robots\" content=\"index, follow, max-snippet:-1, max-image-preview:large, max-video-preview:-1\" \/>\n<link rel=\"canonical\" href=\"https:\/\/kulturamoldava.sk\/hu\/den-rodiny-pod-kopcom\/\" \/>\n<meta property=\"og:locale\" content=\"hu_HU\" \/>\n<meta property=\"og:type\" content=\"article\" \/>\n<meta property=\"og:title\" content=\"De\u0148 rodiny pod kopcom - Mestsk\u00e9 kult\u00farne stredisko Moldava nad Bodvou\" \/>\n<meta property=\"og:description\" content=\"V nede\u013eu 12. j\u00fala 2020 sa v \u0160portovom are\u00e1li pod kopcom uskuto\u010dnil ve\u013ekolep\u00fd De\u0148 rodiny. Podujatie pod spolo\u010dnou organiza\u010dnou taktovkou...\" \/>\n<meta property=\"og:url\" content=\"https:\/\/kulturamoldava.sk\/hu\/den-rodiny-pod-kopcom\/\" \/>\n<meta property=\"og:site_name\" content=\"Mestsk\u00e9 kult\u00farne stredisko Moldava nad Bodvou\" \/>\n<meta property=\"article:published_time\" content=\"2020-07-22T08:07:01+00:00\" \/>\n<meta property=\"article:modified_time\" content=\"2020-07-22T08:07:47+00:00\" \/>\n<meta property=\"og:image\" content=\"https:\/\/kulturamoldava.sk\/wp-content\/uploads\/2020\/07\/MG_6249.jpg\" \/>\n\t<meta property=\"og:image:width\" content=\"1800\" \/>\n\t<meta property=\"og:image:height\" content=\"1200\" \/>\n\t<meta property=\"og:image:type\" content=\"image\/jpeg\" \/>\n<meta name=\"author\" content=\"kulturamoldava\" \/>\n<meta name=\"twitter:card\" content=\"summary_large_image\" \/>\n<meta name=\"twitter:label1\" content=\"Szerz\u0151:\" \/>\n\t<meta name=\"twitter:data1\" content=\"kulturamoldava\" \/>\n\t<meta name=\"twitter:label2\" content=\"Becs\u00fclt olvas\u00e1si id\u0151\" \/>\n\t<meta name=\"twitter:data2\" content=\"2 perc\" \/>\n<script type=\"application\/ld+json\" class=\"yoast-schema-graph\">{\"@context\":\"https:\\\/\\\/schema.org\",\"@graph\":[{\"@type\":\"Article\",\"@id\":\"https:\\\/\\\/kulturamoldava.sk\\\/hu\\\/den-rodiny-pod-kopcom\\\/#article\",\"isPartOf\":{\"@id\":\"https:\\\/\\\/kulturamoldava.sk\\\/hu\\\/den-rodiny-pod-kopcom\\\/\"},\"author\":{\"name\":\"kulturamoldava\",\"@id\":\"https:\\\/\\\/kulturamoldava.sk\\\/#\\\/schema\\\/person\\\/8eef072de6f42a5fd024b6987a0745d6\"},\"headline\":\"De\u0148 rodiny pod kopcom\",\"datePublished\":\"2020-07-22T08:07:01+00:00\",\"dateModified\":\"2020-07-22T08:07:47+00:00\",\"mainEntityOfPage\":{\"@id\":\"https:\\\/\\\/kulturamoldava.sk\\\/hu\\\/den-rodiny-pod-kopcom\\\/\"},\"wordCount\":309,\"image\":{\"@id\":\"https:\\\/\\\/kulturamoldava.sk\\\/hu\\\/den-rodiny-pod-kopcom\\\/#primaryimage\"},\"thumbnailUrl\":\"https:\\\/\\\/kulturamoldava.sk\\\/wp-content\\\/uploads\\\/2020\\\/07\\\/MG_6249.jpg\",\"inLanguage\":\"hu\"},{\"@type\":\"WebPage\",\"@id\":\"https:\\\/\\\/kulturamoldava.sk\\\/hu\\\/den-rodiny-pod-kopcom\\\/\",\"url\":\"https:\\\/\\\/kulturamoldava.sk\\\/hu\\\/den-rodiny-pod-kopcom\\\/\",\"name\":\"De\u0148 rodiny pod kopcom - Mestsk\u00e9 kult\u00farne stredisko Moldava nad Bodvou\",\"isPartOf\":{\"@id\":\"https:\\\/\\\/kulturamoldava.sk\\\/#website\"},\"primaryImageOfPage\":{\"@id\":\"https:\\\/\\\/kulturamoldava.sk\\\/hu\\\/den-rodiny-pod-kopcom\\\/#primaryimage\"},\"image\":{\"@id\":\"https:\\\/\\\/kulturamoldava.sk\\\/hu\\\/den-rodiny-pod-kopcom\\\/#primaryimage\"},\"thumbnailUrl\":\"https:\\\/\\\/kulturamoldava.sk\\\/wp-content\\\/uploads\\\/2020\\\/07\\\/MG_6249.jpg\",\"datePublished\":\"2020-07-22T08:07:01+00:00\",\"dateModified\":\"2020-07-22T08:07:47+00:00\",\"author\":{\"@id\":\"https:\\\/\\\/kulturamoldava.sk\\\/#\\\/schema\\\/person\\\/8eef072de6f42a5fd024b6987a0745d6\"},\"breadcrumb\":{\"@id\":\"https:\\\/\\\/kulturamoldava.sk\\\/hu\\\/den-rodiny-pod-kopcom\\\/#breadcrumb\"},\"inLanguage\":\"hu\",\"potentialAction\":[{\"@type\":\"ReadAction\",\"target\":[\"https:\\\/\\\/kulturamoldava.sk\\\/hu\\\/den-rodiny-pod-kopcom\\\/\"]}]},{\"@type\":\"ImageObject\",\"inLanguage\":\"hu\",\"@id\":\"https:\\\/\\\/kulturamoldava.sk\\\/hu\\\/den-rodiny-pod-kopcom\\\/#primaryimage\",\"url\":\"https:\\\/\\\/kulturamoldava.sk\\\/wp-content\\\/uploads\\\/2020\\\/07\\\/MG_6249.jpg\",\"contentUrl\":\"https:\\\/\\\/kulturamoldava.sk\\\/wp-content\\\/uploads\\\/2020\\\/07\\\/MG_6249.jpg\",\"width\":1800,\"height\":1200},{\"@type\":\"BreadcrumbList\",\"@id\":\"https:\\\/\\\/kulturamoldava.sk\\\/hu\\\/den-rodiny-pod-kopcom\\\/#breadcrumb\",\"itemListElement\":[{\"@type\":\"ListItem\",\"position\":1,\"name\":\"Home\",\"item\":\"https:\\\/\\\/kulturamoldava.sk\\\/\"},{\"@type\":\"ListItem\",\"position\":2,\"name\":\"De\u0148 rodiny pod kopcom\"}]},{\"@type\":\"WebSite\",\"@id\":\"https:\\\/\\\/kulturamoldava.sk\\\/#website\",\"url\":\"https:\\\/\\\/kulturamoldava.sk\\\/\",\"name\":\"Mestsk\u00e9 kult\u00farne stredisko Moldava nad Bodvou\",\"description\":\"\",\"potentialAction\":[{\"@type\":\"SearchAction\",\"target\":{\"@type\":\"EntryPoint\",\"urlTemplate\":\"https:\\\/\\\/kulturamoldava.sk\\\/?s={search_term_string}\"},\"query-input\":{\"@type\":\"PropertyValueSpecification\",\"valueRequired\":true,\"valueName\":\"search_term_string\"}}],\"inLanguage\":\"hu\"},{\"@type\":\"Person\",\"@id\":\"https:\\\/\\\/kulturamoldava.sk\\\/#\\\/schema\\\/person\\\/8eef072de6f42a5fd024b6987a0745d6\",\"name\":\"kulturamoldava\",\"image\":{\"@type\":\"ImageObject\",\"inLanguage\":\"hu\",\"@id\":\"https:\\\/\\\/secure.gravatar.com\\\/avatar\\\/d6f6bf4cc0de0867347e805c1ac591b2391954abfd993ed9c457f5564a7576ca?s=96&d=mm&r=g\",\"url\":\"https:\\\/\\\/secure.gravatar.com\\\/avatar\\\/d6f6bf4cc0de0867347e805c1ac591b2391954abfd993ed9c457f5564a7576ca?s=96&d=mm&r=g\",\"contentUrl\":\"https:\\\/\\\/secure.gravatar.com\\\/avatar\\\/d6f6bf4cc0de0867347e805c1ac591b2391954abfd993ed9c457f5564a7576ca?s=96&d=mm&r=g\",\"caption\":\"kulturamoldava\"},\"url\":\"https:\\\/\\\/kulturamoldava.sk\\\/hu\\\/author\\\/kulturamoldava\\\/\"}]}<\/script>\n<!-- \/ Yoast SEO plugin. -->","yoast_head_json":{"title":"De\u0148 rodiny pod kopcom - Mestsk\u00e9 kult\u00farne stredisko Moldava nad Bodvou","robots":{"index":"index","follow":"follow","max-snippet":"max-snippet:-1","max-image-preview":"max-image-preview:large","max-video-preview":"max-video-preview:-1"},"canonical":"https:\/\/kulturamoldava.sk\/hu\/den-rodiny-pod-kopcom\/","og_locale":"hu_HU","og_type":"article","og_title":"De\u0148 rodiny pod kopcom - Mestsk\u00e9 kult\u00farne stredisko Moldava nad Bodvou","og_description":"V nede\u013eu 12. j\u00fala 2020 sa v \u0160portovom are\u00e1li pod kopcom uskuto\u010dnil ve\u013ekolep\u00fd De\u0148 rodiny. Podujatie pod spolo\u010dnou organiza\u010dnou taktovkou...","og_url":"https:\/\/kulturamoldava.sk\/hu\/den-rodiny-pod-kopcom\/","og_site_name":"Mestsk\u00e9 kult\u00farne stredisko Moldava nad Bodvou","article_published_time":"2020-07-22T08:07:01+00:00","article_modified_time":"2020-07-22T08:07:47+00:00","og_image":[{"width":1800,"height":1200,"url":"https:\/\/kulturamoldava.sk\/wp-content\/uploads\/2020\/07\/MG_6249.jpg","type":"image\/jpeg"}],"author":"kulturamoldava","twitter_card":"summary_large_image","twitter_misc":{"Szerz\u0151:":"kulturamoldava","Becs\u00fclt olvas\u00e1si id\u0151":"2 perc"},"schema":{"@context":"https:\/\/schema.org","@graph":[{"@type":"Article","@id":"https:\/\/kulturamoldava.sk\/hu\/den-rodiny-pod-kopcom\/#article","isPartOf":{"@id":"https:\/\/kulturamoldava.sk\/hu\/den-rodiny-pod-kopcom\/"},"author":{"name":"kulturamoldava","@id":"https:\/\/kulturamoldava.sk\/#\/schema\/person\/8eef072de6f42a5fd024b6987a0745d6"},"headline":"De\u0148 rodiny pod kopcom","datePublished":"2020-07-22T08:07:01+00:00","dateModified":"2020-07-22T08:07:47+00:00","mainEntityOfPage":{"@id":"https:\/\/kulturamoldava.sk\/hu\/den-rodiny-pod-kopcom\/"},"wordCount":309,"image":{"@id":"https:\/\/kulturamoldava.sk\/hu\/den-rodiny-pod-kopcom\/#primaryimage"},"thumbnailUrl":"https:\/\/kulturamoldava.sk\/wp-content\/uploads\/2020\/07\/MG_6249.jpg","inLanguage":"hu"},{"@type":"WebPage","@id":"https:\/\/kulturamoldava.sk\/hu\/den-rodiny-pod-kopcom\/","url":"https:\/\/kulturamoldava.sk\/hu\/den-rodiny-pod-kopcom\/","name":"De\u0148 rodiny pod kopcom - Mestsk\u00e9 kult\u00farne stredisko Moldava nad Bodvou","isPartOf":{"@id":"https:\/\/kulturamoldava.sk\/#website"},"primaryImageOfPage":{"@id":"https:\/\/kulturamoldava.sk\/hu\/den-rodiny-pod-kopcom\/#primaryimage"},"image":{"@id":"https:\/\/kulturamoldava.sk\/hu\/den-rodiny-pod-kopcom\/#primaryimage"},"thumbnailUrl":"https:\/\/kulturamoldava.sk\/wp-content\/uploads\/2020\/07\/MG_6249.jpg","datePublished":"2020-07-22T08:07:01+00:00","dateModified":"2020-07-22T08:07:47+00:00","author":{"@id":"https:\/\/kulturamoldava.sk\/#\/schema\/person\/8eef072de6f42a5fd024b6987a0745d6"},"breadcrumb":{"@id":"https:\/\/kulturamoldava.sk\/hu\/den-rodiny-pod-kopcom\/#breadcrumb"},"inLanguage":"hu","potentialAction":[{"@type":"ReadAction","target":["https:\/\/kulturamoldava.sk\/hu\/den-rodiny-pod-kopcom\/"]}]},{"@type":"ImageObject","inLanguage":"hu","@id":"https:\/\/kulturamoldava.sk\/hu\/den-rodiny-pod-kopcom\/#primaryimage","url":"https:\/\/kulturamoldava.sk\/wp-content\/uploads\/2020\/07\/MG_6249.jpg","contentUrl":"https:\/\/kulturamoldava.sk\/wp-content\/uploads\/2020\/07\/MG_6249.jpg","width":1800,"height":1200},{"@type":"BreadcrumbList","@id":"https:\/\/kulturamoldava.sk\/hu\/den-rodiny-pod-kopcom\/#breadcrumb","itemListElement":[{"@type":"ListItem","position":1,"name":"Home","item":"https:\/\/kulturamoldava.sk\/"},{"@type":"ListItem","position":2,"name":"De\u0148 rodiny pod kopcom"}]},{"@type":"WebSite","@id":"https:\/\/kulturamoldava.sk\/#website","url":"https:\/\/kulturamoldava.sk\/","name":"Szepsi V\u00e1rosi M\u0171vel\u0151d\u00e9si K\u00f6zpont","description":"","potentialAction":[{"@type":"SearchAction","target":{"@type":"EntryPoint","urlTemplate":"https:\/\/kulturamoldava.sk\/?s={search_term_string}"},"query-input":{"@type":"PropertyValueSpecification","valueRequired":true,"valueName":"search_term_string"}}],"inLanguage":"hu"},{"@type":"Person","@id":"https:\/\/kulturamoldava.sk\/#\/schema\/person\/8eef072de6f42a5fd024b6987a0745d6","name":"kulturamoldava","image":{"@type":"ImageObject","inLanguage":"hu","@id":"https:\/\/secure.gravatar.com\/avatar\/d6f6bf4cc0de0867347e805c1ac591b2391954abfd993ed9c457f5564a7576ca?s=96&d=mm&r=g","url":"https:\/\/secure.gravatar.com\/avatar\/d6f6bf4cc0de0867347e805c1ac591b2391954abfd993ed9c457f5564a7576ca?s=96&d=mm&r=g","contentUrl":"https:\/\/secure.gravatar.com\/avatar\/d6f6bf4cc0de0867347e805c1ac591b2391954abfd993ed9c457f5564a7576ca?s=96&d=mm&r=g","caption":"kulturamoldava"},"url":"https:\/\/kulturamoldava.sk\/hu\/author\/kulturamoldava\/"}]}},"_links":{"self":[{"href":"https:\/\/kulturamoldava.sk\/hu\/wp-json\/wp\/v2\/posts\/24050","targetHints":{"allow":["GET"]}}],"collection":[{"href":"https:\/\/kulturamoldava.sk\/hu\/wp-json\/wp\/v2\/posts"}],"about":[{"href":"https:\/\/kulturamoldava.sk\/hu\/wp-json\/wp\/v2\/types\/post"}],"author":[{"embeddable":true,"href":"https:\/\/kulturamoldava.sk\/hu\/wp-json\/wp\/v2\/users\/1"}],"replies":[{"embeddable":true,"href":"https:\/\/kulturamoldava.sk\/hu\/wp-json\/wp\/v2\/comments?post=24050"}],"version-history":[{"count":2,"href":"https:\/\/kulturamoldava.sk\/hu\/wp-json\/wp\/v2\/posts\/24050\/revisions"}],"predecessor-version":[{"id":24053,"href":"https:\/\/kulturamoldava.sk\/hu\/wp-json\/wp\/v2\/posts\/24050\/revisions\/24053"}],"wp:featuredmedia":[{"embeddable":true,"href":"https:\/\/kulturamoldava.sk\/hu\/wp-json\/wp\/v2\/media\/24052"}],"wp:attachment":[{"href":"https:\/\/kulturamoldava.sk\/hu\/wp-json\/wp\/v2\/media?parent=24050"}],"wp:term":[{"taxonomy":"category","embeddable":true,"href":"https:\/\/kulturamoldava.sk\/hu\/wp-json\/wp\/v2\/categories?post=24050"},{"taxonomy":"post_tag","embeddable":true,"href":"https:\/\/kulturamoldava.sk\/hu\/wp-json\/wp\/v2\/tags?post=24050"}],"curies":[{"name":"wp","href":"https:\/\/api.w.org\/{rel}","templated":true}]}}