{"id":23752,"date":"2020-07-06T09:53:59","date_gmt":"2020-07-06T07:53:59","guid":{"rendered":"https:\/\/kulturamoldava.sk\/?p=23752"},"modified":"2020-07-06T10:15:27","modified_gmt":"2020-07-06T08:15:27","slug":"remeslo-ma-zlate-dno-praca-s-hlinou","status":"publish","type":"post","link":"https:\/\/kulturamoldava.sk\/hu\/remeslo-ma-zlate-dno-praca-s-hlinou\/","title":{"rendered":"A mesters\u00e9g aranyat \u00e9r - agyagoz\u00e1s"},"content":{"rendered":"<p>A mesters\u00e9g aranyat \u00e9r. Err\u0151l a gyermekek maguk is meggy\u0151z\u0151dhettek azon m\u0171helymunka sor\u00e1n, melynek keret\u00e9n bel\u00fcl kipr\u00f3b\u00e1lhatt\u00e1k magukat az agyaggal val\u00f3 kreat\u00edv munk\u00e1ban. Schmiedt Olga szak\u00e9rt\u0151i vezet\u00e9se alatt a kov\u00e1csm\u0171helyben egyedi dekorat\u00edv t\u00e1rgyakat modelleztek. A V\u00e1rosi M\u0171vel\u0151d\u00e9si K\u00f6zpont ily m\u00f3don hangs\u00falyozza a hagyom\u00e1ny\u0151rz\u00e9s fontoss\u00e1g\u00e1t. A k\u00e9zm\u0171vess\u00e9 mindig is szerves r\u00e9sz\u00e9t k\u00e9pezte a v\u00e1ros \u00e9let\u00e9nek, s ezen kreat\u00edv m\u0171helynek k\u00f6sz\u00f6nhet\u0151en ezt most a r\u00e9sztvev\u0151k is felismert\u00e9k. Az agyaggal v\u00e9gzett munka bizonyos k\u00e9szs\u00e9geket \u00e9s gyakorlatot ig\u00e9nyel. Mivel a r\u00e9sztvev\u0151k el\u0151sz\u00f6r dolgoztak agyaggal, a fazekas tan\u00e1csait a legapr\u00f3bb r\u00e9szlet\u00fckig meghallgatt\u00e1k. Elsaj\u00e1t\u00edtott\u00e1k, hogyan kell az agyaggal dolgozni, \u00e9s megtanult\u00e1k annak munkafolyamat\u00e1t. Lassacsk\u00e1n, a szak\u00e9rt\u0151 vigy\u00e1z\u00f3 szemei alatt a r\u00e9sztvev\u0151k a r\u00f6g\u00f6kb\u0151l dekorat\u00edv t\u00e1rgyakat k\u00e9sz\u00edtettek, melyekkel biztosan meg\u00f6rvendeztetik szeretteiket. A gyermekek fejlesztett\u00e9k munkak\u00e9szs\u00e9g\u00fcket, finom motoros k\u00e9pess\u00e9geket, de ugyan\u00fagy kreativit\u00e1sukat \u00e9s fant\u00e1zi\u00e1jukat is. Meg\u00e9rintett benn\u00fcnket a gyermekek lelkesed\u00e9se, s a tudat, hogy n\u00e9ha mennyire kev\u00e9s is el\u00e9g az \u00f6r\u00f6mh\u00f6z. A rendezv\u00e9nyen ki\u00e1ll\u00edt\u00e1sra ker\u00fcltek Schmiedt Olga gy\u00f6ny\u00f6r\u0171 munk\u00e1i, melyek nemcsak a gyermekek, hanem a k\u00e9zm\u0171ves t\u00e1rgyak minden szerelmese sz\u00e1m\u00e1ra p\u00e9ldak\u00e9nt szolg\u00e1ltak. A V\u00e1rosi M\u0171vel\u0151d\u00e9si K\u00f6zpont, \u00f6sszpontos\u00edtva a hagyom\u00e1nyos k\u00e9zm\u0171ves mesters\u00e9gekre, a ny\u00e1ri h\u00f3napokban tov\u00e1bbi kreat\u00edv m\u0171helyekkel k\u00e9sz\u00fcl a nyilv\u00e1noss\u00e1g sz\u00e1m\u00e1ra.<\/p>\n\n\n\nngg_shortcode_0_placeholder","protected":false},"excerpt":{"rendered":"<p>Remeslo m\u00e1 zlat\u00e9 dno Presved\u010dili sa o tom aj deti na workshope, ktor\u00e9 ok\u00fasili tvoriv\u00fa pr\u00e1cu s hlinou.V kov\u00e1\u010dskej vyhni&#8230;<\/p>","protected":false},"author":1,"featured_media":23754,"comment_status":"closed","ping_status":"closed","sticky":false,"template":"","format":"standard","meta":{"ngg_post_thumbnail":6670,"footnotes":""},"categories":[],"tags":[],"class_list":["post-23752","post","type-post","status-publish","format-standard","has-post-thumbnail","hentry"],"yoast_head":"<!-- This site is optimized with the Yoast SEO plugin v27.5 - https:\/\/yoast.com\/product\/yoast-seo-wordpress\/ -->\n<title>Remeslo m\u00e1 zlat\u00e9 dno - pr\u00e1ca s hlinou - Mestsk\u00e9 kult\u00farne stredisko Moldava nad Bodvou<\/title>\n<meta name=\"robots\" content=\"index, follow, max-snippet:-1, max-image-preview:large, max-video-preview:-1\" \/>\n<link rel=\"canonical\" href=\"https:\/\/kulturamoldava.sk\/hu\/remeslo-ma-zlate-dno-praca-s-hlinou\/\" \/>\n<meta property=\"og:locale\" content=\"hu_HU\" \/>\n<meta property=\"og:type\" content=\"article\" \/>\n<meta property=\"og:title\" content=\"Remeslo m\u00e1 zlat\u00e9 dno - pr\u00e1ca s hlinou - Mestsk\u00e9 kult\u00farne stredisko Moldava nad Bodvou\" \/>\n<meta property=\"og:description\" content=\"Remeslo m\u00e1 zlat\u00e9 dno Presved\u010dili sa o tom aj deti na workshope, ktor\u00e9 ok\u00fasili tvoriv\u00fa pr\u00e1cu s hlinou.V kov\u00e1\u010dskej vyhni...\" \/>\n<meta property=\"og:url\" content=\"https:\/\/kulturamoldava.sk\/hu\/remeslo-ma-zlate-dno-praca-s-hlinou\/\" \/>\n<meta property=\"og:site_name\" content=\"Mestsk\u00e9 kult\u00farne stredisko Moldava nad Bodvou\" \/>\n<meta property=\"article:published_time\" content=\"2020-07-06T07:53:59+00:00\" \/>\n<meta property=\"article:modified_time\" content=\"2020-07-06T08:15:27+00:00\" \/>\n<meta property=\"og:image\" content=\"https:\/\/kulturamoldava.sk\/wp-content\/uploads\/2020\/07\/TGIK5255.JPEG\" \/>\n\t<meta property=\"og:image:width\" content=\"1600\" \/>\n\t<meta property=\"og:image:height\" content=\"1200\" \/>\n\t<meta property=\"og:image:type\" content=\"image\/jpeg\" \/>\n<meta name=\"author\" content=\"kulturamoldava\" \/>\n<meta name=\"twitter:card\" content=\"summary_large_image\" \/>\n<meta name=\"twitter:label1\" content=\"Szerz\u0151:\" \/>\n\t<meta name=\"twitter:data1\" content=\"kulturamoldava\" \/>\n\t<meta name=\"twitter:label2\" content=\"Becs\u00fclt olvas\u00e1si id\u0151\" \/>\n\t<meta name=\"twitter:data2\" content=\"1 perc\" \/>\n<script type=\"application\/ld+json\" class=\"yoast-schema-graph\">{\"@context\":\"https:\\\/\\\/schema.org\",\"@graph\":[{\"@type\":\"Article\",\"@id\":\"https:\\\/\\\/kulturamoldava.sk\\\/remeslo-ma-zlate-dno-praca-s-hlinou\\\/#article\",\"isPartOf\":{\"@id\":\"https:\\\/\\\/kulturamoldava.sk\\\/remeslo-ma-zlate-dno-praca-s-hlinou\\\/\"},\"author\":{\"name\":\"kulturamoldava\",\"@id\":\"https:\\\/\\\/kulturamoldava.sk\\\/#\\\/schema\\\/person\\\/8eef072de6f42a5fd024b6987a0745d6\"},\"headline\":\"Remeslo m\u00e1 zlat\u00e9 dno &#8211; pr\u00e1ca s hlinou\",\"datePublished\":\"2020-07-06T07:53:59+00:00\",\"dateModified\":\"2020-07-06T08:15:27+00:00\",\"mainEntityOfPage\":{\"@id\":\"https:\\\/\\\/kulturamoldava.sk\\\/remeslo-ma-zlate-dno-praca-s-hlinou\\\/\"},\"wordCount\":240,\"image\":{\"@id\":\"https:\\\/\\\/kulturamoldava.sk\\\/remeslo-ma-zlate-dno-praca-s-hlinou\\\/#primaryimage\"},\"thumbnailUrl\":\"https:\\\/\\\/kulturamoldava.sk\\\/wp-content\\\/uploads\\\/2020\\\/07\\\/TGIK5255.JPEG\",\"inLanguage\":\"hu\"},{\"@type\":\"WebPage\",\"@id\":\"https:\\\/\\\/kulturamoldava.sk\\\/remeslo-ma-zlate-dno-praca-s-hlinou\\\/\",\"url\":\"https:\\\/\\\/kulturamoldava.sk\\\/remeslo-ma-zlate-dno-praca-s-hlinou\\\/\",\"name\":\"Remeslo m\u00e1 zlat\u00e9 dno - pr\u00e1ca s hlinou - Mestsk\u00e9 kult\u00farne stredisko Moldava nad Bodvou\",\"isPartOf\":{\"@id\":\"https:\\\/\\\/kulturamoldava.sk\\\/#website\"},\"primaryImageOfPage\":{\"@id\":\"https:\\\/\\\/kulturamoldava.sk\\\/remeslo-ma-zlate-dno-praca-s-hlinou\\\/#primaryimage\"},\"image\":{\"@id\":\"https:\\\/\\\/kulturamoldava.sk\\\/remeslo-ma-zlate-dno-praca-s-hlinou\\\/#primaryimage\"},\"thumbnailUrl\":\"https:\\\/\\\/kulturamoldava.sk\\\/wp-content\\\/uploads\\\/2020\\\/07\\\/TGIK5255.JPEG\",\"datePublished\":\"2020-07-06T07:53:59+00:00\",\"dateModified\":\"2020-07-06T08:15:27+00:00\",\"author\":{\"@id\":\"https:\\\/\\\/kulturamoldava.sk\\\/#\\\/schema\\\/person\\\/8eef072de6f42a5fd024b6987a0745d6\"},\"breadcrumb\":{\"@id\":\"https:\\\/\\\/kulturamoldava.sk\\\/remeslo-ma-zlate-dno-praca-s-hlinou\\\/#breadcrumb\"},\"inLanguage\":\"hu\",\"potentialAction\":[{\"@type\":\"ReadAction\",\"target\":[\"https:\\\/\\\/kulturamoldava.sk\\\/remeslo-ma-zlate-dno-praca-s-hlinou\\\/\"]}]},{\"@type\":\"ImageObject\",\"inLanguage\":\"hu\",\"@id\":\"https:\\\/\\\/kulturamoldava.sk\\\/remeslo-ma-zlate-dno-praca-s-hlinou\\\/#primaryimage\",\"url\":\"https:\\\/\\\/kulturamoldava.sk\\\/wp-content\\\/uploads\\\/2020\\\/07\\\/TGIK5255.JPEG\",\"contentUrl\":\"https:\\\/\\\/kulturamoldava.sk\\\/wp-content\\\/uploads\\\/2020\\\/07\\\/TGIK5255.JPEG\",\"width\":1600,\"height\":1200},{\"@type\":\"BreadcrumbList\",\"@id\":\"https:\\\/\\\/kulturamoldava.sk\\\/remeslo-ma-zlate-dno-praca-s-hlinou\\\/#breadcrumb\",\"itemListElement\":[{\"@type\":\"ListItem\",\"position\":1,\"name\":\"Home\",\"item\":\"https:\\\/\\\/kulturamoldava.sk\\\/\"},{\"@type\":\"ListItem\",\"position\":2,\"name\":\"Remeslo m\u00e1 zlat\u00e9 dno &#8211; pr\u00e1ca s hlinou\"}]},{\"@type\":\"WebSite\",\"@id\":\"https:\\\/\\\/kulturamoldava.sk\\\/#website\",\"url\":\"https:\\\/\\\/kulturamoldava.sk\\\/\",\"name\":\"Mestsk\u00e9 kult\u00farne stredisko Moldava nad Bodvou\",\"description\":\"\",\"potentialAction\":[{\"@type\":\"SearchAction\",\"target\":{\"@type\":\"EntryPoint\",\"urlTemplate\":\"https:\\\/\\\/kulturamoldava.sk\\\/?s={search_term_string}\"},\"query-input\":{\"@type\":\"PropertyValueSpecification\",\"valueRequired\":true,\"valueName\":\"search_term_string\"}}],\"inLanguage\":\"hu\"},{\"@type\":\"Person\",\"@id\":\"https:\\\/\\\/kulturamoldava.sk\\\/#\\\/schema\\\/person\\\/8eef072de6f42a5fd024b6987a0745d6\",\"name\":\"kulturamoldava\",\"image\":{\"@type\":\"ImageObject\",\"inLanguage\":\"hu\",\"@id\":\"https:\\\/\\\/secure.gravatar.com\\\/avatar\\\/d6f6bf4cc0de0867347e805c1ac591b2391954abfd993ed9c457f5564a7576ca?s=96&d=mm&r=g\",\"url\":\"https:\\\/\\\/secure.gravatar.com\\\/avatar\\\/d6f6bf4cc0de0867347e805c1ac591b2391954abfd993ed9c457f5564a7576ca?s=96&d=mm&r=g\",\"contentUrl\":\"https:\\\/\\\/secure.gravatar.com\\\/avatar\\\/d6f6bf4cc0de0867347e805c1ac591b2391954abfd993ed9c457f5564a7576ca?s=96&d=mm&r=g\",\"caption\":\"kulturamoldava\"},\"url\":\"https:\\\/\\\/kulturamoldava.sk\\\/hu\\\/author\\\/kulturamoldava\\\/\"}]}<\/script>\n<!-- \/ Yoast SEO plugin. -->","yoast_head_json":{"title":"Remeslo m\u00e1 zlat\u00e9 dno - pr\u00e1ca s hlinou - Mestsk\u00e9 kult\u00farne stredisko Moldava nad Bodvou","robots":{"index":"index","follow":"follow","max-snippet":"max-snippet:-1","max-image-preview":"max-image-preview:large","max-video-preview":"max-video-preview:-1"},"canonical":"https:\/\/kulturamoldava.sk\/hu\/remeslo-ma-zlate-dno-praca-s-hlinou\/","og_locale":"hu_HU","og_type":"article","og_title":"Remeslo m\u00e1 zlat\u00e9 dno - pr\u00e1ca s hlinou - Mestsk\u00e9 kult\u00farne stredisko Moldava nad Bodvou","og_description":"Remeslo m\u00e1 zlat\u00e9 dno Presved\u010dili sa o tom aj deti na workshope, ktor\u00e9 ok\u00fasili tvoriv\u00fa pr\u00e1cu s hlinou.V kov\u00e1\u010dskej vyhni...","og_url":"https:\/\/kulturamoldava.sk\/hu\/remeslo-ma-zlate-dno-praca-s-hlinou\/","og_site_name":"Mestsk\u00e9 kult\u00farne stredisko Moldava nad Bodvou","article_published_time":"2020-07-06T07:53:59+00:00","article_modified_time":"2020-07-06T08:15:27+00:00","og_image":[{"width":1600,"height":1200,"url":"https:\/\/kulturamoldava.sk\/wp-content\/uploads\/2020\/07\/TGIK5255.JPEG","type":"image\/jpeg"}],"author":"kulturamoldava","twitter_card":"summary_large_image","twitter_misc":{"Szerz\u0151:":"kulturamoldava","Becs\u00fclt olvas\u00e1si id\u0151":"1 perc"},"schema":{"@context":"https:\/\/schema.org","@graph":[{"@type":"Article","@id":"https:\/\/kulturamoldava.sk\/remeslo-ma-zlate-dno-praca-s-hlinou\/#article","isPartOf":{"@id":"https:\/\/kulturamoldava.sk\/remeslo-ma-zlate-dno-praca-s-hlinou\/"},"author":{"name":"kulturamoldava","@id":"https:\/\/kulturamoldava.sk\/#\/schema\/person\/8eef072de6f42a5fd024b6987a0745d6"},"headline":"Remeslo m\u00e1 zlat\u00e9 dno &#8211; pr\u00e1ca s hlinou","datePublished":"2020-07-06T07:53:59+00:00","dateModified":"2020-07-06T08:15:27+00:00","mainEntityOfPage":{"@id":"https:\/\/kulturamoldava.sk\/remeslo-ma-zlate-dno-praca-s-hlinou\/"},"wordCount":240,"image":{"@id":"https:\/\/kulturamoldava.sk\/remeslo-ma-zlate-dno-praca-s-hlinou\/#primaryimage"},"thumbnailUrl":"https:\/\/kulturamoldava.sk\/wp-content\/uploads\/2020\/07\/TGIK5255.JPEG","inLanguage":"hu"},{"@type":"WebPage","@id":"https:\/\/kulturamoldava.sk\/remeslo-ma-zlate-dno-praca-s-hlinou\/","url":"https:\/\/kulturamoldava.sk\/remeslo-ma-zlate-dno-praca-s-hlinou\/","name":"Remeslo m\u00e1 zlat\u00e9 dno - pr\u00e1ca s hlinou - Mestsk\u00e9 kult\u00farne stredisko Moldava nad Bodvou","isPartOf":{"@id":"https:\/\/kulturamoldava.sk\/#website"},"primaryImageOfPage":{"@id":"https:\/\/kulturamoldava.sk\/remeslo-ma-zlate-dno-praca-s-hlinou\/#primaryimage"},"image":{"@id":"https:\/\/kulturamoldava.sk\/remeslo-ma-zlate-dno-praca-s-hlinou\/#primaryimage"},"thumbnailUrl":"https:\/\/kulturamoldava.sk\/wp-content\/uploads\/2020\/07\/TGIK5255.JPEG","datePublished":"2020-07-06T07:53:59+00:00","dateModified":"2020-07-06T08:15:27+00:00","author":{"@id":"https:\/\/kulturamoldava.sk\/#\/schema\/person\/8eef072de6f42a5fd024b6987a0745d6"},"breadcrumb":{"@id":"https:\/\/kulturamoldava.sk\/remeslo-ma-zlate-dno-praca-s-hlinou\/#breadcrumb"},"inLanguage":"hu","potentialAction":[{"@type":"ReadAction","target":["https:\/\/kulturamoldava.sk\/remeslo-ma-zlate-dno-praca-s-hlinou\/"]}]},{"@type":"ImageObject","inLanguage":"hu","@id":"https:\/\/kulturamoldava.sk\/remeslo-ma-zlate-dno-praca-s-hlinou\/#primaryimage","url":"https:\/\/kulturamoldava.sk\/wp-content\/uploads\/2020\/07\/TGIK5255.JPEG","contentUrl":"https:\/\/kulturamoldava.sk\/wp-content\/uploads\/2020\/07\/TGIK5255.JPEG","width":1600,"height":1200},{"@type":"BreadcrumbList","@id":"https:\/\/kulturamoldava.sk\/remeslo-ma-zlate-dno-praca-s-hlinou\/#breadcrumb","itemListElement":[{"@type":"ListItem","position":1,"name":"Home","item":"https:\/\/kulturamoldava.sk\/"},{"@type":"ListItem","position":2,"name":"Remeslo m\u00e1 zlat\u00e9 dno &#8211; pr\u00e1ca s hlinou"}]},{"@type":"WebSite","@id":"https:\/\/kulturamoldava.sk\/#website","url":"https:\/\/kulturamoldava.sk\/","name":"Szepsi V\u00e1rosi M\u0171vel\u0151d\u00e9si K\u00f6zpont","description":"","potentialAction":[{"@type":"SearchAction","target":{"@type":"EntryPoint","urlTemplate":"https:\/\/kulturamoldava.sk\/?s={search_term_string}"},"query-input":{"@type":"PropertyValueSpecification","valueRequired":true,"valueName":"search_term_string"}}],"inLanguage":"hu"},{"@type":"Person","@id":"https:\/\/kulturamoldava.sk\/#\/schema\/person\/8eef072de6f42a5fd024b6987a0745d6","name":"kulturamoldava","image":{"@type":"ImageObject","inLanguage":"hu","@id":"https:\/\/secure.gravatar.com\/avatar\/d6f6bf4cc0de0867347e805c1ac591b2391954abfd993ed9c457f5564a7576ca?s=96&d=mm&r=g","url":"https:\/\/secure.gravatar.com\/avatar\/d6f6bf4cc0de0867347e805c1ac591b2391954abfd993ed9c457f5564a7576ca?s=96&d=mm&r=g","contentUrl":"https:\/\/secure.gravatar.com\/avatar\/d6f6bf4cc0de0867347e805c1ac591b2391954abfd993ed9c457f5564a7576ca?s=96&d=mm&r=g","caption":"kulturamoldava"},"url":"https:\/\/kulturamoldava.sk\/hu\/author\/kulturamoldava\/"}]}},"_links":{"self":[{"href":"https:\/\/kulturamoldava.sk\/hu\/wp-json\/wp\/v2\/posts\/23752","targetHints":{"allow":["GET"]}}],"collection":[{"href":"https:\/\/kulturamoldava.sk\/hu\/wp-json\/wp\/v2\/posts"}],"about":[{"href":"https:\/\/kulturamoldava.sk\/hu\/wp-json\/wp\/v2\/types\/post"}],"author":[{"embeddable":true,"href":"https:\/\/kulturamoldava.sk\/hu\/wp-json\/wp\/v2\/users\/1"}],"replies":[{"embeddable":true,"href":"https:\/\/kulturamoldava.sk\/hu\/wp-json\/wp\/v2\/comments?post=23752"}],"version-history":[{"count":2,"href":"https:\/\/kulturamoldava.sk\/hu\/wp-json\/wp\/v2\/posts\/23752\/revisions"}],"predecessor-version":[{"id":23759,"href":"https:\/\/kulturamoldava.sk\/hu\/wp-json\/wp\/v2\/posts\/23752\/revisions\/23759"}],"wp:featuredmedia":[{"embeddable":true,"href":"https:\/\/kulturamoldava.sk\/hu\/wp-json\/wp\/v2\/media\/23754"}],"wp:attachment":[{"href":"https:\/\/kulturamoldava.sk\/hu\/wp-json\/wp\/v2\/media?parent=23752"}],"wp:term":[{"taxonomy":"category","embeddable":true,"href":"https:\/\/kulturamoldava.sk\/hu\/wp-json\/wp\/v2\/categories?post=23752"},{"taxonomy":"post_tag","embeddable":true,"href":"https:\/\/kulturamoldava.sk\/hu\/wp-json\/wp\/v2\/tags?post=23752"}],"curies":[{"name":"wp","href":"https:\/\/api.w.org\/{rel}","templated":true}]}}